{"id":29411,"date":"2025-11-14T16:06:45","date_gmt":"2025-11-14T19:06:45","guid":{"rendered":"https:\/\/menesianosoy.org\/?p=29411"},"modified":"2025-11-17T06:03:07","modified_gmt":"2025-11-17T09:03:07","slug":"santos-roque-gonzalez-alfonso-rodriguez-y-juan-del-castillo","status":"publish","type":"post","link":"https:\/\/menesianosoy.org\/index.php\/2025\/11\/14\/santos-roque-gonzalez-alfonso-rodriguez-y-juan-del-castillo\/","title":{"rendered":"Santos Roque Gonz\u00e1lez, Alfonso Rodr\u00edguez y Juan del Castillo"},"content":{"rendered":"\n<h5 class=\"wp-block-heading has-text-align-left has-text-color has-link-color wp-elements-fa7f3370810fbf2ff13d2435ede8fe1e\" style=\"color:#5c1919\"><br><strong>1\u00ba Macabeos 1, 10-15.41-43.54-57.62-64<br>Salmo 118, 53.61.134.150.155.158<\/strong><\/h5>\n\n\n\n<h4 class=\"wp-block-heading has-text-align-left has-vivid-red-color has-text-color has-link-color wp-elements-76c60209b09cde943b2d5929a776493c\"><br><strong>Evangelio: Lucas 18, 35-43<\/strong><\/h4>\n\n\n\n<figure class=\"wp-block-audio\"><audio controls src=\"https:\/\/menesianosoy.org\/wp-content\/uploads\/2025\/11\/17-lunes.mp3\"><\/audio><\/figure>\n\n\n\n<p class=\"has-text-align-left\"><strong><em>Cuando se acercaba a Jeric\u00f3, un ciego estaba sentado al borde del camino, pidiendo limosna. Al o\u00edr que pasaba mucha gente, pregunt\u00f3 qu\u00e9 suced\u00eda. <br>Le respondieron que pasaba Jes\u00fas de Nazaret.<br>El ciego se puso a gritar: Jes\u00fas, Hijo de David, \u00a1ten compasi\u00f3n de m\u00ed!<br>Los que iban delante lo reprend\u00edan para que se callara, pero \u00e9l gritaba m\u00e1s fuerte: \u00a1Hijo de David, ten compasi\u00f3n de m\u00ed!<br>Jes\u00fas se detuvo y mand\u00f3 que se lo trajeran.<br>Cuando lo tuvo a su lado, le pregunt\u00f3: \u00bfQu\u00e9 quieres que haga por ti?<br>Se\u00f1or, que yo vea otra vez.<br>Y Jes\u00fas le dijo: Recupera la vista, tu fe te ha salvado.<br>En el mismo momento, el ciego recuper\u00f3 la vista y sigui\u00f3 a Jes\u00fas, glorificando a Dios.<br>Al ver esto, todo el pueblo alababa a Dios.<\/em><\/strong><\/p>\n\n\n\n<figure class=\"wp-block-image size-full is-resized\"><img loading=\"lazy\" decoding=\"async\" width=\"240\" height=\"210\" src=\"https:\/\/menesianosoy.org\/wp-content\/uploads\/2025\/11\/ciego.jpg\" alt=\"\" class=\"wp-image-29420\" style=\"width:432px;height:auto\"\/><\/figure>\n\n\n\n<p class=\"has-text-align-left\">El paso de Jes\u00fas es el \u00abpaso\u00bb de la pascua, el inicio de la liberaci\u00f3n. Cuando pasa Jes\u00fas, siempre hay liberaci\u00f3n, siempre hay salvaci\u00f3n. As\u00ed el ciego, sin dejarse atemorizar, grita m\u00e1s de una vez a Jes\u00fas reconoci\u00e9ndolo como el Hijo de David, el Mes\u00edas esperado que, seg\u00fan el profeta Isa\u00edas, abrir\u00eda los ojos a los ciegos.<br><br>A diferencia de la multitud, este ciego ve con los ojos de la fe. Al escucharlo, <em>\u00abJes\u00fas se detuvo, y mand\u00f3 que se lo trajeran\u00bb<\/em> Jes\u00fas&nbsp;quita al ciego del borde del camino y lo pone en el centro&nbsp;de la atenci\u00f3n de sus disc\u00edpulos y de la multitud.<br><br>Pensemos tambi\u00e9n nosotros, cuando hemos estado en situaciones complicadas, incluso en situaciones de pecado, como fue precisamente Jes\u00fas a tomarnos de la mano y a quitarnos del borde del camino para donarnos la salvaci\u00f3n.<br>Por nuestra vida pasa Jes\u00fas; y cuando pasa, es una invitaci\u00f3n a acercarme a \u00c9l, a ser m\u00e1s bueno, a ser un mejor cristiano, a seguirlo, a confiar.<br><br>Jes\u00fas se dirige al ciego y le pregunta: <em>\u00ab\u00bfQu\u00e9 quieres que haga?\u00bb<\/em>. El Hijo de Dios ahora est\u00e1 ante el ciego como un humilde siervo. \u00c9l, Jes\u00fas, Dios, dice: \u00ab\u00bfQu\u00e9 quieres que haga? \u00bfC\u00f3mo quieres que te sirva?\u00bb. Dios se hace siervo del hombre pecador.<br><br>El ciego pide poder ver de nuevo y su deseo es atendido: <em>\u00abRecobra la vista, tu fe te ha salvado<\/em>\u00bb. \u00c9l mostr\u00f3 su fe invocando a Jes\u00fas y queriendo encontrarse con \u00c9l de todos los modos posibles, y esto le dio como don la salvaci\u00f3n. Gracias a la fe ahora puede ver y, sobre todo, se siente amado por Jes\u00fas. Por ello el relato termina diciendo que el ciego \u00ablo segu\u00eda glorificando a Dios\u00bb as\u00ed&nbsp;se convierte en disc\u00edpulo. De mendigo a disc\u00edpulo.<br><br>Tambi\u00e9n este es nuestro camino: todos nosotros somos mendigos. Siempre tenemos necesidad de salvaci\u00f3n y debemos dar el paso: de mendigos a disc\u00edpulos. El ciego se pone en camino siguiendo al Se\u00f1or y entrando a formar parte de su comunidad. Aquel a quien quer\u00edan hacer callar, ahora testimonia a gran voz su encuentro con Jes\u00fas de Nazaret, y <em>\u00abtodo el pueblo, al verlo, alab\u00f3 a Dios<\/em>\u00bb.<br>Jes\u00fas derrama su misericordia sobre todos aquellos con los que se encuentra: los llama, hace que se acerquen a \u00c9l, los re\u00fane, los cura y los ilumina.<br>Dej\u00e9monos tambi\u00e9n nosotros llamar por Jes\u00fas, y dej\u00e9monos curar por Jes\u00fas, perdonar por Jes\u00fas, y sig\u00e1moslo alabando a Dios.<\/p>\n\n\n\n<h5 class=\"wp-block-heading has-text-align-left has-text-color has-link-color wp-elements-b37fd195e3be99669977918bf06b03ce\" style=\"color:#4a3062\"><br><strong>M\u00c1XIMA<br>Pidamos con fe viva<\/strong><\/h5>\n\n\n\n<h4 class=\"wp-block-heading has-text-align-left has-vivid-red-color has-text-color has-link-color wp-elements-21e72ba6ab8aac75548a19d39767613b\"><br><strong>Palabras de Juan Mar\u00eda de la Mennais<\/strong><\/h4>\n\n\n\n<p class=\"has-text-align-left\"><img loading=\"lazy\" decoding=\"async\" width=\"150\" height=\"165\" class=\"wp-image-21587\" style=\"width: 150px;\" src=\"https:\/\/menesianosoy.org\/wp-content\/uploads\/2025\/03\/JMLM.png\" alt=\"\" srcset=\"https:\/\/menesianosoy.org\/wp-content\/uploads\/2025\/03\/JMLM.png 330w, https:\/\/menesianosoy.org\/wp-content\/uploads\/2025\/03\/JMLM-273x300.png 273w\" sizes=\"auto, (max-width: 150px) 85vw, 150px\" \/><br><em>\u00c9l (Dios) no nos falla nunca; siempre est\u00e1 cerca de nosotros, para iluminarnos, consolarnos, fortalecernos. Si, pues, nos sentimos ciegos, afligidos y d\u00e9biles, es para que recurramos a \u00e9l con fe viva y con tierna confianza. (A Amable Chenu)<\/em><\/p>\n\n\n\n<h4 class=\"wp-block-heading has-text-align-left has-vivid-red-color has-text-color has-link-color wp-elements-1730129477cf3e7c6eaec7978707c214\"><br><strong>Bartimeo &#8211; Kala Bolivia<\/strong><\/h4>\n\n\n\n<figure class=\"wp-block-video\"><video controls src=\"https:\/\/menesianosoy.org\/wp-content\/uploads\/2025\/11\/Kala-Bolivia-Bartimeo.mp4\"><\/video><\/figure>\n\n\n\n<p class=\"has-text-align-left\">Al o\u00edr una multitud<br>que pasaba, \u00e9l pregunt\u00f3.<br>Le dijeron: Es el Se\u00f1or,<br>Jes\u00fas de Nazaret, que pasa por aqu\u00ed.<br><br>Bartimeo clama a gran voz:<br>\u00a1Ten misericordia de m\u00ed!<br>\u00a1Hijo de David, ten piedad!<br>Al o\u00edr suplicar el Se\u00f1or lo llamo.<br><br>\u00bfQu\u00e9 quieres que te haga?, \u00e9l pregunt\u00f3.<br>Se\u00f1or, quiero ver, respondi\u00f3.<br>Al instante vio al Salvador<br>y alabando al Se\u00f1or, le sigui\u00f3 a Jes\u00fas.<br><br>El mismo Jes\u00fas pasa hoy<br>para que puedas ver la luz<br>y salir de la oscuridad,<br>pues tendr\u00e1s libertad,<br>gozo y paz te dar\u00e1.<\/p>\n\n\n\n<p class=\"has-text-align-left has-vivid-purple-background-color has-background\"><\/p>\n\n\n\n<h5 class=\"wp-block-heading has-text-align-left has-small-font-size\"><img loading=\"lazy\" decoding=\"async\" width=\"150\" height=\"150\" class=\"wp-image-29424\" style=\"width: 150px;\" src=\"https:\/\/menesianosoy.org\/wp-content\/uploads\/2025\/11\/233_xvVYIE6s.jpg\" alt=\"\" srcset=\"https:\/\/menesianosoy.org\/wp-content\/uploads\/2025\/11\/233_xvVYIE6s.jpg 800w, https:\/\/menesianosoy.org\/wp-content\/uploads\/2025\/11\/233_xvVYIE6s-300x300.jpg 300w, https:\/\/menesianosoy.org\/wp-content\/uploads\/2025\/11\/233_xvVYIE6s-150x150.jpg 150w, https:\/\/menesianosoy.org\/wp-content\/uploads\/2025\/11\/233_xvVYIE6s-768x768.jpg 768w\" sizes=\"auto, (max-width: 150px) 85vw, 150px\" \/><br><strong>Santos Roque Gonz\u00e1lez, Alfonso Rodr\u00edguez y Juan del Castillo fueron 3 jesuitas espa\u00f1oles que dedicaron su vida a la evangelizaci\u00f3n de los pueblos ind\u00edgenas del actual Paraguay, Argentina y sur de Brasil durante los siglos XVI y XVII. Su misi\u00f3n se desarroll\u00f3 principalmente en las Reducciones Guaran\u00edes, un proyecto misionero que buscaba proteger a los ind\u00edgenas de los abusos coloniales y promover su desarrollo cultural, social y espiritual.<br>San Roque Gonz\u00e1lez de Santa Cruz (1576\u20131628) Nacido en Asunci\u00f3n, fue el primero en entrar a la Compa\u00f1\u00eda de Jes\u00fas. Fue un misionero creativo, cercano a los guaran\u00edes, profundamente respetuoso de su cultura. Fund\u00f3 varias reducciones como Concepci\u00f3n, Todos los Santos, San Nicol\u00e1s y Asunci\u00f3n del Iju\u00ed. Su capacidad para dialogar y su santidad personal lo convirtieron en l\u00edder natural entre los misioneros. Muri\u00f3 m\u00e1rtir en 1628 en Caibat\u00e9, asesinado durante una revuelta promovida por un l\u00edder ind\u00edgena hostil a las misiones.<br>San Alfonso Rodr\u00edguez Olmedo (1598\u20131628) Originario de Zamora (Espa\u00f1a), lleg\u00f3 joven a las misiones y trabaj\u00f3 junto a Roque Gonz\u00e1lez. Era conocido por su esp\u00edritu sereno, su humildad y su dedicaci\u00f3n al catecumenado de ni\u00f1os y adultos. Acompa\u00f1aba a Roque en la fundaci\u00f3n de nuevas reducciones. Fue asesinado el mismo d\u00eda que Roque, tambi\u00e9n en Caibat\u00e9, mientras predicaba.<\/strong><br><strong>San Juan del Castillo (1595\u20131628) Nacido en Belmonte (Espa\u00f1a) lleg\u00f3 a las misiones un tiempo despu\u00e9s que Roque y Alfonso, colaborando especialmente en las reducciones de Yapey\u00fa y Caar\u00f3. Cofue asesinado pocos d\u00edas despu\u00e9s que sus compa\u00f1eros. Los tres misioneros fueron canonizados por san Juan Pablo II en 1988<\/strong>.<\/h5>\n\n\n\n<p><\/p>\n","protected":false},"excerpt":{"rendered":"<p>1\u00ba Macabeos 1, 10-15.41-43.54-57.62-64Salmo 118, 53.61.134.150.155.158 Evangelio: Lucas 18, 35-43 Cuando se acercaba a Jeric\u00f3, un ciego estaba sentado al borde del camino, pidiendo limosna. Al o\u00edr que pasaba mucha gente, pregunt\u00f3 qu\u00e9 suced\u00eda. Le respondieron que pasaba Jes\u00fas de Nazaret.El ciego se puso a gritar: Jes\u00fas, Hijo de David, \u00a1ten compasi\u00f3n de m\u00ed!Los que &hellip; <a href=\"https:\/\/menesianosoy.org\/index.php\/2025\/11\/14\/santos-roque-gonzalez-alfonso-rodriguez-y-juan-del-castillo\/\" class=\"more-link\">Continue reading<span class=\"screen-reader-text\"> \u00abSantos Roque Gonz\u00e1lez, Alfonso Rodr\u00edguez y Juan del Castillo\u00bb<\/span><\/a><\/p>\n","protected":false},"author":3,"featured_media":0,"comment_status":"closed","ping_status":"closed","sticky":false,"template":"","format":"standard","meta":{"_acf_changed":false,"footnotes":""},"categories":[9],"tags":[],"class_list":["post-29411","post","type-post","status-publish","format-standard","hentry","category-evangelio"],"acf":[],"_links":{"self":[{"href":"https:\/\/menesianosoy.org\/index.php\/wp-json\/wp\/v2\/posts\/29411","targetHints":{"allow":["GET"]}}],"collection":[{"href":"https:\/\/menesianosoy.org\/index.php\/wp-json\/wp\/v2\/posts"}],"about":[{"href":"https:\/\/menesianosoy.org\/index.php\/wp-json\/wp\/v2\/types\/post"}],"author":[{"embeddable":true,"href":"https:\/\/menesianosoy.org\/index.php\/wp-json\/wp\/v2\/users\/3"}],"replies":[{"embeddable":true,"href":"https:\/\/menesianosoy.org\/index.php\/wp-json\/wp\/v2\/comments?post=29411"}],"version-history":[{"count":9,"href":"https:\/\/menesianosoy.org\/index.php\/wp-json\/wp\/v2\/posts\/29411\/revisions"}],"predecessor-version":[{"id":29550,"href":"https:\/\/menesianosoy.org\/index.php\/wp-json\/wp\/v2\/posts\/29411\/revisions\/29550"}],"wp:attachment":[{"href":"https:\/\/menesianosoy.org\/index.php\/wp-json\/wp\/v2\/media?parent=29411"}],"wp:term":[{"taxonomy":"category","embeddable":true,"href":"https:\/\/menesianosoy.org\/index.php\/wp-json\/wp\/v2\/categories?post=29411"},{"taxonomy":"post_tag","embeddable":true,"href":"https:\/\/menesianosoy.org\/index.php\/wp-json\/wp\/v2\/tags?post=29411"}],"curies":[{"name":"wp","href":"https:\/\/api.w.org\/{rel}","templated":true}]}}