{"id":29757,"date":"2025-11-26T16:16:44","date_gmt":"2025-11-26T19:16:44","guid":{"rendered":"https:\/\/menesianosoy.org\/?p=29757"},"modified":"2025-11-26T16:22:55","modified_gmt":"2025-11-26T19:22:55","slug":"santa-catalina-maria-laboure-2","status":"publish","type":"post","link":"https:\/\/menesianosoy.org\/index.php\/2025\/11\/26\/santa-catalina-maria-laboure-2\/","title":{"rendered":"Santa Catalina Mar\u00eda Labour\u00e9"},"content":{"rendered":"\n<h4 class=\"wp-block-heading has-text-align-left has-vivid-red-color has-text-color has-link-color wp-elements-0d3bba1292b8030bef905a45afd13c8e\"><br><strong>Oraci\u00f3n<\/strong><\/h4>\n\n\n\n<p class=\"has-text-align-left\"><strong><em>Se\u00f1or, que has dicho:<br>Dejen que los ni\u00f1os vengan a M\u00ed.<br>T\u00fa me has inspirado el deseo<br>de dedicar mi vida<br>a los ni\u00f1os y j\u00f3venes<br>para llevarlos a Ti.<br>D\u00edgnate bendecir mi vocaci\u00f3n,<br>as\u00edsteme en mis trabajos de hoy,<br>derrama sobre m\u00ed,<br>sobre todos mis hermanos<br>y sobre todos los que trabajamos<br>en esta obra educativa,<br>el esp\u00edritu de fortaleza,<br>de caridad y de humildad,<br>para que nada nos aparte<br>de tu servicio.<br>Haz que hoy cumpla con celo<br>el ministerio educativo<br>al que me has consagrado.<br>Hazme perseverar hasta el fin<br>para alcanzar as\u00ed<br>la salvaci\u00f3n que nos<br>has prometido. Am\u00e9n<\/em><\/strong><\/p>\n\n\n\n<h4 class=\"wp-block-heading has-text-align-left has-vivid-red-color has-text-color has-link-color wp-elements-7da3bca34a347a9a76818a98ead1c34e\"><br><strong>Intenciones<\/strong> <\/h4>\n\n\n\n<ul class=\"wp-block-list\">\n<li>Por las vocaciones en la Iglesia.<\/li>\n\n\n\n<li>Por los menesianos, las obras y las nuevas vocaciones de la provincia Nuestra Se\u00f1ora del Pilar de Espa\u00f1a.<\/li>\n\n\n\n<li>Por los enfermos y discapacitados de nuestros centros educativos.<\/li>\n\n\n\n<li>Por la familia menesiana de San Borja y la de Berrio-Otxoa.<\/li>\n\n\n\n<li>Por la comunidad de Kirambo (Ruanda).<\/li>\n\n\n\n<li>Por las ONG que con sus aportes hacen posible que muchas de nuestras obras puedan cumplir con su misi\u00f3n.<\/li>\n<\/ul>\n\n\n\n<h4 class=\"wp-block-heading has-text-align-left has-vivid-red-color has-text-color has-link-color wp-elements-0beafb17f6c8f2a0b1d4dcd481d4f43a\"><br><strong>Nueva Regla de Vida n\u00ba 181<\/strong><\/h4>\n\n\n\n<p class=\"has-text-align-left\">El Hermano Superior Mayor, con la ayuda de su Consejo, es responsable de la gesti\u00f3n material y financiera de la Provincia o del Distrito; conf\u00eda esta tarea a un Ec\u00f3nomo que puede ser ayudado por profesionales competentes.<br>Guiado en la administraci\u00f3n de los bienes por el esp\u00edritu evang\u00e9lico de pobreza, y atento a una adaptaci\u00f3n bien entendida, se esfuerza por responder a las necesidades de las comunidades y de las obras; cuida de que los recursos se compartan fraternalmente.<\/p>\n\n\n\n<h4 class=\"wp-block-heading has-text-align-left has-vivid-red-color has-text-color has-link-color wp-elements-b3336141ad7a0ae355842a42575952c8\"><br><strong>Al Hno. \u00c9tienne-Marie Melenfant, 9 de enero de 1853<\/strong><\/h4>\n\n\n\n<p class=\"has-text-align-left\"><em>\u00c1mense los unos a los otros; vivan juntos en una perfecta uni\u00f3n; no tengan m\u00e1s que un solo coraz\u00f3n y una sola alma.<\/em><\/p>\n\n\n\n<h4 class=\"wp-block-heading has-text-align-left has-vivid-red-color has-text-color has-link-color wp-elements-1cd4b724fdd0ffc35884cb45183847cc\"><br><strong>Difuntos<\/strong><\/h4>\n\n\n\n<p class=\"has-text-align-left\">1970: Ren\u00e9 Poitras (Adrien-Joseph)<br>1998: Jean-Luc Hudon<br>1999: \u00c9mile Podeur<br>2001: Joseph Corniquel (Achille-Eug\u00e8ne)<br>2009: Fran\u00e7ois Marcel Le Pape. (Pascal-Eug\u00e8ne)<\/p>\n","protected":false},"excerpt":{"rendered":"<p>Oraci\u00f3n Se\u00f1or, que has dicho:Dejen que los ni\u00f1os vengan a M\u00ed.T\u00fa me has inspirado el deseode dedicar mi vidaa los ni\u00f1os y j\u00f3venespara llevarlos a Ti.D\u00edgnate bendecir mi vocaci\u00f3n,as\u00edsteme en mis trabajos de hoy,derrama sobre m\u00ed,sobre todos mis hermanosy sobre todos los que trabajamosen esta obra educativa,el esp\u00edritu de fortaleza,de caridad y de humildad,para que &hellip; <a href=\"https:\/\/menesianosoy.org\/index.php\/2025\/11\/26\/santa-catalina-maria-laboure-2\/\" class=\"more-link\">Continue reading<span class=\"screen-reader-text\"> \u00abSanta Catalina Mar\u00eda Labour\u00e9\u00bb<\/span><\/a><\/p>\n","protected":false},"author":3,"featured_media":0,"comment_status":"closed","ping_status":"closed","sticky":false,"template":"","format":"standard","meta":{"_acf_changed":false,"footnotes":""},"categories":[3],"tags":[],"class_list":["post-29757","post","type-post","status-publish","format-standard","hentry","category-calendario"],"acf":[],"_links":{"self":[{"href":"https:\/\/menesianosoy.org\/index.php\/wp-json\/wp\/v2\/posts\/29757","targetHints":{"allow":["GET"]}}],"collection":[{"href":"https:\/\/menesianosoy.org\/index.php\/wp-json\/wp\/v2\/posts"}],"about":[{"href":"https:\/\/menesianosoy.org\/index.php\/wp-json\/wp\/v2\/types\/post"}],"author":[{"embeddable":true,"href":"https:\/\/menesianosoy.org\/index.php\/wp-json\/wp\/v2\/users\/3"}],"replies":[{"embeddable":true,"href":"https:\/\/menesianosoy.org\/index.php\/wp-json\/wp\/v2\/comments?post=29757"}],"version-history":[{"count":4,"href":"https:\/\/menesianosoy.org\/index.php\/wp-json\/wp\/v2\/posts\/29757\/revisions"}],"predecessor-version":[{"id":29763,"href":"https:\/\/menesianosoy.org\/index.php\/wp-json\/wp\/v2\/posts\/29757\/revisions\/29763"}],"wp:attachment":[{"href":"https:\/\/menesianosoy.org\/index.php\/wp-json\/wp\/v2\/media?parent=29757"}],"wp:term":[{"taxonomy":"category","embeddable":true,"href":"https:\/\/menesianosoy.org\/index.php\/wp-json\/wp\/v2\/categories?post=29757"},{"taxonomy":"post_tag","embeddable":true,"href":"https:\/\/menesianosoy.org\/index.php\/wp-json\/wp\/v2\/tags?post=29757"}],"curies":[{"name":"wp","href":"https:\/\/api.w.org\/{rel}","templated":true}]}}