{"id":29765,"date":"2025-11-26T16:26:50","date_gmt":"2025-11-26T19:26:50","guid":{"rendered":"https:\/\/menesianosoy.org\/?p=29765"},"modified":"2025-11-28T20:31:24","modified_gmt":"2025-11-28T23:31:24","slug":"san-saturnino","status":"publish","type":"post","link":"https:\/\/menesianosoy.org\/index.php\/2025\/11\/26\/san-saturnino\/","title":{"rendered":"San Saturnino"},"content":{"rendered":"\n<h5 class=\"wp-block-heading has-text-align-left has-text-color has-link-color wp-elements-be6c500de927dd739d67514b34661563\" style=\"color:#701818\"><br>Daniel 7, 15-27<br>Daniel 3, 82-87 (Salmo)<\/h5>\n\n\n\n<h4 class=\"wp-block-heading has-text-align-left has-vivid-red-color has-text-color has-link-color wp-elements-a2b38a57913658eeab3953d6f3223800\"><br><strong>Evangelio: Lucas 21, 34-36<\/strong><\/h4>\n\n\n\n<figure class=\"wp-block-audio\"><audio controls src=\"https:\/\/menesianosoy.org\/wp-content\/uploads\/2025\/11\/29-sabado.mp3\"><\/audio><\/figure>\n\n\n\n<p class=\"has-text-align-left\"><strong><em>Jes\u00fas hablaba a sus disc\u00edpulos de su venida:<br>Tengan cuidado de no dejarse aturdir por los excesos, la embriaguez y las preocupaciones de la vida, para que ese d\u00eda no caiga de improviso sobre ustedes como una trampa, porque sobrevendr\u00e1 a todos los hombres en toda la tierra.<br>Est\u00e9n prevenidos y oren incesantemente, para quedar a salvo de todo lo que ha de ocurrir. As\u00ed podr\u00e1n comparecer seguros ante del Hijo del hombre.<\/em><\/strong><\/p>\n\n\n\n<figure class=\"wp-block-image size-full is-resized\"><img loading=\"lazy\" decoding=\"async\" width=\"242\" height=\"208\" src=\"https:\/\/menesianosoy.org\/wp-content\/uploads\/2025\/11\/images-4.jpg\" alt=\"\" class=\"wp-image-29851\" style=\"width:391px;height:auto\"\/><\/figure>\n\n\n\n<p class=\"has-text-align-left\">Lo \u00faltimo que Jes\u00fas les dice a sus disc\u00edpulos y a quienes creen en lo que \u00e9l dijo, es que se cuiden, con vigilancia y oraci\u00f3n, para que no se les \u201cembote la mente\u201d. Propiamente, lo que dice Jes\u00fas es que no dejen que les opriman o se les sobrecargue los corazones. Todos, en efecto, tenemos peligro de pasar por situaciones o, lo que es peor, orientar nuestra vida de forma que el coraz\u00f3n se embote. Y cuando el coraz\u00f3n se embota, con ello la mente se incapacita para ver lo que realmente nos ocurre. Nada influye tanto en la mente como los afectos y los sentimientos que ocupan y cargan el coraz\u00f3n. Cada ser humano es lo que son sus afectos. La afectividad es la fuerza interior que dirige nuestras vidas.<br><br>Pero Jes\u00fas dice m\u00e1s. Lo que embota el coraz\u00f3n y la mente es la postura, la opci\u00f3n fundamental, del que solo piensa en s\u00ed, en su propio bienestar y disfrute de la vida, de los placeres y del dinero que los puede costear. De sobra sabemos que eso nos incapacita para vernos por dentro, y para ver lo que realmente nos conviene. De eso es lo que Jes\u00fas no previene. Porque un individuo que va as\u00ed por la vida es un peligro para s\u00ed mismo y para todo el que se roce con \u00e9l.<br><br>Si Jes\u00fas dice esto, no es para amargarnos la vida. Ni para reprimir lo que nos hace felices. El problema est\u00e1 en distinguir con cuidado que una cosa es la diversi\u00f3n y otra la fiesta. En la fiesta compartimos la felicidad. En la diversi\u00f3n alimentamos el burdo ego\u00edsmo del que solo piensa en s\u00ed. Y eso es lo que embota el coraz\u00f3n y la mente, y lo que nos impide ver lo que realmente ocurre en la vida, en el mundo, en la sociedad y en la Iglesia. De ah\u00ed, la importancia que tiene estas palabras de Jes\u00fas al cierre del a\u00f1o lit\u00fargico.<\/p>\n\n\n\n<h4 class=\"wp-block-heading has-text-align-left has-vivid-red-color has-text-color has-link-color wp-elements-21e72ba6ab8aac75548a19d39767613b\"><br><strong>Palabras de Juan Mar\u00eda de la Mennais<\/strong><\/h4>\n\n\n\n<p class=\"has-text-align-left\"><img loading=\"lazy\" decoding=\"async\" width=\"150\" height=\"177\" class=\"wp-image-16108\" style=\"width: 150px;\" src=\"https:\/\/menesianosoy.org\/wp-content\/uploads\/2024\/09\/John-Mary.png\" alt=\"\" srcset=\"https:\/\/menesianosoy.org\/wp-content\/uploads\/2024\/09\/John-Mary.png 450w, https:\/\/menesianosoy.org\/wp-content\/uploads\/2024\/09\/John-Mary-255x300.png 255w\" sizes=\"auto, (max-width: 150px) 85vw, 150px\" \/><br><em>Todos ustedes desean, hijos m\u00edos, ser admitidos un d\u00eda en el reino de Dios y saborear eternamente la felicidad que \u00e9l prepara para sus elegidos. Vengo a mostrarles hoy el camino que conduce a ese final feliz que desean alcanzar. Vengo a mostrarles a Jesucristo marchando primero por la ruta que \u00c9l nos ha abierto&#8230; si quieren estar asociados a su gloria, es necesario que compartan sus oprobios y sus dolores. (Sobre el sufrimiento, S. VI, 1990)&nbsp;&nbsp;<\/em>&nbsp;<\/p>\n\n\n\n<h4 class=\"wp-block-heading has-text-align-left has-vivid-red-color has-text-color has-link-color wp-elements-f40ca61e77a7e98ae898d71128a8435e\"><br><strong>Un hurac\u00e1n &#8211; Hakuna<\/strong><\/h4>\n\n\n\n<figure class=\"wp-block-embed is-type-video is-provider-youtube wp-block-embed-youtube wp-embed-aspect-16-9 wp-has-aspect-ratio\"><div class=\"wp-block-embed__wrapper\">\n<iframe loading=\"lazy\" title=\"HURAC\u00c1N (letra) | Hakuna | M\u00daSICA CAT\u00d3LICA\" width=\"1140\" height=\"641\" src=\"https:\/\/www.youtube.com\/embed\/nYI5XQhEENE?feature=oembed\" frameborder=\"0\" allow=\"accelerometer; autoplay; clipboard-write; encrypted-media; gyroscope; picture-in-picture; web-share\" referrerpolicy=\"strict-origin-when-cross-origin\" allowfullscreen><\/iframe>\n<\/div><\/figure>\n\n\n\n<p class=\"has-text-align-left\">Me he hecho tantas preguntas<br>intentando entender.<br>Me he lanzado a buscarte<br>sin saberte ver.<br>Me he asomado al abismo.<br>Me he atrevido a saltar y caer.<br><br>Y un hurac\u00e1n<br>romper\u00e1 el cielo desde mi garganta,<br>grit\u00e1ndote:<br>\u00bfd\u00f3nde est\u00e1s cuando me haces falta?<br><br>Y me han dado respuestas,<br>pero no s\u00e9 qu\u00e9 hacer.<br>He prometido seguirte<br>sin entender.<br><br>Y hay un eco en lo hondo<br>que me empuja hacia ti,<br>y aunque sea sin sentirte<br>te buscar\u00e9.<br><br>Y un hurac\u00e1n<br>romper\u00e1 el cielo desde mi garganta<br>grit\u00e1ndote:<br>\u00bfd\u00f3nde est\u00e1s cuando me haces falta?<br><br>Estoy aqu\u00ed en el silencio.<br>Estoy aqu\u00ed en este viento.<br>Estoy aqu\u00ed, soy este trozo de pan.<br><br>Estoy aqu\u00ed en tu lamento.<br>Estoy aqu\u00ed en este eco.<br>Estoy aqu\u00ed, soy este trozo de pan.<br><br>Y un hurac\u00e1n<br>romper\u00e1 el cielo desde mi garganta<br>grit\u00e1ndote:<br>\u00bfd\u00f3nde est\u00e1s cuando me haces falta?<br><br>Estoy aqu\u00ed &#8211; (y un hurac\u00e1n)<br>(romper\u00e1 el cielo desde mi garganta)<br>estoy aqu\u00ed, Estoy aqu\u00ed (grit\u00e1ndote)<br>soy este trozo de pan.<br><br>Y tu hurac\u00e1n<br>romper\u00e1 el cielo desde mi garganta,<br>grit\u00e1ndome: \u00a1Cu\u00e1nto me haces falta!<\/p>\n\n\n\n<p class=\"has-vivid-purple-background-color has-background\"><\/p>\n\n\n\n<h5 class=\"wp-block-heading has-text-align-left has-small-font-size\"><img loading=\"lazy\" decoding=\"async\" width=\"150\" height=\"224\" class=\"wp-image-29770\" style=\"width: 150px;\" src=\"https:\/\/menesianosoy.org\/wp-content\/uploads\/2025\/11\/LsqWZM8qY_720x0__1.jpg\" alt=\"\" srcset=\"https:\/\/menesianosoy.org\/wp-content\/uploads\/2025\/11\/LsqWZM8qY_720x0__1.jpg 720w, https:\/\/menesianosoy.org\/wp-content\/uploads\/2025\/11\/LsqWZM8qY_720x0__1-201x300.jpg 201w, https:\/\/menesianosoy.org\/wp-content\/uploads\/2025\/11\/LsqWZM8qY_720x0__1-685x1024.jpg 685w\" sizes=\"auto, (max-width: 150px) 85vw, 150px\" \/><br><strong>San SATURNINO fue un obispo y m\u00e1rtir del siglo III, considerado uno de los primeros evangelizadores del sur de Francia y del norte de Espa\u00f1a. Naci\u00f3 probablemente en Grecia o en \u00c1frica y fue enviado como misionero a la regi\u00f3n de la Galia para anunciar el Evangelio, en un tiempo en que el cristianismo era perseguido por el Imperio Romano.<br>Se estableci\u00f3 en Toulouse, donde comenz\u00f3 a predicar con gran valor y fervor. Su anuncio de Cristo atrajo a muchos conversos, pero tambi\u00e9n provoc\u00f3 la oposici\u00f3n de los paganos, ya que su predicaci\u00f3n hac\u00eda disminuir el culto a los \u00eddolos. Fue elegido primer obispo de Toulouse y fund\u00f3 una peque\u00f1a comunidad cristiana.<br>Su martirio ocurri\u00f3 hacia el a\u00f1o 250. Los sacerdotes paganos lo acusaron de impedir que los \u00eddolos hablaran y de ofender a los dioses. Lo capturaron y, en un acto cruel, lo ataron por los pies a un toro para que lo arrastrara por las calles hasta morir. Saturnino es recordado como un misionero valiente, un pastor fiel y un m\u00e1rtir de la fe.<\/strong><\/h5>\n","protected":false},"excerpt":{"rendered":"<p>Daniel 7, 15-27Daniel 3, 82-87 (Salmo) Evangelio: Lucas 21, 34-36 Jes\u00fas hablaba a sus disc\u00edpulos de su venida:Tengan cuidado de no dejarse aturdir por los excesos, la embriaguez y las preocupaciones de la vida, para que ese d\u00eda no caiga de improviso sobre ustedes como una trampa, porque sobrevendr\u00e1 a todos los hombres en toda &hellip; <a href=\"https:\/\/menesianosoy.org\/index.php\/2025\/11\/26\/san-saturnino\/\" class=\"more-link\">Continue reading<span class=\"screen-reader-text\"> \u00abSan Saturnino\u00bb<\/span><\/a><\/p>\n","protected":false},"author":3,"featured_media":0,"comment_status":"closed","ping_status":"closed","sticky":false,"template":"","format":"standard","meta":{"_acf_changed":false,"footnotes":""},"categories":[9],"tags":[],"class_list":["post-29765","post","type-post","status-publish","format-standard","hentry","category-evangelio"],"acf":[],"_links":{"self":[{"href":"https:\/\/menesianosoy.org\/index.php\/wp-json\/wp\/v2\/posts\/29765","targetHints":{"allow":["GET"]}}],"collection":[{"href":"https:\/\/menesianosoy.org\/index.php\/wp-json\/wp\/v2\/posts"}],"about":[{"href":"https:\/\/menesianosoy.org\/index.php\/wp-json\/wp\/v2\/types\/post"}],"author":[{"embeddable":true,"href":"https:\/\/menesianosoy.org\/index.php\/wp-json\/wp\/v2\/users\/3"}],"replies":[{"embeddable":true,"href":"https:\/\/menesianosoy.org\/index.php\/wp-json\/wp\/v2\/comments?post=29765"}],"version-history":[{"count":10,"href":"https:\/\/menesianosoy.org\/index.php\/wp-json\/wp\/v2\/posts\/29765\/revisions"}],"predecessor-version":[{"id":29852,"href":"https:\/\/menesianosoy.org\/index.php\/wp-json\/wp\/v2\/posts\/29765\/revisions\/29852"}],"wp:attachment":[{"href":"https:\/\/menesianosoy.org\/index.php\/wp-json\/wp\/v2\/media?parent=29765"}],"wp:term":[{"taxonomy":"category","embeddable":true,"href":"https:\/\/menesianosoy.org\/index.php\/wp-json\/wp\/v2\/categories?post=29765"},{"taxonomy":"post_tag","embeddable":true,"href":"https:\/\/menesianosoy.org\/index.php\/wp-json\/wp\/v2\/tags?post=29765"}],"curies":[{"name":"wp","href":"https:\/\/api.w.org\/{rel}","templated":true}]}}