{"id":30033,"date":"2025-12-04T16:47:10","date_gmt":"2025-12-04T19:47:10","guid":{"rendered":"https:\/\/menesianosoy.org\/?p=30033"},"modified":"2025-12-06T21:42:38","modified_gmt":"2025-12-07T00:42:38","slug":"2o-domingo-de-adviento-6","status":"publish","type":"post","link":"https:\/\/menesianosoy.org\/index.php\/2025\/12\/04\/2o-domingo-de-adviento-6\/","title":{"rendered":"2\u00ba Domingo de Adviento"},"content":{"rendered":"\n<h4 class=\"wp-block-heading has-text-align-left has-vivid-red-color has-text-color has-link-color wp-elements-0d3bba1292b8030bef905a45afd13c8e\"><br><strong>Oraci\u00f3n<\/strong><\/h4>\n\n\n\n<p class=\"has-text-align-left\"><strong><em>Se\u00f1or Jes\u00fas, al comenzar el d\u00eda,<br>te ofrecemos nuestra vida entera.<br>Que el amor fraterno reine entre todos<br>los que formamos comunidad.<br>Que cada uno se sienta feliz<br>con la alegr\u00eda de los dem\u00e1s,<br>y sufra con sus penas.<br>Que todos nos prestemos ayuda mutua<br>para ir a Dios y realizar su obra cada d\u00eda.<br>Que no existan jam\u00e1s entre nosotros<br>ni contiendas ni rivalidades,<br>ni secretas envidias, ni palabras duras.<br>Aparta de nosotros, Se\u00f1or, todo lo que hiere,<br>todo lo que divide,<br>todo lo que altera la caridad.<br>Haz, Se\u00f1or, que hoy y siempre<br>intentemos ayudarnos<br>unos a otros a ser santos.<br>Que todos vivamos hoy con dulzura,<br>paciencia, humildad<br>y fidelidad a tu Palabra.<br>(Regla de 1835)<\/em><\/strong><\/p>\n\n\n\n<h4 class=\"wp-block-heading has-text-align-left has-vivid-red-color has-text-color has-link-color wp-elements-7deb30c5a46c2fe0af76f92c82f8d39a\"><br><strong>Intenciones<\/strong><\/h4>\n\n\n\n<ul class=\"wp-block-list\">\n<li>Por los menesianos, hermanos y laicos, para que, como Juan, preparen el camino del Se\u00f1or.<\/li>\n\n\n\n<li>Por los menesianos, las obras y las nuevas vocaciones de la provincia San Miguel Arc\u00e1ngel (Kenia &#8211; Tanzania).<\/li>\n\n\n\n<li>Por la familia menesiana del colegio Teodelina de Villa G. G\u00e1lvez&nbsp; y la de Berrio-Otxoa.&nbsp;&nbsp;&nbsp;<\/li>\n\n\n\n<li>Por los enfermos y discapacitados de nuestros centros educativos.<\/li>\n\n\n\n<li>Por la comunidad de Bukuumi (Uganda).<\/li>\n\n\n\n<li>Por las vocaciones de todo tipo en la Iglesia.<\/li>\n<\/ul>\n\n\n\n<h4 class=\"wp-block-heading has-text-align-left has-vivid-red-color has-text-color has-link-color wp-elements-a89e853d92aee0963d02d0a24fa76dbd\"><br><strong>Nueva Regla de Vida n\u00ba 193b<\/strong><\/h4>\n\n\n\n<p class=\"has-text-align-left\">Los miembros de derecho del Cap\u00edtulo General son:<br>\u2022 El Hermano Superior General y los Hermanos Asistentes.<br>\u2022 El antiguo Hermano Superior General durante los seis a\u00f1os siguientes a su mandato.<br>\u2022 Los Hermanos Superiores Mayores.<br>Los miembros elegidos deben ser profesos perpetuos. Son siempre m\u00e1s numerosos que los miembros de derecho.&nbsp;<\/p>\n\n\n\n<h4 class=\"wp-block-heading has-text-align-left has-vivid-red-color has-text-color has-link-color wp-elements-576cbd6a9db3a0f9b462bba5e0364b82\"><br><strong>Al Hno. Hno Ambrosio Le Haiget, 7 de abril de 1838<\/strong><\/h4>\n\n\n\n<p class=\"has-text-align-left\"><em>Rechaza todo pensamiento de malhumor y reanima sin cesar el esp\u00edritu de fe por la meditaci\u00f3n y la oraci\u00f3n.<\/em><\/p>\n\n\n\n<h4 class=\"wp-block-heading has-text-align-left has-vivid-red-color has-text-color has-link-color wp-elements-1cd4b724fdd0ffc35884cb45183847cc\"><br><strong>Difuntos<\/strong><\/h4>\n\n\n\n<p class=\"has-text-align-left\">1965: Exup\u00e8re Moal<br>1982: Ren\u00e9 Laframboise (Roger)<br>1986: Robert Gagn\u00e9 (Isidore-Fran\u00e7ois)<br>1996: <strong>Luis Rodr\u00edguez Chaves (Alfonso)<\/strong>: Naci\u00f3 en M\u00e9jico en 1916. Muri\u00f3 en Nanclares<br>1999: Alphonse Bourse (Armel)<br>2019: Daniel Bouche<br>2020: Peter Peter Lyimo.<\/p>\n","protected":false},"excerpt":{"rendered":"<p>Oraci\u00f3n Se\u00f1or Jes\u00fas, al comenzar el d\u00eda,te ofrecemos nuestra vida entera.Que el amor fraterno reine entre todoslos que formamos comunidad.Que cada uno se sienta felizcon la alegr\u00eda de los dem\u00e1s,y sufra con sus penas.Que todos nos prestemos ayuda mutuapara ir a Dios y realizar su obra cada d\u00eda.Que no existan jam\u00e1s entre nosotrosni contiendas ni &hellip; <a href=\"https:\/\/menesianosoy.org\/index.php\/2025\/12\/04\/2o-domingo-de-adviento-6\/\" class=\"more-link\">Continue reading<span class=\"screen-reader-text\"> \u00ab2\u00ba Domingo de Adviento\u00bb<\/span><\/a><\/p>\n","protected":false},"author":3,"featured_media":0,"comment_status":"closed","ping_status":"closed","sticky":false,"template":"","format":"standard","meta":{"_acf_changed":false,"footnotes":""},"categories":[3],"tags":[],"class_list":["post-30033","post","type-post","status-publish","format-standard","hentry","category-calendario"],"acf":[],"_links":{"self":[{"href":"https:\/\/menesianosoy.org\/index.php\/wp-json\/wp\/v2\/posts\/30033","targetHints":{"allow":["GET"]}}],"collection":[{"href":"https:\/\/menesianosoy.org\/index.php\/wp-json\/wp\/v2\/posts"}],"about":[{"href":"https:\/\/menesianosoy.org\/index.php\/wp-json\/wp\/v2\/types\/post"}],"author":[{"embeddable":true,"href":"https:\/\/menesianosoy.org\/index.php\/wp-json\/wp\/v2\/users\/3"}],"replies":[{"embeddable":true,"href":"https:\/\/menesianosoy.org\/index.php\/wp-json\/wp\/v2\/comments?post=30033"}],"version-history":[{"count":5,"href":"https:\/\/menesianosoy.org\/index.php\/wp-json\/wp\/v2\/posts\/30033\/revisions"}],"predecessor-version":[{"id":30051,"href":"https:\/\/menesianosoy.org\/index.php\/wp-json\/wp\/v2\/posts\/30033\/revisions\/30051"}],"wp:attachment":[{"href":"https:\/\/menesianosoy.org\/index.php\/wp-json\/wp\/v2\/media?parent=30033"}],"wp:term":[{"taxonomy":"category","embeddable":true,"href":"https:\/\/menesianosoy.org\/index.php\/wp-json\/wp\/v2\/categories?post=30033"},{"taxonomy":"post_tag","embeddable":true,"href":"https:\/\/menesianosoy.org\/index.php\/wp-json\/wp\/v2\/tags?post=30033"}],"curies":[{"name":"wp","href":"https:\/\/api.w.org\/{rel}","templated":true}]}}