{"id":30188,"date":"2025-12-09T16:57:42","date_gmt":"2025-12-09T19:57:42","guid":{"rendered":"https:\/\/menesianosoy.org\/?p=30188"},"modified":"2025-12-13T09:43:13","modified_gmt":"2025-12-13T12:43:13","slug":"santa-lucia-5","status":"publish","type":"post","link":"https:\/\/menesianosoy.org\/index.php\/2025\/12\/09\/santa-lucia-5\/","title":{"rendered":"Santa Luc\u00eda"},"content":{"rendered":"\n<h5 class=\"wp-block-heading has-text-align-left has-text-color has-link-color wp-elements-e35db4df2fdd3d1732dd5e2875934a53\" style=\"color:#622323\"><strong>Eclesi\u00e1stico 48, 1-4.9-11<br>Salmo 79, 2ac.3b.15-16.18-1<\/strong>9<\/h5>\n\n\n\n<h4 class=\"wp-block-heading has-text-align-left has-vivid-red-color has-text-color has-link-color wp-elements-6058fcea8ce1b4094bfc91103151cafc\"><br><strong>Evangelio: Mateo 17, 10-13<\/strong><\/h4>\n\n\n\n<figure class=\"wp-block-audio\"><audio controls src=\"https:\/\/menesianosoy.org\/wp-content\/uploads\/2025\/12\/luvvoice.com-20251213-TEW4Is.mp3\"><\/audio><\/figure>\n\n\n\n<p class=\"has-text-align-left\"><em><strong>Los disc\u00edpulos le preguntaron: \u00bfPor qu\u00e9 dicen los escribas que primero debe venir El\u00edas?<br>El respondi\u00f3: S\u00ed, El\u00edas debe venir a poner en orden todas las cosas; pero les aseguro que El\u00edas ya ha venido, y no lo han reconocido, sino que hicieron con \u00e9l lo que quisieron.<br>Y tambi\u00e9n har\u00e1n padecer al Hijo del hombre.<br>Los disc\u00edpulos comprendieron entonces que Jes\u00fas se refer\u00eda a Juan el Bautista.<\/strong><\/em><\/p>\n\n\n\n<figure class=\"wp-block-image size-full\"><img loading=\"lazy\" decoding=\"async\" width=\"348\" height=\"459\" src=\"https:\/\/menesianosoy.org\/wp-content\/uploads\/2025\/12\/F612FD23-8A35-4EA6-A7EF-62E2A0077877.jpeg\" alt=\"\" class=\"wp-image-30209\" srcset=\"https:\/\/menesianosoy.org\/wp-content\/uploads\/2025\/12\/F612FD23-8A35-4EA6-A7EF-62E2A0077877.jpeg 348w, https:\/\/menesianosoy.org\/wp-content\/uploads\/2025\/12\/F612FD23-8A35-4EA6-A7EF-62E2A0077877-227x300.jpeg 227w\" sizes=\"auto, (max-width: 348px) 85vw, 348px\" \/><\/figure>\n\n\n\n<p class=\"has-text-align-left\">Este di\u00e1logo de Jes\u00fas con sus disc\u00edpulos ocurri\u00f3 al bajar del monte de la transfiguraci\u00f3n (Mt17,1-13). En aquel monte, junto a Mois\u00e9s, los disc\u00edpulos hab\u00edan visto al profeta El\u00edas (Mt 17,4).&nbsp; Este profeta ten\u00eda una importancia singular en el juda\u00edsmo del tiempo de Jes\u00fas, porque se pensaba que El\u00edas estaba en el cielo \u201ccomo auxilio en caso de peligro o necesidad\u201d (J. Lambrecht). Por eso, cuando Jes\u00fas grita en la cruz clamando su desamparo (\u201cElo\u00ed, Elo\u00ed\u201d) (Mc 15,34), algunos pensaron que estaba llamando a El\u00edas (Mc 15, 35-36)<br><br>El tema de fondo, que contiene este evangelio, est\u00e1 en que nuestra relaci\u00f3n con Dios se puede entender de dos maneras: 1) Como auxilio en situaciones de peligro o necesidad. 2) Como exigencia \u00e9tica que determina nuestro proyecto de vida.<br>Los jud\u00edos del tiempo de Jes\u00fas esperaban y deseaban la venida del Mes\u00edas seg\u00fan el modelo de \u201cauxilio en el peligro\u201d. Seguramente esto influy\u00f3 en que mucha gente llegara a identificar a Juan Bautista con El\u00edas (Jn1,21.25; Mc 6,15 par; Lc 9,8; Mc 8,28 par; Mt 16,14; Lc 9,19).<br><br>Pero el destino de Juan Bautista y Jes\u00fas tuvo un paralelismo estricto y fuerte en el otro sentido: como una exigencia, en su proyecto de vida, que los llev\u00f3 al sufrimiento y a la muerte violenta. Cuando se plantea \u201cel reino de Dios\u201d, Juan, Jes\u00fas, y los disc\u00edpulos, asumen el mismo destino: sufrir y morir por el pueblo (Mt 11,11-14;16; 14,1-12). El Bautista y Jes\u00fas, en la mentalidad de Mateo, proclaman el mismo mensaje, padecen el mismo destino y tienen los mismos enemigos (U. Luz). La honradez \u00e9tica de ambos, los llev\u00f3 a los dos a enfrentarse a los poderosos, a verse perseguidos y encarcelados, para terminar en el deg\u00fcello o en la cruz.<br><br>Es urgente que la Iglesia y los cristianos nos identifiquemos con un proyecto de vida equivalente. Usar la religi\u00f3n como auxilio en el peligro es una forma de inter\u00e9s y refinado ego\u00edsmo. Es la religi\u00f3n de los que van a los templos, a las im\u00e1genes ya los santos cuando se ven en apuros. Jes\u00fas no quiere que nos quedemos atrapados en una religiosidad ego\u00edsta. La religi\u00f3n de Jes\u00fas es honradez \u00e9tica y defensa de la justicia y el derecho.<\/p>\n\n\n\n<h4 class=\"wp-block-heading has-text-align-left has-vivid-red-color has-text-color has-link-color wp-elements-21e72ba6ab8aac75548a19d39767613b\"><br><strong>Palabras de Juan Mar\u00eda de la Mennais<\/strong><\/h4>\n\n\n\n<p class=\"has-text-align-left\"><img loading=\"lazy\" decoding=\"async\" width=\"150\" height=\"165\" class=\"wp-image-21587\" style=\"width: 150px;\" src=\"https:\/\/menesianosoy.org\/wp-content\/uploads\/2025\/03\/JMLM.png\" alt=\"\" srcset=\"https:\/\/menesianosoy.org\/wp-content\/uploads\/2025\/03\/JMLM.png 330w, https:\/\/menesianosoy.org\/wp-content\/uploads\/2025\/03\/JMLM-273x300.png 273w\" sizes=\"auto, (max-width: 150px) 85vw, 150px\" \/><br><em>La herencia de ustedes es Dios y los tesoros de su eternidad. Si son encontrados dignos de sufrir por el nombre de Jesucristo, acepten, llenos de gozo, el c\u00e1liz de las humillaciones y de los dolores; b\u00e9banlo, si es necesario hasta el final; es la v\u00edspera del huerto de los Olivos; el bien amado estar\u00e1 detr\u00e1s de ustedes para endulzarles las amarguras. \u00a1Oh! \u00a1Si supieran c\u00f3mo los ama!\u201d ((S. VIII. Renovaci\u00f3n de promesas sacerdotales. 29-10-1815)<\/em><\/p>\n\n\n\n<h4 class=\"wp-block-heading has-text-align-left has-vivid-red-color has-text-color has-link-color wp-elements-40549258b97439c87b8c74d4f2f1013e\"><br><strong>Al servicio de Aquel &#8211; Misi\u00f3n Pa\u00eds<\/strong><\/h4>\n\n\n\n<figure class=\"wp-block-embed is-type-video is-provider-youtube wp-block-embed-youtube wp-embed-aspect-4-3 wp-has-aspect-ratio\"><div class=\"wp-block-embed__wrapper\">\n<iframe loading=\"lazy\" title=\"Al Servicio de Aquel\" width=\"1140\" height=\"855\" src=\"https:\/\/www.youtube.com\/embed\/qxFzyB1XqMM?feature=oembed\" frameborder=\"0\" allow=\"accelerometer; autoplay; clipboard-write; encrypted-media; gyroscope; picture-in-picture; web-share\" referrerpolicy=\"strict-origin-when-cross-origin\" allowfullscreen><\/iframe>\n<\/div><\/figure>\n\n\n\n<p class=\"has-text-align-left\">D\u00eda a d\u00eda encerrados<br>en los muros de hoy.<br>Es el mundo apurado<br>que a nadie puede esperar<br>y es f\u00e1cil perderse<br>o dejarse enga\u00f1ar.<br><br>No hay tiempo para pensar<br>o detenerse a un lado y mirar.<br>Que es mi hermano<br>el que no puede esperar. No dejemos que la vida<br>la atrape el mundo de hoy en su vaiv\u00e9n.<br>Ofrecerla es mejor que ser<br>piezas en un juego de ajedrez.<br><br>Si podemos entregar la vida<br>al servicio de Aquel,<br>Aquel Dios que ha venido<br>no a ser servido, sino a servir,<br>sino a servir.<br><br>No es f\u00e1cil el caminar<br>cuando quieres seguir<br>a ese Rey que su vida dio<br>gota a gota hasta morir,<br>ese Dios que llama hoy a ser hermanos,<br>al amor, a la alegr\u00eda de vivir.<\/p>\n\n\n\n<p class=\"has-text-align-left has-vivid-purple-background-color has-background\"><\/p>\n\n\n\n<h5 class=\"wp-block-heading has-text-align-left has-small-font-size\"><img loading=\"lazy\" decoding=\"async\" width=\"150\" height=\"217\" class=\"wp-image-30198\" style=\"width: 150px;\" src=\"https:\/\/menesianosoy.org\/wp-content\/uploads\/2025\/12\/Santa-Lucia.jpg\" alt=\"\" srcset=\"https:\/\/menesianosoy.org\/wp-content\/uploads\/2025\/12\/Santa-Lucia.jpg 250w, https:\/\/menesianosoy.org\/wp-content\/uploads\/2025\/12\/Santa-Lucia-208x300.jpg 208w\" sizes=\"auto, (max-width: 150px) 85vw, 150px\" \/><br><strong>Santa Luc\u00eda fue una joven cristiana nacida en Siracusa (Sicilia) a fines del siglo III. Desde muy joven consagr\u00f3 su vida a Cristo, haciendo voto de virginidad y dedic\u00e1ndose a ayudar a los pobres con sus bienes.<br>Durante las persecuciones del emperador Diocleciano, fue denunciada como cristiana. Luc\u00eda se mantuvo firme en la fe y rechaz\u00f3 renunciar a Cristo, aun frente a amenazas y torturas. Finalmente fue martirizada alrededor del a\u00f1o 304.<br>Santa Luc\u00eda es venerada como modelo de fidelidad, valent\u00eda y pureza, y es patrona de quienes padecen enfermedades de la vista, ya que su nombre proviene del lat\u00edn <em>lux<\/em> (luz) y la iconograf\u00eda la representa con ojos o una l\u00e1mpara.<\/strong><\/h5>\n","protected":false},"excerpt":{"rendered":"<p>Eclesi\u00e1stico 48, 1-4.9-11Salmo 79, 2ac.3b.15-16.18-19 Evangelio: Mateo 17, 10-13 Los disc\u00edpulos le preguntaron: \u00bfPor qu\u00e9 dicen los escribas que primero debe venir El\u00edas?El respondi\u00f3: S\u00ed, El\u00edas debe venir a poner en orden todas las cosas; pero les aseguro que El\u00edas ya ha venido, y no lo han reconocido, sino que hicieron con \u00e9l lo que &hellip; <a href=\"https:\/\/menesianosoy.org\/index.php\/2025\/12\/09\/santa-lucia-5\/\" class=\"more-link\">Continue reading<span class=\"screen-reader-text\"> \u00abSanta Luc\u00eda\u00bb<\/span><\/a><\/p>\n","protected":false},"author":3,"featured_media":0,"comment_status":"closed","ping_status":"closed","sticky":false,"template":"","format":"standard","meta":{"_acf_changed":false,"footnotes":""},"categories":[9],"tags":[],"class_list":["post-30188","post","type-post","status-publish","format-standard","hentry","category-evangelio"],"acf":[],"_links":{"self":[{"href":"https:\/\/menesianosoy.org\/index.php\/wp-json\/wp\/v2\/posts\/30188","targetHints":{"allow":["GET"]}}],"collection":[{"href":"https:\/\/menesianosoy.org\/index.php\/wp-json\/wp\/v2\/posts"}],"about":[{"href":"https:\/\/menesianosoy.org\/index.php\/wp-json\/wp\/v2\/types\/post"}],"author":[{"embeddable":true,"href":"https:\/\/menesianosoy.org\/index.php\/wp-json\/wp\/v2\/users\/3"}],"replies":[{"embeddable":true,"href":"https:\/\/menesianosoy.org\/index.php\/wp-json\/wp\/v2\/comments?post=30188"}],"version-history":[{"count":8,"href":"https:\/\/menesianosoy.org\/index.php\/wp-json\/wp\/v2\/posts\/30188\/revisions"}],"predecessor-version":[{"id":30254,"href":"https:\/\/menesianosoy.org\/index.php\/wp-json\/wp\/v2\/posts\/30188\/revisions\/30254"}],"wp:attachment":[{"href":"https:\/\/menesianosoy.org\/index.php\/wp-json\/wp\/v2\/media?parent=30188"}],"wp:term":[{"taxonomy":"category","embeddable":true,"href":"https:\/\/menesianosoy.org\/index.php\/wp-json\/wp\/v2\/categories?post=30188"},{"taxonomy":"post_tag","embeddable":true,"href":"https:\/\/menesianosoy.org\/index.php\/wp-json\/wp\/v2\/tags?post=30188"}],"curies":[{"name":"wp","href":"https:\/\/api.w.org\/{rel}","templated":true}]}}