{"id":30441,"date":"2025-12-18T18:42:58","date_gmt":"2025-12-18T21:42:58","guid":{"rendered":"https:\/\/menesianosoy.org\/?p=30441"},"modified":"2025-12-19T16:24:02","modified_gmt":"2025-12-19T19:24:02","slug":"4to-domingo-de-adviento-2","status":"publish","type":"post","link":"https:\/\/menesianosoy.org\/index.php\/2025\/12\/18\/4to-domingo-de-adviento-2\/","title":{"rendered":"4to Domingo de Adviento"},"content":{"rendered":"\n<h5 class=\"wp-block-heading has-text-align-left has-text-color has-link-color wp-elements-b2c896943a177d0726d27bfb4ea7c3c9\" style=\"color:#491a76\"><strong><em>1801 &#8211; Nuestro Padre Fundador es ordenado subdi\u00e1cono en Par\u00eds por Monse\u00f1or de Pressigny.<\/em><\/strong><br><strong><em>1860 &#8211; El sacerdote Lagr\u00e9e, arcipreste de Plo\u00ebrmel, administra los \u00faltimos sacramentos a nuestro Padre Fundador<\/em><\/strong>.<\/h5>\n\n\n\n<h4 class=\"wp-block-heading has-text-align-left has-vivid-red-color has-text-color has-link-color wp-elements-0d3bba1292b8030bef905a45afd13c8e\"><br><strong>Oraci\u00f3n<\/strong><\/h4>\n\n\n\n<p class=\"has-text-align-left\"><strong><em>Se\u00f1or Jes\u00fas, al comenzar el d\u00eda,<br>te ofrecemos nuestra vida entera.<br>Que el amor fraterno reine entre todos<br>los que formamos comunidad.<br>Que cada uno se sienta feliz<br>con la alegr\u00eda de los dem\u00e1s,<br>y sufra con sus penas.<br>Que todos nos prestemos ayuda mutua<br>para ir a Dios y realizar su obra cada d\u00eda.<br>Que no existan jam\u00e1s entre nosotros<br>ni contiendas ni rivalidades,<br>ni secretas envidias, ni palabras duras.<br>Aparta de nosotros, Se\u00f1or, todo lo que hiere,<br>todo lo que divide,<br>todo lo que altera la caridad.<br>Haz, Se\u00f1or, que hoy y siempre<br>intentemos ayudarnos<br>unos a otros a ser santos.<br>Que todos vivamos hoy con dulzura,<br>paciencia, humildad<br>y fidelidad a tu Palabra.<br>(Regla de 1835)<\/em><\/strong><\/p>\n\n\n\n<h4 class=\"wp-block-heading has-text-align-left has-vivid-red-color has-text-color has-link-color wp-elements-1af8d1655da0d118c0bb0f37d65ec17b\"><br><strong>Intenciones:<\/strong> &nbsp; <\/h4>\n\n\n\n<ul class=\"wp-block-list\">\n<li>Para que durante este Adviento sepamos preparar nuestro coraz\u00f3n con esperanza y fe para la venida del Se\u00f1or.<\/li>\n\n\n\n<li>Para que sepamos reconocer a Cristo que viene en los peque\u00f1os, en los necesitados y en cada hermano.<\/li>\n\n\n\n<li>Por los menesianos, las obras y las nuevas vocaciones de la delegaci\u00f3n del Congo.<\/li>\n\n\n\n<li>Por los enfermos y discapacitados de nuestros centros educativos.<\/li>\n\n\n\n<li>Por nuestros j\u00f3venes en formaci\u00f3n.<\/li>\n\n\n\n<li>Por la comunidad educativa de La Escuelita de Luj\u00e1n de Cuyo  y al de Santo Domingo de la Calzada.<\/li>\n<\/ul>\n\n\n\n<h4 class=\"wp-block-heading has-text-align-left has-vivid-red-color has-text-color has-link-color wp-elements-3111ae0ecb97c5d44aeba812b0e0e81e\"><br><strong>Nueva Regla de Vida n\u00ba 214a<\/strong><\/h4>\n\n\n\n<p class=\"has-text-align-left\">En caso de vacante en el Generalato, el Hermano Primer Asistente se convierte, de pleno derecho, en Superior General de la Congregaci\u00f3n y la gobierna hasta el pr\u00f3ximo Cap\u00edtulo General. El nuevo Gobierno General coopta entonces a un nuevo Asistente, y luego procede a elegir a uno de sus miembros como Primer Asistente.<\/p>\n\n\n\n<h4 class=\"wp-block-heading has-text-align-left has-vivid-red-color has-text-color has-link-color wp-elements-342c646b7eea9b9219a135f6a7ca86f5\"><br><strong>A Brut\u00e9 de R\u00e9mur, 8 de noviembre de 1835:<\/strong><\/h4>\n\n\n\n<p class=\"has-text-align-left\"><em>Prefiero sufrir mucho en lugar de&nbsp;entregarme a una guerra en la que no se tratar\u00eda m\u00e1s que de defender mi pobre persona contra acusaciones injustas.<\/em><\/p>\n\n\n\n<h4 class=\"wp-block-heading has-text-align-left has-vivid-red-color has-text-color has-link-color wp-elements-09ca2e751e021d3cea44fa6563946cc1\"><br><strong>Difuntos:<\/strong><\/h4>\n\n\n\n<p class=\"has-text-align-left\">1981: Jean Le Gat (Vincent-Marie)<br>1992: Georges Godbout (Fulgence)<br>2007: Ren\u00e9 Le Borgne (Corentin-Jean)<\/p>\n","protected":false},"excerpt":{"rendered":"<p>1801 &#8211; Nuestro Padre Fundador es ordenado subdi\u00e1cono en Par\u00eds por Monse\u00f1or de Pressigny.1860 &#8211; El sacerdote Lagr\u00e9e, arcipreste de Plo\u00ebrmel, administra los \u00faltimos sacramentos a nuestro Padre Fundador. Oraci\u00f3n Se\u00f1or Jes\u00fas, al comenzar el d\u00eda,te ofrecemos nuestra vida entera.Que el amor fraterno reine entre todoslos que formamos comunidad.Que cada uno se sienta felizcon la &hellip; <a href=\"https:\/\/menesianosoy.org\/index.php\/2025\/12\/18\/4to-domingo-de-adviento-2\/\" class=\"more-link\">Continue reading<span class=\"screen-reader-text\"> \u00ab4to Domingo de Adviento\u00bb<\/span><\/a><\/p>\n","protected":false},"author":3,"featured_media":0,"comment_status":"closed","ping_status":"closed","sticky":false,"template":"","format":"standard","meta":{"_acf_changed":false,"footnotes":""},"categories":[3],"tags":[],"class_list":["post-30441","post","type-post","status-publish","format-standard","hentry","category-calendario"],"acf":[],"_links":{"self":[{"href":"https:\/\/menesianosoy.org\/index.php\/wp-json\/wp\/v2\/posts\/30441","targetHints":{"allow":["GET"]}}],"collection":[{"href":"https:\/\/menesianosoy.org\/index.php\/wp-json\/wp\/v2\/posts"}],"about":[{"href":"https:\/\/menesianosoy.org\/index.php\/wp-json\/wp\/v2\/types\/post"}],"author":[{"embeddable":true,"href":"https:\/\/menesianosoy.org\/index.php\/wp-json\/wp\/v2\/users\/3"}],"replies":[{"embeddable":true,"href":"https:\/\/menesianosoy.org\/index.php\/wp-json\/wp\/v2\/comments?post=30441"}],"version-history":[{"count":4,"href":"https:\/\/menesianosoy.org\/index.php\/wp-json\/wp\/v2\/posts\/30441\/revisions"}],"predecessor-version":[{"id":30510,"href":"https:\/\/menesianosoy.org\/index.php\/wp-json\/wp\/v2\/posts\/30441\/revisions\/30510"}],"wp:attachment":[{"href":"https:\/\/menesianosoy.org\/index.php\/wp-json\/wp\/v2\/media?parent=30441"}],"wp:term":[{"taxonomy":"category","embeddable":true,"href":"https:\/\/menesianosoy.org\/index.php\/wp-json\/wp\/v2\/categories?post=30441"},{"taxonomy":"post_tag","embeddable":true,"href":"https:\/\/menesianosoy.org\/index.php\/wp-json\/wp\/v2\/tags?post=30441"}],"curies":[{"name":"wp","href":"https:\/\/api.w.org\/{rel}","templated":true}]}}