{"id":30787,"date":"2025-12-21T17:18:51","date_gmt":"2025-12-21T20:18:51","guid":{"rendered":"https:\/\/menesianosoy.org\/?p=30787"},"modified":"2025-12-31T17:03:48","modified_gmt":"2025-12-31T20:03:48","slug":"santa-maria-madre-de-dios-5","status":"publish","type":"post","link":"https:\/\/menesianosoy.org\/index.php\/2025\/12\/21\/santa-maria-madre-de-dios-5\/","title":{"rendered":"Santa Mar\u00eda, Madre de Dios"},"content":{"rendered":"\n<h5 class=\"wp-block-heading has-text-align-left has-text-color has-link-color wp-elements-e2a8b0179f60f6d0d440011749b2e0c9\" style=\"color:#4a1e73\"><br>MES DE ENERO<br><strong>Apostolado de la Oraci\u00f3n<\/strong><br>Oremos para que la oraci\u00f3n, basada en la Palabra de Dios, alimente nuestra vida y sea fuente de esperanza en nuestras comunidades, ayud\u00e1ndonos a construir una Iglesia m\u00e1s fraterna y misionera.<\/h5>\n\n\n\n<h4 class=\"wp-block-heading has-text-align-left has-text-color has-link-color wp-elements-2d2c77c62ec0044d640b782f7254d46d\" style=\"color:#621414\"><br><strong>Jornada Mundial por la paz<\/strong><\/h4>\n\n\n\n<h4 class=\"wp-block-heading has-text-align-left has-vivid-red-color has-text-color has-link-color wp-elements-0d3bba1292b8030bef905a45afd13c8e\"><br><strong>Oraci\u00f3n<\/strong><\/h4>\n\n\n\n<p class=\"has-text-align-left\"><strong><em>Santa Mar\u00eda, Se\u00f1ora nuestra,<br>nos refugiamos en el regazo de tu misericordia.<br>Bajo tu bendita protecci\u00f3n<br>y tu especial custodia,<br>ponemos confiadamente, hoy y cada d\u00eda<br>y en la hora de nuestra muerte,<br>nuestra alma y nuestro cuerpo,<br>nuestras esperanzas y consuelos,<br>nuestras angustias y miserias,<br>nuestra vida y nuestra muerte,<br>para que, por tu intercesi\u00f3n y tus m\u00e9ritos,<br>todas nuestras obras se dirijan y ordenen<br>conforme a tu voluntad<br>y a la de tu divino Hijo. Am\u00e9n<\/em><\/strong><\/p>\n\n\n\n<h4 class=\"wp-block-heading has-text-align-left has-vivid-red-color has-text-color has-link-color wp-elements-4dd1ceb57d1bd5f1a8b64c26c583a627\"><br><strong>Intenciones<em>&nbsp;<\/em><\/strong><\/h4>\n\n\n\n<ul class=\"wp-block-list\">\n<li>Por el a\u00f1o que comienza, para que sea un a\u00f1o de paz y ayuda mutua entre los pueblos.<\/li>\n\n\n\n<li>Por la paz en el mundo, para que cesen las guerras, la violencia y el odio, y los pueblos aprendan a dialogar y a buscar caminos de reconciliaci\u00f3n y justicia.<\/li>\n\n\n\n<li>Por las v\u00edctimas de la guerra, la pobreza y la injusticia, especialmente los ni\u00f1os, los migrantes y los refugiados.<\/li>\n\n\n\n<li>Por la Iglesia en todo el mundo, para que sea signo e instrumento de paz, anunciando con valent\u00eda el Evangelio de la fraternidad, el perd\u00f3n y la solidaridad.<\/li>\n\n\n\n<li>Por cada uno de nosotros para que seamos artesanos de la paz.<\/li>\n<\/ul>\n\n\n\n<h4 class=\"wp-block-heading has-text-align-left has-vivid-red-color has-text-color has-link-color wp-elements-10a6ca8e73d6b2c524d1af1ec42b2b56\"><br><strong>Regla de Vida n\u00ba 75<\/strong><\/h4>\n\n\n\n<p class=\"has-text-align-left\">Los Hermanos expresan su amor y veneraci\u00f3n por la Sant\u00edsima Virgen Mar\u00eda, modelo de escucha de la Palabra. A trav\u00e9s de la Escritura, meditan sobre su papel en el plan de salvaci\u00f3n y, mediante la liturgia, viven con ella los misterios de su Hijo.<br>Encomiendan su vida religiosa y apost\u00f3lica a su cuidado maternal. Lo hacen especialmente a trav\u00e9s del Rosario diario, oraci\u00f3n tradicional de la Congregaci\u00f3n.<\/p>\n\n\n\n<h4 class=\"wp-block-heading has-text-align-left has-vivid-red-color has-text-color has-link-color wp-elements-6e15eb3b96e68bd9c68ea96d2f1df686\"><br><strong>Al H. Abel Lucas, 20 de enero de 1835<\/strong><\/h4>\n\n\n\n<p class=\"has-text-align-left\"><em>Ruego para que Dios los colme de sus m\u00e1s abundantes bendiciones al comenzar este nuevo a\u00f1o; \u00a1que vivan y mueran como santos!<\/em><\/p>\n\n\n\n<h4 class=\"wp-block-heading has-text-align-left has-vivid-red-color has-text-color has-link-color wp-elements-1cd4b724fdd0ffc35884cb45183847cc\"><br><strong>Difuntos<\/strong><\/h4>\n\n\n\n<p class=\"has-text-align-left\">1999:  Armand Tass\u00e9 (Albert-Marie), asistente general (1952-1970)<br>2016: Victor J\u00e9gu.<\/p>\n","protected":false},"excerpt":{"rendered":"<p>MES DE ENEROApostolado de la Oraci\u00f3nOremos para que la oraci\u00f3n, basada en la Palabra de Dios, alimente nuestra vida y sea fuente de esperanza en nuestras comunidades, ayud\u00e1ndonos a construir una Iglesia m\u00e1s fraterna y misionera. Jornada Mundial por la paz Oraci\u00f3n Santa Mar\u00eda, Se\u00f1ora nuestra,nos refugiamos en el regazo de tu misericordia.Bajo tu bendita &hellip; <a href=\"https:\/\/menesianosoy.org\/index.php\/2025\/12\/21\/santa-maria-madre-de-dios-5\/\" class=\"more-link\">Continue reading<span class=\"screen-reader-text\"> \u00abSanta Mar\u00eda, Madre de Dios\u00bb<\/span><\/a><\/p>\n","protected":false},"author":3,"featured_media":0,"comment_status":"closed","ping_status":"closed","sticky":false,"template":"","format":"standard","meta":{"_acf_changed":false,"footnotes":""},"categories":[3],"tags":[],"class_list":["post-30787","post","type-post","status-publish","format-standard","hentry","category-calendario"],"acf":[],"_links":{"self":[{"href":"https:\/\/menesianosoy.org\/index.php\/wp-json\/wp\/v2\/posts\/30787","targetHints":{"allow":["GET"]}}],"collection":[{"href":"https:\/\/menesianosoy.org\/index.php\/wp-json\/wp\/v2\/posts"}],"about":[{"href":"https:\/\/menesianosoy.org\/index.php\/wp-json\/wp\/v2\/types\/post"}],"author":[{"embeddable":true,"href":"https:\/\/menesianosoy.org\/index.php\/wp-json\/wp\/v2\/users\/3"}],"replies":[{"embeddable":true,"href":"https:\/\/menesianosoy.org\/index.php\/wp-json\/wp\/v2\/comments?post=30787"}],"version-history":[{"count":10,"href":"https:\/\/menesianosoy.org\/index.php\/wp-json\/wp\/v2\/posts\/30787\/revisions"}],"predecessor-version":[{"id":30938,"href":"https:\/\/menesianosoy.org\/index.php\/wp-json\/wp\/v2\/posts\/30787\/revisions\/30938"}],"wp:attachment":[{"href":"https:\/\/menesianosoy.org\/index.php\/wp-json\/wp\/v2\/media?parent=30787"}],"wp:term":[{"taxonomy":"category","embeddable":true,"href":"https:\/\/menesianosoy.org\/index.php\/wp-json\/wp\/v2\/categories?post=30787"},{"taxonomy":"post_tag","embeddable":true,"href":"https:\/\/menesianosoy.org\/index.php\/wp-json\/wp\/v2\/tags?post=30787"}],"curies":[{"name":"wp","href":"https:\/\/api.w.org\/{rel}","templated":true}]}}