{"id":30929,"date":"2025-12-31T16:55:46","date_gmt":"2025-12-31T19:55:46","guid":{"rendered":"https:\/\/menesianosoy.org\/?p=30929"},"modified":"2026-01-01T18:17:02","modified_gmt":"2026-01-01T21:17:02","slug":"san-juan-neumann","status":"publish","type":"post","link":"https:\/\/menesianosoy.org\/index.php\/2025\/12\/31\/san-juan-neumann\/","title":{"rendered":"San Juan Neumann"},"content":{"rendered":"\n<h5 class=\"wp-block-heading has-text-align-left has-text-color has-link-color wp-elements-4e851e3b6e3ecc45aa7febfe4cd686ef\" style=\"color:#691c1c\"><strong>1\u00aa Juan 3, 11-20&nbsp;<br>Salmo 99, 1-5&nbsp;&nbsp;<\/strong><\/h5>\n\n\n\n<h4 class=\"wp-block-heading has-vivid-red-color has-text-color has-link-color wp-elements-7babb1bfcadfa27c7d3efa85e3c06b64\"><strong>Evangelio: Juan 1, 43-51<\/strong><\/h4>\n\n\n\n<p class=\"has-text-align-left\"><strong><em>Jes\u00fas resolvi\u00f3 partir hacia Galilea. Encontr\u00f3 a Felipe y le dijo: S\u00edgueme. Felipe era de Betsaida, la ciudad de Andr\u00e9s y de Pedro.<\/em><\/strong><br><strong><em>Felipe encontr\u00f3 a Natanael y le dijo: Hemos hallado a aquel de quien se habla en la Ley de Mois\u00e9s y en los Profetas. Es Jes\u00fas, el hijo de Jos\u00e9 de Nazaret.<br>Natanael le pregunt\u00f3: \u00bfAcaso puede salir algo bueno de Nazaret?<br>Ven y ver\u00e1s, le dijo Felipe.<br>Al ver llegar a Natanael, Jes\u00fas dijo: Este es un verdadero israelita, un hombre sin doblez.<br>\u00bfDe d\u00f3nde me conoces?, le pregunt\u00f3 Natanael.<br>Jes\u00fas le respondi\u00f3: Yo te vi antes que Felipe te llamara, cuando estabas debajo de la higuera.<br>Natanael le respondi\u00f3: Maestro, t\u00fa eres el hijo de Dios, t\u00fa eres el Rey de Israel.<br>Jes\u00fas continu\u00f3: Porque te dije: \u00abTe vi debajo de la higuera\u00bb, crees. Ver\u00e1s cosas m\u00e1s grandes todav\u00eda.<br>Y agreg\u00f3: Les aseguro que ver\u00e1n el cielo abierto, y a los \u00e1ngeles de Dios subir y bajar sobre el Hijo del hombre.<\/em><\/strong><\/p>\n\n\n\n<figure class=\"wp-block-image size-full\"><img loading=\"lazy\" decoding=\"async\" width=\"559\" height=\"350\" src=\"https:\/\/menesianosoy.org\/wp-content\/uploads\/2025\/12\/Bajo-la-higuera-cuando-Jesus-nos-encuentra-en-lo-intimo-559x350-1.png\" alt=\"\" class=\"wp-image-30954\" srcset=\"https:\/\/menesianosoy.org\/wp-content\/uploads\/2025\/12\/Bajo-la-higuera-cuando-Jesus-nos-encuentra-en-lo-intimo-559x350-1.png 559w, https:\/\/menesianosoy.org\/wp-content\/uploads\/2025\/12\/Bajo-la-higuera-cuando-Jesus-nos-encuentra-en-lo-intimo-559x350-1-300x188.png 300w\" sizes=\"auto, (max-width: 559px) 85vw, 559px\" \/><\/figure>\n\n\n\n<p class=\"has-text-align-left\">Hermoso pasaje del Evangelio seg\u00fan San Juan que compartimos en este tiempo de Navidad pues relata nuestro propio caminar, el caminar de un disc\u00edpulo que quiere profundizar y conocer m\u00e1s al Se\u00f1or.<br><br>Alguna vez alguien como Felipe nos dijo: \u201cLo hemos encontrado\u201d. Puede haber sido nuestro pap\u00e1 o mam\u00e1, alg\u00fan catequista o docente y nosotros emprendimos el camino del seguimiento de Jes\u00fas. \u00a0A veces como Natanael dudamos; pero \u00e9l siempre nos da pruebas de su amor.<br><br>\u00c9l camina. Jes\u00fas pasa, acontece en la vida de las personas y nos llama, nos busca, nos invita porque nos conoce. \u00c9l tiene que ver con este encuentro pues nos dice: Ven y ver\u00e1s, yo te conoc\u00eda desde antes, ver\u00e1s grandes cosas.<br><br>Hay que ir y ver. Dar un paso y decir que s\u00ed. No es un solo paso, sino munchos. En nuestra historia de fe hay muchas misas, encuentros, participaci\u00f3n en grupos, colaboraci\u00f3n en experiencias solidarias, adoraciones y momentos que compartimos con otros hermanos en los que nos hemos ido encontrando cada vez m\u00e1s con Dios vivo y nos quedamos con \u00e9l.<br><br>El encuentro con Jes\u00fas no es igual para todos. El maestro nos conoce desde lo m\u00e1s profundo y sabe cu\u00e1ndo salir a nuestro encuentro. A Felipe le bast\u00f3 una palabra \u00a1S\u00edgueme!, Natanael, (o Bartolom\u00e9) necesit\u00f3 la prueba de hablar con \u00c9l y que le dijera lo que hab\u00eda en su coraz\u00f3n; no obstante, ambos descubrieron que s\u00f3lo \u00c9l puede transformarnos realmente, porque Jes\u00fas es la verdad, la vida verdadera, el camino de la felicidad. Al seguirlo y vivir con \u00c9l experimentamos la plenitud y la paz, la armon\u00eda.<\/p>\n\n\n\n<h4 class=\"wp-block-heading has-text-align-left has-vivid-red-color has-text-color has-link-color wp-elements-21e72ba6ab8aac75548a19d39767613b\"><br><strong>Palabras de Juan Mar\u00eda de la Mennais<\/strong><\/h4>\n\n\n\n<p class=\"has-text-align-left\"><img loading=\"lazy\" decoding=\"async\" width=\"150\" height=\"165\" class=\"wp-image-21587\" style=\"width: 150px;\" src=\"https:\/\/menesianosoy.org\/wp-content\/uploads\/2025\/03\/JMLM.png\" alt=\"\" srcset=\"https:\/\/menesianosoy.org\/wp-content\/uploads\/2025\/03\/JMLM.png 330w, https:\/\/menesianosoy.org\/wp-content\/uploads\/2025\/03\/JMLM-273x300.png 273w\" sizes=\"auto, (max-width: 150px) 85vw, 150px\" \/><br><em>Qu\u00e9 dichosos somos de pertenecer a este peque\u00f1o reba\u00f1o, que el Se\u00f1or se ha escogido y que conduce por caminos tan dulces con una solicitud tan tierna. (Carta al p. Querret, 16-11-1814)\u00a0<\/em><\/p>\n\n\n\n<h4 class=\"wp-block-heading has-text-align-left has-vivid-red-color has-text-color has-link-color wp-elements-816ee009dff3bf7950930fc1c887c31e\"><strong><br>Ven y ver\u00e1s &#8211; Misi\u00f3n Pa\u00eds<\/strong><\/h4>\n\n\n\n<figure class=\"wp-block-embed is-type-video is-provider-youtube wp-block-embed-youtube wp-embed-aspect-4-3 wp-has-aspect-ratio\"><div class=\"wp-block-embed__wrapper\">\n<iframe loading=\"lazy\" title=\"Ven y Ver\u00e1s\" width=\"1140\" height=\"855\" src=\"https:\/\/www.youtube.com\/embed\/wKVYQIME1_w?feature=oembed\" frameborder=\"0\" allow=\"accelerometer; autoplay; clipboard-write; encrypted-media; gyroscope; picture-in-picture; web-share\" referrerpolicy=\"strict-origin-when-cross-origin\" allowfullscreen><\/iframe>\n<\/div><\/figure>\n\n\n\n<p class=\"has-text-align-left\">Desde Ni\u00f1o te quiero mi amigo Jes\u00fas.<br>Me has amado desde siempre,<br>Cristo, Maestro y Se\u00f1or.<br>Con lo poco que tengo<br>me miraste a m\u00ed<br>con tus ojos llenos de amor.<br>Traspasaste mi coraz\u00f3n.<br>Hoy me llamas por mi nombre<br>\u00bfD\u00f3nde vives, Se\u00f1or?<br><br>Ven con lo poco que tienes.<br>Ven con lo mucho que eres.<br>Ven con tu fragilidad,<br>ven con tu amor, con tu verdad.<br>Hijo escogido, ven como un ni\u00f1o.<br>Yo te llevar\u00e9 de la mano conmigo.<br>\u00a1Ven y ver\u00e1s!<br><br>Quiero quedarme contigo<br>en tu casa, Se\u00f1or.<br>Aqu\u00ed me siento acogido,<br>me abrazas y me haces feliz.<br>Tu voz escuch\u00e9 y te segu\u00ed.<br>\u00bfD\u00f3nde vives Se\u00f1or?<br><br>Ven con lo poco que tienes.<br>Ven con lo mucho que eres.<br>Ven con tu fragilidad,<br>ven con tu amor, con tu verdad.<br>Hijo escogido, ven como un ni\u00f1o.<br>Yo te llevar\u00e9 de la mano conmigo.<br>\u00a1Ven y ver\u00e1s!&#8230;<\/p>\n\n\n\n<p class=\"has-vivid-purple-background-color has-background\"><\/p>\n\n\n\n<h5 class=\"wp-block-heading has-text-align-left has-small-font-size\"><img loading=\"lazy\" decoding=\"async\" width=\"150\" height=\"100\" class=\"wp-image-30951\" style=\"width: 150px;\" src=\"https:\/\/menesianosoy.org\/wp-content\/uploads\/2025\/12\/Nuemann.png\" alt=\"\" srcset=\"https:\/\/menesianosoy.org\/wp-content\/uploads\/2025\/12\/Nuemann.png 500w, https:\/\/menesianosoy.org\/wp-content\/uploads\/2025\/12\/Nuemann-300x200.png 300w\" sizes=\"auto, (max-width: 150px) 85vw, 150px\" \/><br><strong>San Juan (John) Neumann fue uno de los grandes santos misioneros del siglo XIX en los Estados Unidos y un ejemplo luminoso de entrega pastoral.<br>Naci\u00f3 el 28 de marzo de 1811 en la actual Rep\u00fablica Checa. Emigr\u00f3 a los Estados Unidos en 1836. Poco despu\u00e9s fue ordenado sacerdote en Nueva York.<br>Se dedic\u00f3 con enorme celo a atender a los inmigrantes, especialmente alemanes, recorriendo grandes distancias a pie para visitar a sus fieles. En 1840 ingres\u00f3 en la Congregaci\u00f3n del Sant\u00edsimo Redentor (Redentoristas) y lleg\u00f3 a ser su superior provincial.<br>En 1852 fue nombrado obispo de Filadelfia, una di\u00f3cesis muy extensa y con grandes desaf\u00edos pastorales. A pesar de su fr\u00e1gil salud y baja estatura, realiz\u00f3 una obra extraordinaria: organiz\u00f3 el sistema de escuelas parroquiales, fund\u00f3 decenas de iglesias y promovi\u00f3 la catequesis y la educaci\u00f3n cat\u00f3lica como base de la fe.<br>Muri\u00f3 repentinamente el 5 de enero de 1860, mientras caminaba por una calle de Filadelfia, con fama de santidad. Fue canonizado en 1977 por el papa Pablo VI, convirti\u00e9ndose en el primer obispo de Estados Unidos en ser proclamado santo.<br>San Juan Neumann es recordado como ap\u00f3stol de los inmigrantes, defensor de la educaci\u00f3n cat\u00f3lica y modelo de pastor humilde, incansable y totalmente entregado al servicio del pueblo de Dios.<\/strong><\/h5>\n","protected":false},"excerpt":{"rendered":"<p>1\u00aa Juan 3, 11-20&nbsp;Salmo 99, 1-5&nbsp;&nbsp; Evangelio: Juan 1, 43-51 Jes\u00fas resolvi\u00f3 partir hacia Galilea. Encontr\u00f3 a Felipe y le dijo: S\u00edgueme. Felipe era de Betsaida, la ciudad de Andr\u00e9s y de Pedro.Felipe encontr\u00f3 a Natanael y le dijo: Hemos hallado a aquel de quien se habla en la Ley de Mois\u00e9s y en los &hellip; <a href=\"https:\/\/menesianosoy.org\/index.php\/2025\/12\/31\/san-juan-neumann\/\" class=\"more-link\">Continue reading<span class=\"screen-reader-text\"> \u00abSan Juan Neumann\u00bb<\/span><\/a><\/p>\n","protected":false},"author":3,"featured_media":0,"comment_status":"closed","ping_status":"closed","sticky":false,"template":"","format":"standard","meta":{"_acf_changed":false,"footnotes":""},"categories":[9],"tags":[],"class_list":["post-30929","post","type-post","status-publish","format-standard","hentry","category-evangelio"],"acf":[],"_links":{"self":[{"href":"https:\/\/menesianosoy.org\/index.php\/wp-json\/wp\/v2\/posts\/30929","targetHints":{"allow":["GET"]}}],"collection":[{"href":"https:\/\/menesianosoy.org\/index.php\/wp-json\/wp\/v2\/posts"}],"about":[{"href":"https:\/\/menesianosoy.org\/index.php\/wp-json\/wp\/v2\/types\/post"}],"author":[{"embeddable":true,"href":"https:\/\/menesianosoy.org\/index.php\/wp-json\/wp\/v2\/users\/3"}],"replies":[{"embeddable":true,"href":"https:\/\/menesianosoy.org\/index.php\/wp-json\/wp\/v2\/comments?post=30929"}],"version-history":[{"count":19,"href":"https:\/\/menesianosoy.org\/index.php\/wp-json\/wp\/v2\/posts\/30929\/revisions"}],"predecessor-version":[{"id":31068,"href":"https:\/\/menesianosoy.org\/index.php\/wp-json\/wp\/v2\/posts\/30929\/revisions\/31068"}],"wp:attachment":[{"href":"https:\/\/menesianosoy.org\/index.php\/wp-json\/wp\/v2\/media?parent=30929"}],"wp:term":[{"taxonomy":"category","embeddable":true,"href":"https:\/\/menesianosoy.org\/index.php\/wp-json\/wp\/v2\/categories?post=30929"},{"taxonomy":"post_tag","embeddable":true,"href":"https:\/\/menesianosoy.org\/index.php\/wp-json\/wp\/v2\/tags?post=30929"}],"curies":[{"name":"wp","href":"https:\/\/api.w.org\/{rel}","templated":true}]}}