{"id":31341,"date":"2026-01-12T22:38:06","date_gmt":"2026-01-13T01:38:06","guid":{"rendered":"https:\/\/menesianosoy.org\/?p=31341"},"modified":"2026-01-13T08:03:24","modified_gmt":"2026-01-13T11:03:24","slug":"san-arnoldo-janssen-beato-luis-variara-2","status":"publish","type":"post","link":"https:\/\/menesianosoy.org\/index.php\/2026\/01\/12\/san-arnoldo-janssen-beato-luis-variara-2\/","title":{"rendered":"San Arnoldo Janssen &#8211; Beato Luis Variara"},"content":{"rendered":"\n<h4 class=\"wp-block-heading has-vivid-red-color has-text-color has-link-color wp-elements-0956e1140d358bf33d75d2e2da881c86\"><br><strong>Oraci\u00f3n:<\/strong><\/h4>\n\n\n\n<p class=\"has-text-align-left\"><strong><em>Padre bueno,<br>te doy gracias por la vida,<br>regalo de tu amor.<br>Haz que la comparta con todos:<br>con mis hermanos, con mi familia,<br>con mis amigos,<br>tejiendo lazos como lo hizo Jes\u00fas.<br>Env\u00edame tu Esp\u00edritu Santo<br>para descubrir lo que quieres de m\u00ed.<br>Hazme cada d\u00eda m\u00e1s parecido a tu Hijo:<br>que sus sentimientos sean mis sentimientos,<br>que sus pensamientos<br>sean mis pensamientos,<br>que su proyecto sea mi proyecto,<br>que ame como \u00c9l am\u00f3.<br>Como a Mar\u00eda, Padre Bueno,<br>conc\u00e9denos a todos<br>un coraz\u00f3n d\u00f3cil a tu Palabra. Am\u00e9n<\/em><\/strong><\/p>\n\n\n\n<h4 class=\"wp-block-heading has-text-align-left has-vivid-red-color has-text-color has-link-color wp-elements-de28e63876752492db52cb72d9451622\"><br><strong>Intenciones: <\/strong><\/h4>\n\n\n\n<ul class=\"wp-block-list\">\n<li>Para pedir un nuevo esp\u00edritu misionero en la Congregaci\u00f3n.<\/li>\n\n\n\n<li>Por las vocaciones en nuestro Distrito, los formando y formadores.<\/li>\n\n\n\n<li>Por los enfermos y discapacitados de nuestros centros educativos.<\/li>\n\n\n\n<li>Por la familia menesiana del Dionisio D\u00edaz de Maldonado y de Berrio-Otxoa.<\/li>\n\n\n\n<li>Para que seamos constructores de paz.<\/li>\n<\/ul>\n\n\n\n<h4 class=\"wp-block-heading has-text-align-left has-vivid-red-color has-text-color has-link-color wp-elements-1147ff8f0474322785c8934da585ac21\"><br><strong>REGLA DE VIDA N\u00ba 8<\/strong><\/h4>\n\n\n\n<p class=\"has-text-align-left\"><em>Hermanos, testigos de fraternidad:<\/em><br>Reunidos por una llamada com\u00fan de Dios, por el hecho de vivir con hombres a quienes no ha elegido y a quienes llama \u00abhermanos\u00bb, los Hermanos dan juntos testimonio de esa fraternidad nueva y universal instaurada por Cristo Jes\u00fas. Esta uni\u00f3n es signo particular del Reino y fuente de energ\u00eda para la misi\u00f3n.<\/p>\n\n\n\n<h4 class=\"wp-block-heading has-text-align-left has-vivid-red-color has-text-color has-link-color wp-elements-ce7fd3232986ba14e9bd80167e9ded21\"><br><strong>Al H. Arturo el 3 de abril de 1842:<\/strong><\/h4>\n\n\n\n<p class=\"has-text-align-left\"><em>Para cumplir fielmente su misi\u00f3n, es necesaria una uni\u00f3n perfecta, as\u00ed como una sincera caridad. Cada uno tiene sus defectos. Se ven los de los dem\u00e1s, pero no se deben olvidar los propios y hay que recordar constantemente esta frase del Ap\u00f3stol: \u00abLleven las cargas unos de otros y as\u00ed cumplir\u00e1n la ley de Jesucristo\u00bb.<\/em><\/p>\n\n\n\n<h4 class=\"wp-block-heading has-text-align-left has-vivid-red-color has-text-color has-link-color wp-elements-09ca2e751e021d3cea44fa6563946cc1\"><br><strong>Difuntos:<\/strong><\/h4>\n\n\n\n<p class=\"has-text-align-left\">1929: <strong>Patricio Curiel<\/strong> (Dionisio): Naci\u00f3 en Talamillo del Tozo en 1906. Muri\u00f3 en Puerto Principe (Hait\u00ed).<br>1977: Vincent Le Gu\u00e9n\u00e9dal (S\u00e9r\u00e8ne-Marie): Naci\u00f3 en Crach (Morbihan) en 1884. Muri\u00f3 en Nanclares.<br>1998: Jean Autret (\u00c9douard-Yves)<br>2017: Louis Allot (C\u00e9lestin-Michel)<\/p>\n","protected":false},"excerpt":{"rendered":"<p>Oraci\u00f3n: Padre bueno,te doy gracias por la vida,regalo de tu amor.Haz que la comparta con todos:con mis hermanos, con mi familia,con mis amigos,tejiendo lazos como lo hizo Jes\u00fas.Env\u00edame tu Esp\u00edritu Santopara descubrir lo que quieres de m\u00ed.Hazme cada d\u00eda m\u00e1s parecido a tu Hijo:que sus sentimientos sean mis sentimientos,que sus pensamientossean mis pensamientos,que su proyecto &hellip; <a href=\"https:\/\/menesianosoy.org\/index.php\/2026\/01\/12\/san-arnoldo-janssen-beato-luis-variara-2\/\" class=\"more-link\">Continue reading<span class=\"screen-reader-text\"> \u00abSan Arnoldo Janssen &#8211; Beato Luis Variara\u00bb<\/span><\/a><\/p>\n","protected":false},"author":3,"featured_media":0,"comment_status":"closed","ping_status":"closed","sticky":false,"template":"","format":"standard","meta":{"_acf_changed":false,"footnotes":""},"categories":[3],"tags":[],"class_list":["post-31341","post","type-post","status-publish","format-standard","hentry","category-calendario"],"acf":[],"_links":{"self":[{"href":"https:\/\/menesianosoy.org\/index.php\/wp-json\/wp\/v2\/posts\/31341","targetHints":{"allow":["GET"]}}],"collection":[{"href":"https:\/\/menesianosoy.org\/index.php\/wp-json\/wp\/v2\/posts"}],"about":[{"href":"https:\/\/menesianosoy.org\/index.php\/wp-json\/wp\/v2\/types\/post"}],"author":[{"embeddable":true,"href":"https:\/\/menesianosoy.org\/index.php\/wp-json\/wp\/v2\/users\/3"}],"replies":[{"embeddable":true,"href":"https:\/\/menesianosoy.org\/index.php\/wp-json\/wp\/v2\/comments?post=31341"}],"version-history":[{"count":10,"href":"https:\/\/menesianosoy.org\/index.php\/wp-json\/wp\/v2\/posts\/31341\/revisions"}],"predecessor-version":[{"id":31387,"href":"https:\/\/menesianosoy.org\/index.php\/wp-json\/wp\/v2\/posts\/31341\/revisions\/31387"}],"wp:attachment":[{"href":"https:\/\/menesianosoy.org\/index.php\/wp-json\/wp\/v2\/media?parent=31341"}],"wp:term":[{"taxonomy":"category","embeddable":true,"href":"https:\/\/menesianosoy.org\/index.php\/wp-json\/wp\/v2\/categories?post=31341"},{"taxonomy":"post_tag","embeddable":true,"href":"https:\/\/menesianosoy.org\/index.php\/wp-json\/wp\/v2\/tags?post=31341"}],"curies":[{"name":"wp","href":"https:\/\/api.w.org\/{rel}","templated":true}]}}