{"id":31887,"date":"2026-01-26T17:47:03","date_gmt":"2026-01-26T20:47:03","guid":{"rendered":"https:\/\/menesianosoy.org\/?p=31887"},"modified":"2026-02-01T07:45:36","modified_gmt":"2026-02-01T10:45:36","slug":"4o-domingo-durante-el-ano-4","status":"publish","type":"post","link":"https:\/\/menesianosoy.org\/index.php\/2026\/01\/26\/4o-domingo-durante-el-ano-4\/","title":{"rendered":"4\u00ba Domingo durante el a\u00f1o"},"content":{"rendered":"\n<h5 class=\"wp-block-heading has-text-align-left has-text-color has-link-color wp-elements-5dc9be8934b89abfb54545a07103b4cb\" style=\"color:#6b5454\"><br><strong>APOSTOLADO DE LA ORACI\u00d3N:<br>Por los ni\u00f1os afectados por enfermedades incurables.<br><em>Oremos para que los ni\u00f1os que padecen enfermedades incurables, as\u00ed como sus familias, reciban la atenci\u00f3n m\u00e9dica y el acompa\u00f1amiento necesarios, sin perder nunca la fortaleza ni la esperanza.<\/em><\/strong><\/h5>\n\n\n\n<h5 class=\"wp-block-heading has-text-align-left has-text-color has-link-color wp-elements-55f5f6640959039bb5c628ffafbd183f\" style=\"color:#835959\"><br><strong>1851 &#8211; Breve del Papa Pio IX, aprobando nuestro Instituto.<\/strong><\/h5>\n\n\n\n<h4 class=\"wp-block-heading has-text-align-left has-vivid-red-color has-text-color has-link-color wp-elements-0d3bba1292b8030bef905a45afd13c8e\"><br><strong>Oraci\u00f3n<\/strong><\/h4>\n\n\n\n<p class=\"has-text-align-left\"><strong><em>Se\u00f1or Jes\u00fas, al comenzar el d\u00eda,<br>te ofrecemos nuestra vida entera.<br>Que el amor fraterno reine entre todos<br>los que formamos comunidad.<br>Que cada uno se sienta feliz<br>con la alegr\u00eda de los dem\u00e1s,<br>y sufra con sus penas.<br>Que todos nos prestemos ayuda mutua<br>para ir a Dios y realizar su obra cada d\u00eda.<br>Que no existan jam\u00e1s entre nosotros<br>ni contiendas ni rivalidades,<br>ni secretas envidias, ni palabras duras.<br>Aparta de nosotros, Se\u00f1or, todo lo que hiere,<br>todo lo que divide,<br>todo lo que altera la caridad.<br>Haz, Se\u00f1or, que hoy y siempre<br>intentemos ayudarnos<br>unos a otros a ser santos.<br>Que todos vivamos hoy con dulzura,<br>paciencia, humildad<br>y fidelidad a tu Palabra.<br>(Regla de 1835)<\/em><\/strong><\/p>\n\n\n\n<h4 class=\"wp-block-heading has-text-align-left has-vivid-red-color has-text-color has-link-color wp-elements-7deb30c5a46c2fe0af76f92c82f8d39a\"><br><strong>Intenciones<\/strong><\/h4>\n\n\n\n<ul class=\"wp-block-list\">\n<li>Por todos los ni\u00f1os que padecen enfermedades incurables.<\/li>\n\n\n\n<li>Por los enfermos y discapacitados de nuestros centros educativos.<\/li>\n\n\n\n<li>Por los menesianos, las obras y las nuevas vocaciones del distrito San Francisco Javier (Indonesia &#8211; Jap\u00f3n &#8211; Filipinas).<\/li>\n\n\n\n<li>Por los organizadores de la Escuela Menesiana que comenzar\u00e1 el lunes en Bialet Mass\u00e9 y por el viaje de los participantes.<\/li>\n\n\n\n<li>Por la familia menesiana que vive la misi\u00f3n en El Alto y la de Berrio-Otxoa.<\/li>\n<\/ul>\n\n\n\n<h4 class=\"wp-block-heading has-text-align-left has-vivid-red-color has-text-color has-link-color wp-elements-10f0344e831469e2f71fe44aa37d5319\"><br><strong>REGLA DE VIDA N\u00ba 19c<\/strong><\/h4>\n\n\n\n<p class=\"has-text-align-left\">Como disc\u00edpulo de Cristo, el Hermano lo hace presente y operante, especialmente entre los ni\u00f1os y los j\u00f3venes, con una preocupaci\u00f3n especial por los pobres, cooperando con el Esp\u00edritu para abrir los corazones al amor misericordioso del Padre.<\/p>\n\n\n\n<h4 class=\"wp-block-heading has-text-align-left has-vivid-red-color has-text-color has-link-color wp-elements-6b43bd4f7456645dad0b73582e0b0e13\"><br><strong>Memorial p\u00e1g. 16:<\/strong><\/h4>\n\n\n\n<p class=\"has-text-align-left\"><em>Procura no perder esa libertad de esp\u00edritu, esa amable y dulce libertad de los hijos de Dios sin la cual no se hace nada de bien. Para conservarla, hay que unirse estrechamente a Dios, andar en su presencia con un coraz\u00f3n en el que reine la paz.<\/em><\/p>\n\n\n\n<h4 class=\"wp-block-heading has-text-align-left has-vivid-red-color has-text-color has-link-color wp-elements-09ca2e751e021d3cea44fa6563946cc1\"><br><strong>Difuntos:<\/strong><\/h4>\n\n\n\n<p class=\"has-text-align-left\">1955: <strong>Antonio Guti\u00e9rre<\/strong>z (<strong>Mauro<\/strong>). Naci\u00f3 en Mundilla (Burgos) en 1920. Muri\u00f3 en Madrid.<br>2003: Charles Lambert (Dominique Antoine)<br>2010: Guy Cahier (Charles-Roger)<br>2011: Ovide Fortier (Celeste-Jean)<\/p>\n\n\n\n<ol start=\"1920\" class=\"wp-block-list\">\n<li><\/li>\n<\/ol>\n","protected":false},"excerpt":{"rendered":"<p>APOSTOLADO DE LA ORACI\u00d3N:Por los ni\u00f1os afectados por enfermedades incurables.Oremos para que los ni\u00f1os que padecen enfermedades incurables, as\u00ed como sus familias, reciban la atenci\u00f3n m\u00e9dica y el acompa\u00f1amiento necesarios, sin perder nunca la fortaleza ni la esperanza. 1851 &#8211; Breve del Papa Pio IX, aprobando nuestro Instituto. Oraci\u00f3n Se\u00f1or Jes\u00fas, al comenzar el d\u00eda,te &hellip; <a href=\"https:\/\/menesianosoy.org\/index.php\/2026\/01\/26\/4o-domingo-durante-el-ano-4\/\" class=\"more-link\">Continue reading<span class=\"screen-reader-text\"> \u00ab4\u00ba Domingo durante el a\u00f1o\u00bb<\/span><\/a><\/p>\n","protected":false},"author":3,"featured_media":0,"comment_status":"closed","ping_status":"closed","sticky":false,"template":"","format":"standard","meta":{"_acf_changed":false,"footnotes":""},"categories":[3],"tags":[],"class_list":["post-31887","post","type-post","status-publish","format-standard","hentry","category-calendario"],"acf":[],"_links":{"self":[{"href":"https:\/\/menesianosoy.org\/index.php\/wp-json\/wp\/v2\/posts\/31887","targetHints":{"allow":["GET"]}}],"collection":[{"href":"https:\/\/menesianosoy.org\/index.php\/wp-json\/wp\/v2\/posts"}],"about":[{"href":"https:\/\/menesianosoy.org\/index.php\/wp-json\/wp\/v2\/types\/post"}],"author":[{"embeddable":true,"href":"https:\/\/menesianosoy.org\/index.php\/wp-json\/wp\/v2\/users\/3"}],"replies":[{"embeddable":true,"href":"https:\/\/menesianosoy.org\/index.php\/wp-json\/wp\/v2\/comments?post=31887"}],"version-history":[{"count":8,"href":"https:\/\/menesianosoy.org\/index.php\/wp-json\/wp\/v2\/posts\/31887\/revisions"}],"predecessor-version":[{"id":32069,"href":"https:\/\/menesianosoy.org\/index.php\/wp-json\/wp\/v2\/posts\/31887\/revisions\/32069"}],"wp:attachment":[{"href":"https:\/\/menesianosoy.org\/index.php\/wp-json\/wp\/v2\/media?parent=31887"}],"wp:term":[{"taxonomy":"category","embeddable":true,"href":"https:\/\/menesianosoy.org\/index.php\/wp-json\/wp\/v2\/categories?post=31887"},{"taxonomy":"post_tag","embeddable":true,"href":"https:\/\/menesianosoy.org\/index.php\/wp-json\/wp\/v2\/tags?post=31887"}],"curies":[{"name":"wp","href":"https:\/\/api.w.org\/{rel}","templated":true}]}}