{"id":3280,"date":"2023-09-09T19:11:34","date_gmt":"2023-09-09T22:11:34","guid":{"rendered":"https:\/\/menesianosoy.org\/?p=3280"},"modified":"2023-09-09T19:21:15","modified_gmt":"2023-09-09T22:21:15","slug":"miercoles-23o-del-tiempo-durante-el-ano-2","status":"publish","type":"post","link":"https:\/\/menesianosoy.org\/index.php\/2023\/09\/09\/miercoles-23o-del-tiempo-durante-el-ano-2\/","title":{"rendered":"Mi\u00e9rcoles 23\u00ba del tiempo durante el a\u00f1o"},"content":{"rendered":"\n<h4 class=\"wp-block-heading has-vivid-purple-color has-text-color\"><strong>Oraci\u00f3n<\/strong><\/h4>\n\n\n\n<p class=\"has-text-align-left\">Se\u00f1or, haz que escuche<br>los llamados que vienen de los hombres.<br>Se\u00f1or, haz que escuche<br>los gritos de los ni\u00f1os y j\u00f3venes&nbsp;<br>que vienen de la vida y de la historia&nbsp;<br>que van tejiendo a nuestro lado.<br>Se\u00f1or, haz que vea&nbsp;todo con ojos nuevos,&nbsp;<br>con coraz\u00f3n de entra\u00f1able misericordia.<br>Se\u00f1or haz que vea&nbsp;<br>y que avive mi pasi\u00f3n por los ni\u00f1os,&nbsp;<br>por los j\u00f3venes y por todos&nbsp;<br>los que est\u00e1n sedientos&nbsp;<br>de presencia y cercan\u00eda.<br>Se\u00f1or haz que vea&nbsp;<br>y que como Juan Mar\u00eda&nbsp;<br>tenga los ojos bien abiertos&nbsp;<br>para ir a la frontera, al extremo,&nbsp;<br>donde nadie alcanza,&nbsp;<br>porque desde all\u00ed llegan&nbsp;<br>las voces m\u00e1s apremiantes&nbsp;<br>de los hombres que nos convocan&nbsp;<br>y provocan.<\/p>\n\n\n\n<h4 class=\"wp-block-heading has-vivid-purple-color has-text-color\"><br><strong>Intenciones:<\/strong><\/h4>\n\n\n\n<ul class=\"wp-block-list\">\n<li>Por la familia menesiana del colegio La Mennais de Montevideo.<\/li>\n\n\n\n<li>Por la comunidad de Zamora (Espa\u00f1a) y la de Moshi (Tanzania).<\/li>\n\n\n\n<li>Por el Postulantado de Ruanda.<\/li>\n\n\n\n<li>Por las vocaciones religiosas y sacerdotales.<\/li>\n<\/ul>\n\n\n\n<h4 class=\"wp-block-heading has-text-align-left has-vivid-purple-color has-text-color\"><br><strong>Constituciones 93 c:<\/strong><\/h4>\n\n\n\n<p class=\"has-text-align-left has-white-background-color has-background\">El superior determina con los Hermanos los medios pr\u00e1cticos por los que la Comunidad se propone dar testimonio religioso. Vela para que la Regla de Vida se lea peri\u00f3dicamente en Comunidad.<\/p>\n\n\n\n<h4 class=\"wp-block-heading has-vivid-purple-color has-text-color\"><br><strong>Al Hno. Anastase, 1 de junio de 1846<\/strong><\/h4>\n\n\n\n<p class=\"has-white-background-color has-background\">\u00a1Qu\u00e9 hermosa es su misi\u00f3n y cu\u00e1nto bendigo a Dios por hab\u00e9rselas dado, porque trabajando en la santificaci\u00f3n de los ni\u00f1os que les son confiados, es como trabajan en su propia santificaci\u00f3n!<\/p>\n\n\n\n<h4 class=\"wp-block-heading has-vivid-purple-color has-text-color\"><strong>Difuntos<\/strong><\/h4>\n\n\n\n<p class=\"has-text-align-left\">1937: Rigoberto Arg\u00fceso (Feliciano). Naci\u00f3 en Llano (Cantabria) en 1919. Muri\u00f3 durante la guerra civil espa\u00f1ola en Plasencia (C\u00e1ceres).<br><br>1966: Adalbert Beno\u00eet Fraser<br>1997: Remo Carnir (Costantino). Naci\u00f3 en Roma y muri\u00f3 en Castelgandolfo. <br>2006: Marcel Hubert (Hubert)<\/p>\n","protected":false},"excerpt":{"rendered":"<p>Oraci\u00f3n Se\u00f1or, haz que escuchelos llamados que vienen de los hombres.Se\u00f1or, haz que escuchelos gritos de los ni\u00f1os y j\u00f3venes&nbsp;que vienen de la vida y de la historia&nbsp;que van tejiendo a nuestro lado.Se\u00f1or, haz que vea&nbsp;todo con ojos nuevos,&nbsp;con coraz\u00f3n de entra\u00f1able misericordia.Se\u00f1or haz que vea&nbsp;y que avive mi pasi\u00f3n por los ni\u00f1os,&nbsp;por los j\u00f3venes &hellip; <a href=\"https:\/\/menesianosoy.org\/index.php\/2023\/09\/09\/miercoles-23o-del-tiempo-durante-el-ano-2\/\" class=\"more-link\">Continue reading<span class=\"screen-reader-text\"> \u00abMi\u00e9rcoles 23\u00ba del tiempo durante el a\u00f1o\u00bb<\/span><\/a><\/p>\n","protected":false},"author":3,"featured_media":0,"comment_status":"closed","ping_status":"closed","sticky":false,"template":"","format":"standard","meta":{"_acf_changed":false,"footnotes":""},"categories":[3],"tags":[],"class_list":["post-3280","post","type-post","status-publish","format-standard","hentry","category-calendario"],"acf":[],"_links":{"self":[{"href":"https:\/\/menesianosoy.org\/index.php\/wp-json\/wp\/v2\/posts\/3280","targetHints":{"allow":["GET"]}}],"collection":[{"href":"https:\/\/menesianosoy.org\/index.php\/wp-json\/wp\/v2\/posts"}],"about":[{"href":"https:\/\/menesianosoy.org\/index.php\/wp-json\/wp\/v2\/types\/post"}],"author":[{"embeddable":true,"href":"https:\/\/menesianosoy.org\/index.php\/wp-json\/wp\/v2\/users\/3"}],"replies":[{"embeddable":true,"href":"https:\/\/menesianosoy.org\/index.php\/wp-json\/wp\/v2\/comments?post=3280"}],"version-history":[{"count":9,"href":"https:\/\/menesianosoy.org\/index.php\/wp-json\/wp\/v2\/posts\/3280\/revisions"}],"predecessor-version":[{"id":3294,"href":"https:\/\/menesianosoy.org\/index.php\/wp-json\/wp\/v2\/posts\/3280\/revisions\/3294"}],"wp:attachment":[{"href":"https:\/\/menesianosoy.org\/index.php\/wp-json\/wp\/v2\/media?parent=3280"}],"wp:term":[{"taxonomy":"category","embeddable":true,"href":"https:\/\/menesianosoy.org\/index.php\/wp-json\/wp\/v2\/categories?post=3280"},{"taxonomy":"post_tag","embeddable":true,"href":"https:\/\/menesianosoy.org\/index.php\/wp-json\/wp\/v2\/tags?post=3280"}],"curies":[{"name":"wp","href":"https:\/\/api.w.org\/{rel}","templated":true}]}}