{"id":33041,"date":"2026-03-06T16:06:31","date_gmt":"2026-03-06T19:06:31","guid":{"rendered":"https:\/\/menesianosoy.org\/?p=33041"},"modified":"2026-03-09T06:05:16","modified_gmt":"2026-03-09T09:05:16","slug":"santa-francisca-romana-3","status":"publish","type":"post","link":"https:\/\/menesianosoy.org\/index.php\/2026\/03\/06\/santa-francisca-romana-3\/","title":{"rendered":"Santa Francisca Romana"},"content":{"rendered":"\n<h5 class=\"wp-block-heading has-text-align-left has-text-color has-link-color wp-elements-14d1d475d17bd457aa48de8e8ff699f1\" style=\"color:#5a1919\"><br><strong>2\u00ba Reyes 5, 1-15<br>Salmo 41 (42), 2-3; 42, 3-4<\/strong><\/h5>\n\n\n\n<h4 class=\"wp-block-heading has-text-align-left has-vivid-red-color has-text-color has-link-color wp-elements-a9e1b2983657215cb5a92503eddc7d1b\"><br><strong>Evangelio: Lucas 4, 24-30<\/strong><\/h4>\n\n\n\n<figure class=\"wp-block-audio\"><audio controls src=\"https:\/\/menesianosoy.org\/wp-content\/uploads\/2026\/03\/Lunes-9-de-marzo.mp3\"><\/audio><\/figure>\n\n\n\n<p class=\"has-text-align-left\"><strong><em>Jes\u00fas dijo a la multitud: Les aseguro que ning\u00fan profeta es bien recibido en su tierra. Yo les aseguro que hab\u00eda muchas viudas en Israel en el tiempo de El\u00edas, cuando durante tres a\u00f1os y seis meses no hubo lluvia del cielo y el hambre azot\u00f3 a todo el pa\u00eds. Sin embargo, a ninguna de ellas fue enviado El\u00edas, sino a una viuda de Sarepta, en el pa\u00eds de Sid\u00f3n.<br>Tambi\u00e9n hab\u00eda muchos leprosos en Israel, en el tiempo del profeta Eliseo, pero ninguno de ellos fue curado, sino Naam\u00e1n, el sirio.<br>Al o\u00edr estas palabras, todos los que estaban en la sinagoga se enfurecieron y, levant\u00e1ndose, lo empujaron fuera de la ciudad, hasta un lugar escarpado de la colina sobre la que se levantaba la ciudad, con intenci\u00f3n de despe\u00f1arlo.<br>Pero Jes\u00fas, pasando en medio de ellos, continu\u00f3 su camino.<\/em><\/strong><\/p>\n\n\n\n<figure class=\"wp-block-image size-full is-resized\"><img loading=\"lazy\" decoding=\"async\" width=\"400\" height=\"401\" src=\"https:\/\/menesianosoy.org\/wp-content\/uploads\/2024\/03\/3c1.jpg\" alt=\"\" class=\"wp-image-10607\" style=\"width:468px;height:auto\" srcset=\"https:\/\/menesianosoy.org\/wp-content\/uploads\/2024\/03\/3c1.jpg 400w, https:\/\/menesianosoy.org\/wp-content\/uploads\/2024\/03\/3c1-300x300.jpg 300w, https:\/\/menesianosoy.org\/wp-content\/uploads\/2024\/03\/3c1-150x150.jpg 150w\" sizes=\"auto, (max-width: 400px) 85vw, 400px\" \/><\/figure>\n\n\n\n<p class=\"has-text-align-left\">En la sinagoga de Nazaret, ciudad donde Jes\u00fas creci\u00f3, todos lo conoc\u00edan, tambi\u00e9n a su familia. Tras un tiempo ausente, el regresa, pero de un modo nuevo: ha le\u00eddo una profec\u00eda de Isa\u00edas sobre el Mes\u00edas y ha anunciado su cumplimiento, dando a entender que \u00e9ste se daba en \u00c9l. Ello provoca sentimientos encontrados en su auditorio. Los habitantes de Nazaret que se maravillaban de Jes\u00fas (v. 22) inmediatamente se llenan de ira ante sus palabras (v. 28).<br><br>Sime\u00f3n en el templo ya hab\u00eda dicho que \u00e9l ser\u00eda causa de dolor y gozo; es que Jes\u00fas vino a dar testimonio de la verdad por eso muestra la mezquindad de aquellos hombres que no han sabido ver la verdad que tienen en s\u00ed las palabras del Se\u00f1or (v. 22). El verdadero profeta no obedece m\u00e1s que a Dios y se pone al servicio de la verdad.<br><br>Debemos pedir a Jes\u00fas que aumente nuestra fe para que podamos comprender lo que revela en su Evangelio y aceptar sus palabras. Creer en Dios y vivir el Evangelio supone abandonar los propios estereotipos y acoger el rostro concreto en quien Dios se nos ha revelado \u2013el hombre Jes\u00fas de Nazaret\u2013 por medio de su Evangelios y seguir sus huellas, hasta el extremo. Este camino pasa tambi\u00e9n por reconocerlo y a servirlo en los dem\u00e1s.<\/p>\n\n\n\n<p class=\"has-text-align-left\"><br><strong>M\u00c1XIMA<br>Seguir a Jes\u00fas es creer en su palabra<\/strong>.<\/p>\n\n\n\n<h4 class=\"wp-block-heading has-text-align-left has-vivid-red-color has-text-color has-link-color wp-elements-c1bf1da3deddb34bffe12321694e9907\"><br><strong>Palabras de Juan Mar\u00eda de La Mennais<\/strong><\/h4>\n\n\n\n<p class=\"has-text-align-left\"><img loading=\"lazy\" decoding=\"async\" width=\"150\" height=\"165\" class=\"wp-image-21587\" style=\"width: 150px;\" src=\"https:\/\/menesianosoy.org\/wp-content\/uploads\/2025\/03\/JMLM.png\" alt=\"\" srcset=\"https:\/\/menesianosoy.org\/wp-content\/uploads\/2025\/03\/JMLM.png 330w, https:\/\/menesianosoy.org\/wp-content\/uploads\/2025\/03\/JMLM-273x300.png 273w\" sizes=\"auto, (max-width: 150px) 85vw, 150px\" \/><br><em>Les repito: escuchen a Dios, inclinen su coraz\u00f3n a las palabras de su boca; que ellas caigan sobre su coraz\u00f3n como un dulce roc\u00edo.<\/em><\/p>\n\n\n\n<h4 class=\"wp-block-heading has-text-align-left has-vivid-red-color has-text-color has-link-color wp-elements-929e832bc59dbd148c7a31e0d55d512d\"><br><strong>En mi Getseman\u00ed &#8211; Mar\u00eda Jos\u00e9 Bravo<\/strong><\/h4>\n\n\n\n<figure class=\"wp-block-embed is-type-video is-provider-youtube wp-block-embed-youtube wp-embed-aspect-4-3 wp-has-aspect-ratio\"><div class=\"wp-block-embed__wrapper\">\n<iframe loading=\"lazy\" title=\"En Mi Getsemani\u0301\" width=\"1140\" height=\"855\" src=\"https:\/\/www.youtube.com\/embed\/Smh-lP0bXx4?feature=oembed\" frameborder=\"0\" allow=\"accelerometer; autoplay; clipboard-write; encrypted-media; gyroscope; picture-in-picture; web-share\" referrerpolicy=\"strict-origin-when-cross-origin\" allowfullscreen><\/iframe>\n<\/div><\/figure>\n\n\n\n<p class=\"has-text-align-left\">Para que mi amor no sea un sentimiento,<br>tan solo un deslumbramiento pasajero.<br>Para no gastar mis palabras m\u00e1s m\u00edas<br>ni vaciar de contenido mi \u201cte quiero\u201d.<br><br>Quiero hundir m\u00e1s hondo mi ra\u00edz en ti<br>y cimentar en solidez este mi afecto,<br>pues mi coraz\u00f3n, que es inquieto y es fr\u00e1gil<br>s\u00f3lo acierta si se abraza a tu proyecto.<br><br><em>M\u00e1s all\u00e1 de mis miedos,<\/em><br><em>m\u00e1s all\u00e1 de mi inseguridad,<\/em><br><em>quiero darte mi respuesta.<\/em><br><em>Aqu\u00ed estoy para hacer tu voluntad,<\/em><br><em>para que mi amor sea decirte \u201cs\u00ed\u201d<\/em><br><em>hasta el final.<\/em><br><br>Duermen en su sopor y temen en el huerto.<br>Ni sus amigos acompa\u00f1an al Maestro.<br>Si es hora de cruz, es de fidelidades,<br>pero el mundo nunca quiere aceptar esto.<br><br>Dame comprender, Se\u00f1or, tu amor tan puro,<br>amor que persevera en cruz, amor perfecto.<br>Dame serte fiel cuando todo es oscuro,<br>para que mi amor no sea un sentimiento.<br><br>No es en las palabras ni es en las promesas<br>donde la historia tiene su motor secreto.<br>S\u00f3lo es el amor en la cruz madurado,<br>el amor que mueve a todo el universo.<br><br>Pongo mi peque\u00f1a vida hoy en tus manos,<br>por sobre mis inseguridades y mis miedos.<br>Y para elegir tu querer y no el m\u00edo,<br>hazme en el Getseman\u00ed fiel y despierto.<\/p>\n\n\n\n<p class=\"has-vivid-purple-background-color has-background\"><\/p>\n\n\n\n<h5 class=\"wp-block-heading has-text-align-left has-small-font-size\"><img loading=\"lazy\" decoding=\"async\" width=\"150\" height=\"158\" class=\"wp-image-33048\" style=\"width: 150px;\" src=\"https:\/\/menesianosoy.org\/wp-content\/uploads\/2026\/03\/Francisca.jpg\" alt=\"\"><br><strong>Francisca contrajo matrimonio de muy joven y tuvo 3 hijos, dos de los cuales murieron a causa de la peste. No obstante, su matrimonio sali\u00f3 adelante. Sin embargo, la santa perder\u00eda tr\u00e1gicamente a su esposo en la guerra. Ella, fiel a su b\u00fasqueda de Dios y sus planes, termin\u00f3 por abrazar la vida religiosa, llegando a constituir una familia espiritual que subsiste hasta hoy.<br>Acompa\u00f1ada por su director espiritual, inici\u00f3 un camino que la condujo a la vida religiosa. El 15 de agosto de 1425, d\u00eda de la Asunci\u00f3n de la Virgen Mar\u00eda, Francisca, junto a 9 compa\u00f1eras, hizo su consagraci\u00f3n en la cofrad\u00eda de las oblatas benedictinas (Orden de San Benito). Su misi\u00f3n principal era la dedicaci\u00f3n total al servicio de los m\u00e1s pobres. Claro que, de acuerdo con el esp\u00edritu benedictino, deb\u00edan dedicar el mayor tiempo posible a la oraci\u00f3n y meditaci\u00f3n.<br>En 1433, Francisca fund\u00f3 el monasterio de Tor de Specchi, al que se mud\u00f3 junto a las oblatas que deseaban tener una vida en com\u00fan y fortalecer as\u00ed su servicio a los dem\u00e1s. A Francisca, Dios le concedi\u00f3 la gracia de poder ver a su \u00e1ngel de la guarda y experimentarse siempre guiada y protegida. Ella lo describ\u00eda as\u00ed: \u00abEra de una belleza incre\u00edble, con un cutis m\u00e1s blanco que la nieve y un rubor que superaba el arrebol de las rosas. Sus ojos, siempre abiertos tornados hacia el cielo, el largo cabello ensortijado ten\u00eda el color del oro bru\u00f1ido\u201d.<br>El Padre Teodoro Muti, expres\u00f3 que \u00abSanta Francisca Romana fue la Madre Teresa del siglo XV. Era la santa de los pobres y necesitados. Pertenec\u00eda a una familia rica y noble, pero asist\u00eda a los enfermos en los hospitales y se preocupaba tambi\u00e9n por su salud espiritual\u201d.<br>Santa Francisca Romana muri\u00f3 el 9 de marzo de 1440 y fue canonizada el 9 de mayo de 1608 por el Papa Pablo V.<\/strong><\/h5>\n\n\n\n<hr class=\"wp-block-separator has-alpha-channel-opacity\"\/>\n\n\n\n<p><a href=\"#_ftnref1\" id=\"_ftn1\"><\/a>&nbsp;<\/p>\n","protected":false},"excerpt":{"rendered":"<p>2\u00ba Reyes 5, 1-15Salmo 41 (42), 2-3; 42, 3-4 Evangelio: Lucas 4, 24-30 Jes\u00fas dijo a la multitud: Les aseguro que ning\u00fan profeta es bien recibido en su tierra. Yo les aseguro que hab\u00eda muchas viudas en Israel en el tiempo de El\u00edas, cuando durante tres a\u00f1os y seis meses no hubo lluvia del cielo &hellip; <a href=\"https:\/\/menesianosoy.org\/index.php\/2026\/03\/06\/santa-francisca-romana-3\/\" class=\"more-link\">Continue reading<span class=\"screen-reader-text\"> \u00abSanta Francisca Romana\u00bb<\/span><\/a><\/p>\n","protected":false},"author":3,"featured_media":0,"comment_status":"closed","ping_status":"closed","sticky":false,"template":"","format":"standard","meta":{"_acf_changed":false,"footnotes":""},"categories":[9],"tags":[],"class_list":["post-33041","post","type-post","status-publish","format-standard","hentry","category-evangelio"],"acf":[],"_links":{"self":[{"href":"https:\/\/menesianosoy.org\/index.php\/wp-json\/wp\/v2\/posts\/33041","targetHints":{"allow":["GET"]}}],"collection":[{"href":"https:\/\/menesianosoy.org\/index.php\/wp-json\/wp\/v2\/posts"}],"about":[{"href":"https:\/\/menesianosoy.org\/index.php\/wp-json\/wp\/v2\/types\/post"}],"author":[{"embeddable":true,"href":"https:\/\/menesianosoy.org\/index.php\/wp-json\/wp\/v2\/users\/3"}],"replies":[{"embeddable":true,"href":"https:\/\/menesianosoy.org\/index.php\/wp-json\/wp\/v2\/comments?post=33041"}],"version-history":[{"count":8,"href":"https:\/\/menesianosoy.org\/index.php\/wp-json\/wp\/v2\/posts\/33041\/revisions"}],"predecessor-version":[{"id":33237,"href":"https:\/\/menesianosoy.org\/index.php\/wp-json\/wp\/v2\/posts\/33041\/revisions\/33237"}],"wp:attachment":[{"href":"https:\/\/menesianosoy.org\/index.php\/wp-json\/wp\/v2\/media?parent=33041"}],"wp:term":[{"taxonomy":"category","embeddable":true,"href":"https:\/\/menesianosoy.org\/index.php\/wp-json\/wp\/v2\/categories?post=33041"},{"taxonomy":"post_tag","embeddable":true,"href":"https:\/\/menesianosoy.org\/index.php\/wp-json\/wp\/v2\/tags?post=33041"}],"curies":[{"name":"wp","href":"https:\/\/api.w.org\/{rel}","templated":true}]}}