{"id":33051,"date":"2026-03-06T16:17:22","date_gmt":"2026-03-06T19:17:22","guid":{"rendered":"https:\/\/menesianosoy.org\/?p=33051"},"modified":"2026-03-06T16:26:31","modified_gmt":"2026-03-06T19:26:31","slug":"santa-francisca-romana-4","status":"publish","type":"post","link":"https:\/\/menesianosoy.org\/index.php\/2026\/03\/06\/santa-francisca-romana-4\/","title":{"rendered":"Santa Francisca Romana"},"content":{"rendered":"\n<h5 class=\"wp-block-heading has-text-align-left has-text-color has-link-color wp-elements-09892e7bdbd32006c5b184704451cb75\" style=\"color:#381657\"><br><strong>1915 &#8211; La Sagrada Congregaci\u00f3n de Ritos da una sentencia favorable de \u201cnon cultu\u201d para nuestro Venerable Padre<\/strong>.<\/h5>\n\n\n\n<h4 class=\"wp-block-heading has-text-align-left has-vivid-red-color has-text-color has-link-color wp-elements-0d3bba1292b8030bef905a45afd13c8e\"><br><strong>Oraci\u00f3n<\/strong><\/h4>\n\n\n\n<p class=\"has-text-align-left\"><strong><em>Se\u00f1or,<br>que puedas encontrar en nosotros<br>todas las perfecciones de tu Hijo,<br>que seamos,<br>en la medida que lo permita<br>la debilidad humana,<br>revestidos de Jesucristo,<br>que sigamos a Cristo<br>en todos sus caminos,<br>que juzguemos todas las cosas<br>como \u00e9l las juzga,<br>que amemos lo que \u00e9l ama,<br>que despreciemos lo que \u00e9l desprecia.<br>En una palabra,<br>que todos nuestros pensamientos<br>sean conformes a sus pensamientos<br>y que seamos su imagen viva. Am\u00e9n<br>(Juan Mar\u00eda)<\/em><\/strong><\/p>\n\n\n\n<h4 class=\"wp-block-heading has-text-align-left has-vivid-red-color has-text-color has-link-color wp-elements-7deb30c5a46c2fe0af76f92c82f8d39a\"><br><strong>Intenciones<\/strong><\/h4>\n\n\n\n<ul class=\"wp-block-list\">\n<li>Por los equipos directivos y de orientaci\u00f3n de nuestros centros educativos.<\/li>\n\n\n\n<li>Por los enfermos y discapacitados de nuestras comunidades.<\/li>\n\n\n\n<li>Por los menesianos, las obras y las nuevas vocaciones de la provincia San Juan Bautista (Francia &#8211; Inglaterra &#8211; Italia),<\/li>\n\n\n\n<li>Por las vocaciones consagradas en la Iglesia.<\/li>\n\n\n\n<li>Por la familia menesiana del colegio Sagrado Coraz\u00f3n de Llay-Llay y la de Santo Domingo de la Calzada.<\/li>\n\n\n\n<li>Por la paz en el mundo.<\/li>\n<\/ul>\n\n\n\n<h4 class=\"wp-block-heading has-text-align-left has-vivid-red-color has-text-color has-link-color wp-elements-d8c6b860ed7aa6ff3372b56e8f2489ed\"><br><strong>Regla de Vida n\u00ba 37bc<\/strong><\/h4>\n\n\n\n<p class=\"has-text-align-left\"><em>La castidad, don de Dios:<\/em><br>Este \u00abdon precioso\u00bb el Hermano lo acoge y lo reaviva en la oraci\u00f3n y en la recepci\u00f3n de los sacramentos de la Eucarist\u00eda y de la Reconciliaci\u00f3n.<br>Por la castidad as\u00ed elegida y asumida, vivida en la humildad, sencillez y transparencia, el Hermano da testimonio gozoso del don recibido.<\/p>\n\n\n\n<h4 class=\"wp-block-heading has-text-align-left has-vivid-red-color has-text-color has-link-color wp-elements-f13843c49f0843bd6cfcb2c29f8927d0\"><br><strong>Serm\u00f3n 319 sobre el cielo<\/strong><\/h4>\n\n\n\n<p class=\"has-text-align-left\"><em>Dios presente como verdad, como justicia, como bondad infinitamente comunicativa; Dios presente en el coraz\u00f3n y viviendo en \u00e9l, actuando con libertad, caminando como dice la Escritura, \u201cdeambulabo in eis\u201d, no como una presencia vac\u00eda, sino lleno de amor.<\/em><\/p>\n\n\n\n<h4 class=\"wp-block-heading has-text-align-left has-vivid-red-color has-text-color has-link-color wp-elements-1cd4b724fdd0ffc35884cb45183847cc\"><br><strong>Difuntos<\/strong><\/h4>\n\n\n\n<p class=\"has-text-align-left\">1972: Jean-Marie Piton (Maurice-Joseph)<br>1976: Jean-Louis Rivard (Fabien-Louis)<br>2003 \u00c9variste Grandbois (Louis-\u00c9mile)<br>2013: Louis Le Roux<br>2020: Michel Jamois (Louis-Berchmans)<\/p>\n\n\n\n<p class=\"has-text-align-left has-vivid-cyan-blue-background-color has-background\"><\/p>\n\n\n\n<ol start=\"1915\" class=\"wp-block-list\"><\/ol>\n","protected":false},"excerpt":{"rendered":"<p>1915 &#8211; La Sagrada Congregaci\u00f3n de Ritos da una sentencia favorable de \u201cnon cultu\u201d para nuestro Venerable Padre. Oraci\u00f3n Se\u00f1or,que puedas encontrar en nosotrostodas las perfecciones de tu Hijo,que seamos,en la medida que lo permitala debilidad humana,revestidos de Jesucristo,que sigamos a Cristoen todos sus caminos,que juzguemos todas las cosascomo \u00e9l las juzga,que amemos lo que &hellip; <a href=\"https:\/\/menesianosoy.org\/index.php\/2026\/03\/06\/santa-francisca-romana-4\/\" class=\"more-link\">Continue reading<span class=\"screen-reader-text\"> \u00abSanta Francisca Romana\u00bb<\/span><\/a><\/p>\n","protected":false},"author":3,"featured_media":0,"comment_status":"closed","ping_status":"closed","sticky":false,"template":"","format":"standard","meta":{"_acf_changed":false,"footnotes":""},"categories":[3],"tags":[],"class_list":["post-33051","post","type-post","status-publish","format-standard","hentry","category-calendario"],"acf":[],"_links":{"self":[{"href":"https:\/\/menesianosoy.org\/index.php\/wp-json\/wp\/v2\/posts\/33051","targetHints":{"allow":["GET"]}}],"collection":[{"href":"https:\/\/menesianosoy.org\/index.php\/wp-json\/wp\/v2\/posts"}],"about":[{"href":"https:\/\/menesianosoy.org\/index.php\/wp-json\/wp\/v2\/types\/post"}],"author":[{"embeddable":true,"href":"https:\/\/menesianosoy.org\/index.php\/wp-json\/wp\/v2\/users\/3"}],"replies":[{"embeddable":true,"href":"https:\/\/menesianosoy.org\/index.php\/wp-json\/wp\/v2\/comments?post=33051"}],"version-history":[{"count":4,"href":"https:\/\/menesianosoy.org\/index.php\/wp-json\/wp\/v2\/posts\/33051\/revisions"}],"predecessor-version":[{"id":33057,"href":"https:\/\/menesianosoy.org\/index.php\/wp-json\/wp\/v2\/posts\/33051\/revisions\/33057"}],"wp:attachment":[{"href":"https:\/\/menesianosoy.org\/index.php\/wp-json\/wp\/v2\/media?parent=33051"}],"wp:term":[{"taxonomy":"category","embeddable":true,"href":"https:\/\/menesianosoy.org\/index.php\/wp-json\/wp\/v2\/categories?post=33051"},{"taxonomy":"post_tag","embeddable":true,"href":"https:\/\/menesianosoy.org\/index.php\/wp-json\/wp\/v2\/tags?post=33051"}],"curies":[{"name":"wp","href":"https:\/\/api.w.org\/{rel}","templated":true}]}}