{"id":33074,"date":"2026-03-07T09:54:32","date_gmt":"2026-03-07T12:54:32","guid":{"rendered":"https:\/\/menesianosoy.org\/?p=33074"},"modified":"2026-03-08T10:34:35","modified_gmt":"2026-03-08T13:34:35","slug":"martes-de-la-4o-semana-de-cuaresma-2","status":"publish","type":"post","link":"https:\/\/menesianosoy.org\/index.php\/2026\/03\/07\/martes-de-la-4o-semana-de-cuaresma-2\/","title":{"rendered":"Martes de la 3\u00aa semana de Cuaresma"},"content":{"rendered":"\n<h5 class=\"wp-block-heading has-text-align-left has-text-color has-link-color wp-elements-869bb9c310eb30521f596b293ffd4cb5\" style=\"color:#4a2071\"><strong>1952 &#8211; Inauguraci\u00f3n del Colegio \u00abInstituto Nuestra Se\u00f1ora de Guadalupe\u00bb en Canelones (Uruguay). Formaban la Comunidad los Hermanos Miguel, Guillermo, Pedro y Esteban.<\/strong><\/h5>\n\n\n\n<h4 class=\"wp-block-heading has-text-align-left has-vivid-red-color has-text-color has-link-color wp-elements-0d3bba1292b8030bef905a45afd13c8e\"><br><strong>Oraci\u00f3n<\/strong><\/h4>\n\n\n\n<p class=\"has-text-align-left\"><strong><em>Se\u00f1or Jes\u00fas,<br>T\u00fa que dijiste que todos sean uno,<br>te damos gracias por llamarnos a la unidad,<br>por desafiarnos a salir<br>de nuestros esquemas y seguridades.<br>Sabes de nuestras resistencias<br>e inseguridades,<br>sabes de nuestros sue\u00f1os y anhelos;<br>no te son desconocidas<br>nuestras limitaciones y pobrezas,<br>y tambi\u00e9n con ellas<br>quieres gestar la nueva realidad.<br>Nos confiamos a Mar\u00eda,<br>que sali\u00f3 a prisa al encuentro<br>de la vida que clama.<br>Haz de la familia menesiana<br>un cuerpo para la misi\u00f3n<br>que cuide y defienda la vida<br>de los m\u00e1s peque\u00f1os del sur.<br>Am\u00e9n.<\/em><\/strong><\/p>\n\n\n\n<h4 class=\"wp-block-heading has-text-align-left has-vivid-red-color has-text-color has-link-color wp-elements-7deb30c5a46c2fe0af76f92c82f8d39a\"><br><strong>Intenciones<\/strong><\/h4>\n\n\n\n<ul class=\"wp-block-list\">\n<li>Por los catequistas y agentes de pastoral de nuestros centros educativos.<\/li>\n\n\n\n<li>Por los menesianos, laicos y hermanos, que trabajan en Uruguay.<\/li>\n\n\n\n<li>Por los enfermos y discapacitados de nuestras comunidades.<\/li>\n\n\n\n<li>Por el cumplea\u00f1os del H. <strong>\u00c1ngel Mar\u00eda Manj\u00f3n<\/strong> (1946) de la comunidad de Santo Domingo de la Calzada.<\/li>\n\n\n\n<li>Por la comunidad menesiana de Quinta Normal.<\/li>\n\n\n\n<li>Por las vocaciones de laicos y hermanos en nuestra congregaci\u00f3n.<\/li>\n\n\n\n<li>Por la paz en el mundo.<\/li>\n<\/ul>\n\n\n\n<h4 class=\"wp-block-heading has-text-align-left has-vivid-red-color has-text-color has-link-color wp-elements-7dd0b4eb6684de5d4237bc7c752c5cc6\"><br><strong>Regla de Vida n\u00ba 38a<\/strong><\/h4>\n\n\n\n<p class=\"has-text-align-left\"><em>Opci\u00f3n de vida, camino de crecimiento:<\/em><br>La castidad es un estado din\u00e1mico, una elecci\u00f3n que se renueva a lo largo de la vida. Es un compromiso que el Hermano pone en pr\u00e1ctica d\u00eda tras d\u00eda, \u00abun aprendizaje del dominio de s\u00ed mismo que es una pedagog\u00eda de la libertad\u00bb.<\/p>\n\n\n\n<h4 class=\"wp-block-heading has-text-align-left has-vivid-red-color has-text-color has-link-color wp-elements-e076f7d314e29efc055620a321e4cd3d\"><br><strong>Al Hno. Anastase G\u00e9l\u00e9bart, 6 juin de 1844<\/strong><\/h4>\n\n\n\n<p class=\"has-text-align-left\"><em>Te recomiendo sobre todo una gran fidelidad a los ejercicios (de piedad) y una gran discreci\u00f3n en tus relaciones con las personas de fuera. Algunos se han perdido porque no se han mantenido vigilantes, olvidando esta frase de nuestro divino Maestro \u00abVelen y oren sin cesar, para que no entren en tentaci\u00f3n\u00bb<\/em>.<\/p>\n\n\n\n<h4 class=\"wp-block-heading has-text-align-left has-vivid-red-color has-text-color has-link-color wp-elements-1cd4b724fdd0ffc35884cb45183847cc\"><br><strong>Difuntos<\/strong><\/h4>\n\n\n\n<p class=\"has-text-align-left\">1994: Louis Louarn (Abel)<br>2012: Eug\u00eane Thomas (Emmanuel-Gr\u00e9goire<\/p>\n","protected":false},"excerpt":{"rendered":"<p>1952 &#8211; Inauguraci\u00f3n del Colegio \u00abInstituto Nuestra Se\u00f1ora de Guadalupe\u00bb en Canelones (Uruguay). Formaban la Comunidad los Hermanos Miguel, Guillermo, Pedro y Esteban. Oraci\u00f3n Se\u00f1or Jes\u00fas,T\u00fa que dijiste que todos sean uno,te damos gracias por llamarnos a la unidad,por desafiarnos a salirde nuestros esquemas y seguridades.Sabes de nuestras resistenciase inseguridades,sabes de nuestros sue\u00f1os y anhelos;no &hellip; <a href=\"https:\/\/menesianosoy.org\/index.php\/2026\/03\/07\/martes-de-la-4o-semana-de-cuaresma-2\/\" class=\"more-link\">Continue reading<span class=\"screen-reader-text\"> \u00abMartes de la 3\u00aa semana de Cuaresma\u00bb<\/span><\/a><\/p>\n","protected":false},"author":3,"featured_media":0,"comment_status":"closed","ping_status":"closed","sticky":false,"template":"","format":"standard","meta":{"_acf_changed":false,"footnotes":""},"categories":[3],"tags":[],"class_list":["post-33074","post","type-post","status-publish","format-standard","hentry","category-calendario"],"acf":[],"_links":{"self":[{"href":"https:\/\/menesianosoy.org\/index.php\/wp-json\/wp\/v2\/posts\/33074","targetHints":{"allow":["GET"]}}],"collection":[{"href":"https:\/\/menesianosoy.org\/index.php\/wp-json\/wp\/v2\/posts"}],"about":[{"href":"https:\/\/menesianosoy.org\/index.php\/wp-json\/wp\/v2\/types\/post"}],"author":[{"embeddable":true,"href":"https:\/\/menesianosoy.org\/index.php\/wp-json\/wp\/v2\/users\/3"}],"replies":[{"embeddable":true,"href":"https:\/\/menesianosoy.org\/index.php\/wp-json\/wp\/v2\/comments?post=33074"}],"version-history":[{"count":13,"href":"https:\/\/menesianosoy.org\/index.php\/wp-json\/wp\/v2\/posts\/33074\/revisions"}],"predecessor-version":[{"id":33210,"href":"https:\/\/menesianosoy.org\/index.php\/wp-json\/wp\/v2\/posts\/33074\/revisions\/33210"}],"wp:attachment":[{"href":"https:\/\/menesianosoy.org\/index.php\/wp-json\/wp\/v2\/media?parent=33074"}],"wp:term":[{"taxonomy":"category","embeddable":true,"href":"https:\/\/menesianosoy.org\/index.php\/wp-json\/wp\/v2\/categories?post=33074"},{"taxonomy":"post_tag","embeddable":true,"href":"https:\/\/menesianosoy.org\/index.php\/wp-json\/wp\/v2\/tags?post=33074"}],"curies":[{"name":"wp","href":"https:\/\/api.w.org\/{rel}","templated":true}]}}