{"id":33099,"date":"2026-03-07T11:44:07","date_gmt":"2026-03-07T14:44:07","guid":{"rendered":"https:\/\/menesianosoy.org\/?p=33099"},"modified":"2026-03-08T10:34:19","modified_gmt":"2026-03-08T13:34:19","slug":"miercoles-de-la-4o-semana-de-cuaresma-4","status":"publish","type":"post","link":"https:\/\/menesianosoy.org\/index.php\/2026\/03\/07\/miercoles-de-la-4o-semana-de-cuaresma-4\/","title":{"rendered":"Mi\u00e9rcoles de la 3\u00aa semana de Cuaresma"},"content":{"rendered":"\n<h4 class=\"wp-block-heading has-text-align-left has-vivid-red-color has-text-color has-link-color wp-elements-0d3bba1292b8030bef905a45afd13c8e\"><br><strong>Oraci\u00f3n<\/strong><\/h4>\n\n\n\n<p><strong><em>Se\u00f1or,<br>que puedas encontrar en nosotros<br>todas las perfecciones de tu Hijo,<br>que seamos,<br>en la medida que lo permita<br>la debilidad humana,<br>revestidos de Jesucristo,<br>que sigamos a Cristo<br>en todos sus caminos,<br>que juzguemos todas las cosas<br>como \u00e9l las juzga,<br>que amemos lo que \u00e9l ama,<br>que despreciemos lo que \u00e9l desprecia.<br>En una palabra,<br>que todos nuestros pensamientos<br>sean conformes a sus pensamientos<br>y que seamos su imagen viva. Am\u00e9n<br>(Juan Mar\u00eda)<\/em><\/strong><\/p>\n\n\n\n<h4 class=\"wp-block-heading has-text-align-left has-vivid-red-color has-text-color has-link-color wp-elements-7deb30c5a46c2fe0af76f92c82f8d39a\"><br><strong>Intenciones<\/strong><\/h4>\n\n\n\n<ul class=\"wp-block-list\">\n<li>Por los docentes y los alumnos de nuestras comunidades educativas, sobre todo los m\u00e1s necesitados.<\/li>\n\n\n\n<li>Por el cumplea\u00f1os de nuestro Hermano <strong>Javier Juli\u00e1n<\/strong> (1956) de la comunidad de San Borja.<\/li>\n\n\n\n<li>Por los enfermos y discapacitados de nuestras comunidades educativas<\/li>\n\n\n\n<li>Por la familia menesiana del Centro Educacional de Culipr\u00e1n y la de Aguilar de Camp\u00f3o.<\/li>\n\n\n\n<li>Por los menesianos, las obras y las nuevas vocaciones de la provincia Santa Teresa del Ni\u00f1o Jes\u00fas (Uganda &#8211; Sud\u00e1n del Sur).<\/li>\n\n\n\n<li>Para que seamos fieles a nuestra consagraci\u00f3n. <\/li>\n<\/ul>\n\n\n\n<h4 class=\"wp-block-heading has-text-align-left has-vivid-red-color has-text-color has-link-color wp-elements-f5d31afe37d351844ee364182eda5cf5\"><br><strong>Regla de Vida n\u00ba 38b<\/strong><\/h4>\n\n\n\n<p class=\"has-text-align-left\"><em>Opci\u00f3n de vida, camino de crecimiento: <\/em><br>Viviendo el consejo evang\u00e9lico de la castidad, el Hermano asume la soledad inherente a su estado como la cruz que Jes\u00fas lo invita a llevar en su seguimiento. Acepta su sexualidad y su temperamento con lucidez y serenidad y trabaja para crecer en madurez y en su capacidad de amar. No presume de sus fuerzas y busca condiciones de vida que favorezcan el equilibrio psicoafectivo. Practica la guarda de los sentidos y adquiere a trav\u00e9s de la ascesis esa disciplina por la que asume gradualmente su celibato integr\u00e1ndolo en el desarrollo de su personalidad.<\/p>\n\n\n\n<h4 class=\"wp-block-heading has-text-align-left has-vivid-red-color has-text-color has-link-color wp-elements-d6bc949a9f21f9f15ea65d4e7f1a56c7\"><br><strong>Al sacerdote Ruault, el 15 de octubre de 1830<\/strong><\/h4>\n\n\n\n<p class=\"has-text-align-left\"><em>Sin duda la carga que te han colocado es pesada. Pero si Dios la ha puesto en tus hombros, te dar\u00e1 la fuerza para llevarla; ten confianza, \u00c9l no abandona nunca a los que se entregan a su gloria.<\/em><\/p>\n\n\n\n<h4 class=\"wp-block-heading has-text-align-left has-vivid-red-color has-text-color has-link-color wp-elements-1cd4b724fdd0ffc35884cb45183847cc\"><br><strong>Difuntos<\/strong><\/h4>\n\n\n\n<p class=\"has-text-align-left\"><img loading=\"lazy\" decoding=\"async\" width=\"129\" height=\"166\" class=\"wp-image-10738\" style=\"width: 129px;\" src=\"https:\/\/menesianosoy.org\/wp-content\/uploads\/2024\/03\/Miguel.png\" alt=\"\"><br>2001: <strong>Crist\u00f3bal Aparicio<\/strong> (<strong>Miguel<\/strong>), naci\u00f3 en Helecha (Palencia) en 1902. Trabaj\u00f3 en Argentina y uruguay desde 1937 hasta 1972. Muri\u00f3 en Bilbao.<br><br>1968: Eug\u00e8ne Gr\u00e9get (Marcien)<br>1980: Fran\u00e7ois Trudel (Simplicius-Joseph)<br>2002: Fran\u00e7ois Roy (S\u00e9bastien-Henri)<\/p>\n\n\n\n<p class=\"has-text-align-left has-vivid-cyan-blue-background-color has-background\"><\/p>\n","protected":false},"excerpt":{"rendered":"<p>Oraci\u00f3n Se\u00f1or,que puedas encontrar en nosotrostodas las perfecciones de tu Hijo,que seamos,en la medida que lo permitala debilidad humana,revestidos de Jesucristo,que sigamos a Cristoen todos sus caminos,que juzguemos todas las cosascomo \u00e9l las juzga,que amemos lo que \u00e9l ama,que despreciemos lo que \u00e9l desprecia.En una palabra,que todos nuestros pensamientossean conformes a sus pensamientosy que seamos &hellip; <a href=\"https:\/\/menesianosoy.org\/index.php\/2026\/03\/07\/miercoles-de-la-4o-semana-de-cuaresma-4\/\" class=\"more-link\">Continue reading<span class=\"screen-reader-text\"> \u00abMi\u00e9rcoles de la 3\u00aa semana de Cuaresma\u00bb<\/span><\/a><\/p>\n","protected":false},"author":3,"featured_media":0,"comment_status":"closed","ping_status":"closed","sticky":false,"template":"","format":"standard","meta":{"_acf_changed":false,"footnotes":""},"categories":[3],"tags":[],"class_list":["post-33099","post","type-post","status-publish","format-standard","hentry","category-calendario"],"acf":[],"_links":{"self":[{"href":"https:\/\/menesianosoy.org\/index.php\/wp-json\/wp\/v2\/posts\/33099","targetHints":{"allow":["GET"]}}],"collection":[{"href":"https:\/\/menesianosoy.org\/index.php\/wp-json\/wp\/v2\/posts"}],"about":[{"href":"https:\/\/menesianosoy.org\/index.php\/wp-json\/wp\/v2\/types\/post"}],"author":[{"embeddable":true,"href":"https:\/\/menesianosoy.org\/index.php\/wp-json\/wp\/v2\/users\/3"}],"replies":[{"embeddable":true,"href":"https:\/\/menesianosoy.org\/index.php\/wp-json\/wp\/v2\/comments?post=33099"}],"version-history":[{"count":16,"href":"https:\/\/menesianosoy.org\/index.php\/wp-json\/wp\/v2\/posts\/33099\/revisions"}],"predecessor-version":[{"id":33208,"href":"https:\/\/menesianosoy.org\/index.php\/wp-json\/wp\/v2\/posts\/33099\/revisions\/33208"}],"wp:attachment":[{"href":"https:\/\/menesianosoy.org\/index.php\/wp-json\/wp\/v2\/media?parent=33099"}],"wp:term":[{"taxonomy":"category","embeddable":true,"href":"https:\/\/menesianosoy.org\/index.php\/wp-json\/wp\/v2\/categories?post=33099"},{"taxonomy":"post_tag","embeddable":true,"href":"https:\/\/menesianosoy.org\/index.php\/wp-json\/wp\/v2\/tags?post=33099"}],"curies":[{"name":"wp","href":"https:\/\/api.w.org\/{rel}","templated":true}]}}