{"id":33119,"date":"2026-03-07T18:09:16","date_gmt":"2026-03-07T21:09:16","guid":{"rendered":"https:\/\/menesianosoy.org\/?p=33119"},"modified":"2026-03-11T21:46:41","modified_gmt":"2026-03-12T00:46:41","slug":"san-luis-orione-9","status":"publish","type":"post","link":"https:\/\/menesianosoy.org\/index.php\/2026\/03\/07\/san-luis-orione-9\/","title":{"rendered":"San Luis Orione"},"content":{"rendered":"\n<h5 class=\"wp-block-heading has-text-color has-link-color wp-elements-54ac62eea4699b288c8c080b138b26be\" style=\"color:#571313\"><br><strong>Jerem\u00edas 7, 23-28<br>Salmo 94 (95), 1-2.6-9<\/strong><\/h5>\n\n\n\n<h4 class=\"wp-block-heading has-text-align-left has-vivid-red-color has-text-color has-link-color wp-elements-f226642d536c18ae4c5bb23d35b91963\"><br><strong>Evangelio: Lucas 11, 14-23<\/strong><\/h4>\n\n\n\n<figure class=\"wp-block-audio\"><audio controls src=\"https:\/\/menesianosoy.org\/wp-content\/uploads\/2026\/03\/Jueves-12-de-marzo.mp3\"><\/audio><\/figure>\n\n\n\n<p class=\"has-text-align-left\"><strong><em>En aquel tiempo Jes\u00fas estaba expulsando a un demonio que era mudo.<br>Apenas sali\u00f3 el demonio, el mudo empez\u00f3 a hablar.<br>La muchedumbre qued\u00f3 admirada, pero algunos de ellos dec\u00edan: Este expulsa a los demonios por el poder de Belzebul, el Pr\u00edncipe de los demonios.<br>Otros, para ponerlo a prueba, exig\u00edan de \u00e9l un signo que viniera del cielo. Jes\u00fas, que conoc\u00eda sus pensamientos, les dijo: Un reino donde hay luchas internas va a la ruina y sus casas caen una sobre otra.<br>Si Satan\u00e1s lucha contra s\u00ed mismo, \u00bfc\u00f3mo podr\u00e1 subsistir su reino? Porque \u2013como ustedes dicen\u2013 yo expulso a los demonios con el poder de Belzebul.<\/em><\/strong> <strong><em>Si yo expulso a los demonios con el poder de Belzebul, \u00bfcon qu\u00e9 poder los expulsan los disc\u00edpulos de ustedes? Por eso, ustedes los tendr\u00e1n a ellos como jueces.<br>Pero si yo expulso a los demonios con la fuerza del dedo de Dios, quiere decir que el Reino de Dios ha llegado a ustedes. <br>Cuando un hombre fuerte y bien armado hace guardia en su palacio, todas sus posesiones est\u00e1n seguras, pero si viene otro m\u00e1s fuerte que \u00e9l y lo domina, le quita el arma en la que confiaba y reparte sus bienes.<br>El que no est\u00e1 conmigo, est\u00e1 contra m\u00ed; y el que no recoge conmigo, desparrama.<\/em><\/strong><\/p>\n\n\n\n<figure class=\"wp-block-image size-full is-resized\"><img loading=\"lazy\" decoding=\"async\" width=\"226\" height=\"223\" src=\"https:\/\/menesianosoy.org\/wp-content\/uploads\/2024\/03\/descarga.jpeg\" alt=\"\" class=\"wp-image-10626\" style=\"width:423px;height:auto\"\/><\/figure>\n\n\n\n<p class=\"has-text-align-left\">El hombre estaba mudo: no pod\u00eda hablar, expresarse, comunicarse. Cuando Jes\u00fas expulsa al demonio, recupera la palabra. Espiritualmente esto nos recuerda que el mal muchas veces nos quita la voz interior, nos paraliza, nos impide decir la verdad, pedir perd\u00f3n, agradecer o anunciar a Dios. Cuando Cristo entra en la vida de una persona, devuelve la libertad y tambi\u00e9n la capacidad de hablar, de dar testimonio.<br><br>Pero el Evangelio tambi\u00e9n muestra la dureza del coraz\u00f3n de algunos. En lugar de reconocer el bien que Jes\u00fas realiza, lo interpretan mal y lo atribuyen al poder del mal. Esto revela una actitud que tambi\u00e9n puede aparecer en nosotros: cuando el coraz\u00f3n est\u00e1 cerrado, incluso el bien puede ser visto con sospecha. No es falta de signos lo que les impide creer; es una disposici\u00f3n interior que no quiere aceptar a Jes\u00fas.<br><br>El Se\u00f1or responde con una l\u00f3gica muy sencilla: <em>un reino dividido no puede subsistir<\/em>. El mal no se destruye a s\u00ed mismo. Con estas palabras Jes\u00fas afirma que su obra es claramente obra de Dios, porque su misi\u00f3n es destruir el mal y liberar a las personas.<br>Jes\u00fas viene a restaurar, liberar y unir. Cuando lo dejamos actuar en nuestra vida, recuperamos la palabra, la esperanza y la capacidad de vivir en comuni\u00f3n con los dem\u00e1s.<\/p>\n\n\n\n<p class=\"has-text-align-left\"><br><strong>M\u00c1XIMA<br>El mal divide, Jes\u00fas une<\/strong><\/p>\n\n\n\n<h4 class=\"wp-block-heading has-text-align-left has-vivid-red-color has-text-color has-link-color wp-elements-21e72ba6ab8aac75548a19d39767613b\"><br><strong>Palabras de Juan Mar\u00eda de la Mennais<\/strong><\/h4>\n\n\n\n<p class=\"has-text-align-left\"><img loading=\"lazy\" decoding=\"async\" width=\"150\" height=\"127\" class=\"wp-image-16112\" style=\"width: 150px;\" src=\"https:\/\/menesianosoy.org\/wp-content\/uploads\/2024\/09\/ppp.png\" alt=\"\" srcset=\"https:\/\/menesianosoy.org\/wp-content\/uploads\/2024\/09\/ppp.png 450w, https:\/\/menesianosoy.org\/wp-content\/uploads\/2024\/09\/ppp-300x254.png 300w\" sizes=\"auto, (max-width: 150px) 85vw, 150px\" \/><br><em>El demonio buscar\u00e1 con miles sugestiones p\u00e9rfidas hacerles perder su divina vocaci\u00f3n, haci\u00e9ndoles concebir una alta idea de sus pobres talentos, se imaginar\u00e1n que ser\u00eda m\u00e1s f\u00e1cil para ustedes elevarse a una condici\u00f3n m\u00e1s brillante, y enorgullecido por estas ilusiones, insensiblemente se disgustar\u00e1n de sus deberes, le parecer\u00e1n cada vez m\u00e1s penosos, cuando antes le parec\u00edan ligeros y dulces. (Instrucci\u00f3n sobre la vocaci\u00f3n)<\/em><\/p>\n\n\n\n<h4 class=\"wp-block-heading has-text-align-left has-vivid-red-color has-text-color has-link-color wp-elements-e3dafc05e0375daef065475d2a8ac7b3\"><br><strong>Libertador de Nazaret \u2013 Coro Canto a Dios<\/strong><\/h4>\n\n\n\n<figure class=\"wp-block-embed is-type-video is-provider-youtube wp-block-embed-youtube wp-embed-aspect-4-3 wp-has-aspect-ratio\"><div class=\"wp-block-embed__wrapper\">\n<iframe loading=\"lazy\" title=\"canto de entrada para tiempo ordinario - Libertador de Nazaret - letra y Acordes - Coro Canto a Dios\" width=\"1140\" height=\"855\" src=\"https:\/\/www.youtube.com\/embed\/rK8xNl7cLUk?feature=oembed\" frameborder=\"0\" allow=\"accelerometer; autoplay; clipboard-write; encrypted-media; gyroscope; picture-in-picture; web-share\" referrerpolicy=\"strict-origin-when-cross-origin\" allowfullscreen><\/iframe>\n<\/div><\/figure>\n\n\n\n<p class=\"has-text-align-left\">Libertador de Nazareth,<br>ven junto a m\u00ed, ven junto a m\u00ed.<br>Libertador de Nazareth,<br>qu\u00e9 puedo hacer sin Ti.<br><br>Yo s\u00e9 que eres Camino,<br>que eres la Vida y la Verdad.<br>Yo s\u00e9 que quien te sigue<br>sabe a d\u00f3nde va.<br>Quiero tener tu vida,<br>seguir tus huellas, tener tu luz.<br>Quiero beber tu c\u00e1liz,<br>quiero llevar tu cruz.<br><br>Quiero encender mi fuego,<br>alumbrar mi vida y seguirte a Ti.<br>Quiero escucharte siempre,<br>quiero luchar por ti.<br>Y comenzar de nuevo,<br>te necesito libertador.<br>No puedo estar sin rumbo,<br>no puedo estar sin Dios.<\/p>\n\n\n\n<p class=\"has-vivid-purple-background-color has-background\"><\/p>\n\n\n\n<h5 class=\"wp-block-heading has-text-align-left has-small-font-size\"><img loading=\"lazy\" decoding=\"async\" width=\"150\" height=\"205\" class=\"wp-image-33128\" style=\"width: 150px;\" src=\"https:\/\/menesianosoy.org\/wp-content\/uploads\/2026\/03\/san-luis-orione.png\" alt=\"\" srcset=\"https:\/\/menesianosoy.org\/wp-content\/uploads\/2026\/03\/san-luis-orione.png 800w, https:\/\/menesianosoy.org\/wp-content\/uploads\/2026\/03\/san-luis-orione-219x300.png 219w, https:\/\/menesianosoy.org\/wp-content\/uploads\/2026\/03\/san-luis-orione-748x1024.png 748w, https:\/\/menesianosoy.org\/wp-content\/uploads\/2026\/03\/san-luis-orione-768x1051.png 768w\" sizes=\"auto, (max-width: 150px) 85vw, 150px\" \/><br><strong>Luis Orione, conocido como Don Orione, fue un sacerdote italiano nacido en 1872 en Italia. Desde joven mostr\u00f3 una gran sensibilidad por los pobres y un fuerte deseo de servir a Dios.<br>Ingres\u00f3 al seminario y fue ordenado sacerdote en 1895. Muy pronto comenz\u00f3 a dedicarse especialmente a los ni\u00f1os pobres, hu\u00e9rfanos y j\u00f3venes abandonados, creando escuelas y oratorios para darles educaci\u00f3n y formaci\u00f3n cristiana.<br>Fund\u00f3 la Peque\u00f1a Obra de la Divina Providencia, una congregaci\u00f3n religiosa dedicada a ayudar a los m\u00e1s necesitados. Dentro de esta obra surgieron varias ramas, entre ellas los Hijos de la Divina Providencia y las Peque\u00f1as Hermanas Misioneras de la Caridad. Su misi\u00f3n es clara: llevar a Cristo a los pobres y a los pobres a la Iglesia.<br>Don Orione se destac\u00f3 tambi\u00e9n por su gran caridad en momentos de cat\u00e1strofes, ayudando a las v\u00edctimas de terremotos y a muchas personas abandonadas, ancianos, enfermos y discapacitados.<br>Muri\u00f3 el 12 de marzo de 1940 y fue canonizado en 2004 por Juan Pablo II. <\/strong><\/h5>\n","protected":false},"excerpt":{"rendered":"<p>Jerem\u00edas 7, 23-28Salmo 94 (95), 1-2.6-9 Evangelio: Lucas 11, 14-23 En aquel tiempo Jes\u00fas estaba expulsando a un demonio que era mudo.Apenas sali\u00f3 el demonio, el mudo empez\u00f3 a hablar.La muchedumbre qued\u00f3 admirada, pero algunos de ellos dec\u00edan: Este expulsa a los demonios por el poder de Belzebul, el Pr\u00edncipe de los demonios.Otros, para ponerlo &hellip; <a href=\"https:\/\/menesianosoy.org\/index.php\/2026\/03\/07\/san-luis-orione-9\/\" class=\"more-link\">Continue reading<span class=\"screen-reader-text\"> \u00abSan Luis Orione\u00bb<\/span><\/a><\/p>\n","protected":false},"author":3,"featured_media":0,"comment_status":"closed","ping_status":"closed","sticky":false,"template":"","format":"standard","meta":{"_acf_changed":false,"footnotes":""},"categories":[9],"tags":[],"class_list":["post-33119","post","type-post","status-publish","format-standard","hentry","category-evangelio"],"acf":[],"_links":{"self":[{"href":"https:\/\/menesianosoy.org\/index.php\/wp-json\/wp\/v2\/posts\/33119","targetHints":{"allow":["GET"]}}],"collection":[{"href":"https:\/\/menesianosoy.org\/index.php\/wp-json\/wp\/v2\/posts"}],"about":[{"href":"https:\/\/menesianosoy.org\/index.php\/wp-json\/wp\/v2\/types\/post"}],"author":[{"embeddable":true,"href":"https:\/\/menesianosoy.org\/index.php\/wp-json\/wp\/v2\/users\/3"}],"replies":[{"embeddable":true,"href":"https:\/\/menesianosoy.org\/index.php\/wp-json\/wp\/v2\/comments?post=33119"}],"version-history":[{"count":6,"href":"https:\/\/menesianosoy.org\/index.php\/wp-json\/wp\/v2\/posts\/33119\/revisions"}],"predecessor-version":[{"id":33262,"href":"https:\/\/menesianosoy.org\/index.php\/wp-json\/wp\/v2\/posts\/33119\/revisions\/33262"}],"wp:attachment":[{"href":"https:\/\/menesianosoy.org\/index.php\/wp-json\/wp\/v2\/media?parent=33119"}],"wp:term":[{"taxonomy":"category","embeddable":true,"href":"https:\/\/menesianosoy.org\/index.php\/wp-json\/wp\/v2\/categories?post=33119"},{"taxonomy":"post_tag","embeddable":true,"href":"https:\/\/menesianosoy.org\/index.php\/wp-json\/wp\/v2\/tags?post=33119"}],"curies":[{"name":"wp","href":"https:\/\/api.w.org\/{rel}","templated":true}]}}