{"id":33130,"date":"2026-03-07T18:47:08","date_gmt":"2026-03-07T21:47:08","guid":{"rendered":"https:\/\/menesianosoy.org\/?p=33130"},"modified":"2026-03-11T22:08:28","modified_gmt":"2026-03-12T01:08:28","slug":"san-luis-orione-10","status":"publish","type":"post","link":"https:\/\/menesianosoy.org\/index.php\/2026\/03\/07\/san-luis-orione-10\/","title":{"rendered":"San Luis Orione"},"content":{"rendered":"\n<h4 class=\"wp-block-heading has-text-align-left has-vivid-red-color has-text-color has-link-color wp-elements-0d3bba1292b8030bef905a45afd13c8e\"><br><strong>Oraci\u00f3n<\/strong><\/h4>\n\n\n\n<p class=\"has-text-align-left\"><strong><em>Padre bueno,<br>te doy gracias por la vida,<br>regalo de tu amor.<br>Haz que la comparta con todos:<br>con mis hermanos, con mi familia,<br>con mis amigos,<br>tejiendo lazos como lo hizo Jes\u00fas.<br>Env\u00edame tu Esp\u00edritu Santo<br>para descubrir lo que quieres de m\u00ed.<br>Hazme cada d\u00eda m\u00e1s parecido a tu Hijo:<br>que sus sentimientos sean mis sentimientos,<br>que sus pensamientos<br>sean mis pensamientos,<br>que su proyecto sea mi proyecto,<br>que ame como \u00c9l am\u00f3.<br>Como a Mar\u00eda, Padre Bueno,<br>conc\u00e9denos a todos<br>un coraz\u00f3n d\u00f3cil a tu Palabra. Am\u00e9n<\/em><\/strong><\/p>\n\n\n\n<h4 class=\"wp-block-heading has-text-align-left has-vivid-red-color has-text-color has-link-color wp-elements-7deb30c5a46c2fe0af76f92c82f8d39a\"><br><strong>Intenciones<\/strong><\/h4>\n\n\n\n<ul class=\"wp-block-list\">\n<li>Por las vocaciones en nuestro Distrito, por la comisi\u00f3n de pastoral vocacional y la casa de formaci\u00f3n de El Alto.<\/li>\n\n\n\n<li>Por la experiencia de Yamil en Maldonado.<\/li>\n\n\n\n<li>Por los equipos de administraci\u00f3n de nuestros centros educativos.<\/li>\n\n\n\n<li>Por los enfermos y discapacitados de nuestras comunidades.<\/li>\n\n\n\n<li>Por los menesianos, las obras y las nuevas vocaciones de la provincia San Luis Gonzaga de Hait\u00ed.<\/li>\n\n\n\n<li>Por la familia menesiana del colegio San Pablo de Luj\u00e1n de Cuyo y la de Berrio-Otxoa.<\/li>\n\n\n\n<li>Por la paz en el mundo.<\/li>\n<\/ul>\n\n\n\n<h4 class=\"wp-block-heading has-vivid-red-color has-text-color has-link-color wp-elements-d9780f09278eb13d825147378c516ff6\"><br><strong>Regla de Vida n\u00ba 38.1<\/strong><\/h4>\n\n\n\n<p class=\"has-text-align-left\"><em>Opci\u00f3n de vida, camino de crecimiento: <\/em><br>En cada etapa de la formaci\u00f3n inicial, los candidatos y los Hermanos j\u00f3venes reciben una formaci\u00f3n adecuada en el campo de las relaciones afectivas y de la sexualidad.<\/p>\n\n\n\n<h4 class=\"wp-block-heading has-text-align-left has-vivid-red-color has-text-color has-link-color wp-elements-111d2e2bb3aff0352ed7444d2e123cc0\"><br><strong>Al Ferdinand Tourtier, 15 octubre 1839<\/strong><\/h4>\n\n\n\n<p class=\"has-text-align-left\"><em>Bendigo al Se\u00f1or por lo que tengo que sufrir, porque es necesario que llevemos esta cruz con la que hemos sido salvados.<\/em><\/p>\n\n\n\n<h4 class=\"wp-block-heading has-text-align-left has-vivid-red-color has-text-color has-link-color wp-elements-1cd4b724fdd0ffc35884cb45183847cc\"><br><strong>Difuntos<\/strong><\/h4>\n\n\n\n<p class=\"has-text-align-left\">2003: Paul Monette (Jacques)<br>2006: Ben\u00f4it Aubr\u00e9e<br>2022: Paul Tiriau (Gustave-Claude)<\/p>\n\n\n\n<p class=\"has-vivid-cyan-blue-background-color has-background\"><\/p>\n","protected":false},"excerpt":{"rendered":"<p>Oraci\u00f3n Padre bueno,te doy gracias por la vida,regalo de tu amor.Haz que la comparta con todos:con mis hermanos, con mi familia,con mis amigos,tejiendo lazos como lo hizo Jes\u00fas.Env\u00edame tu Esp\u00edritu Santopara descubrir lo que quieres de m\u00ed.Hazme cada d\u00eda m\u00e1s parecido a tu Hijo:que sus sentimientos sean mis sentimientos,que sus pensamientossean mis pensamientos,que su proyecto &hellip; <a href=\"https:\/\/menesianosoy.org\/index.php\/2026\/03\/07\/san-luis-orione-10\/\" class=\"more-link\">Continue reading<span class=\"screen-reader-text\"> \u00abSan Luis Orione\u00bb<\/span><\/a><\/p>\n","protected":false},"author":3,"featured_media":0,"comment_status":"closed","ping_status":"closed","sticky":false,"template":"","format":"standard","meta":{"_acf_changed":false,"footnotes":""},"categories":[3],"tags":[],"class_list":["post-33130","post","type-post","status-publish","format-standard","hentry","category-calendario"],"acf":[],"_links":{"self":[{"href":"https:\/\/menesianosoy.org\/index.php\/wp-json\/wp\/v2\/posts\/33130","targetHints":{"allow":["GET"]}}],"collection":[{"href":"https:\/\/menesianosoy.org\/index.php\/wp-json\/wp\/v2\/posts"}],"about":[{"href":"https:\/\/menesianosoy.org\/index.php\/wp-json\/wp\/v2\/types\/post"}],"author":[{"embeddable":true,"href":"https:\/\/menesianosoy.org\/index.php\/wp-json\/wp\/v2\/users\/3"}],"replies":[{"embeddable":true,"href":"https:\/\/menesianosoy.org\/index.php\/wp-json\/wp\/v2\/comments?post=33130"}],"version-history":[{"count":8,"href":"https:\/\/menesianosoy.org\/index.php\/wp-json\/wp\/v2\/posts\/33130\/revisions"}],"predecessor-version":[{"id":33265,"href":"https:\/\/menesianosoy.org\/index.php\/wp-json\/wp\/v2\/posts\/33130\/revisions\/33265"}],"wp:attachment":[{"href":"https:\/\/menesianosoy.org\/index.php\/wp-json\/wp\/v2\/media?parent=33130"}],"wp:term":[{"taxonomy":"category","embeddable":true,"href":"https:\/\/menesianosoy.org\/index.php\/wp-json\/wp\/v2\/categories?post=33130"},{"taxonomy":"post_tag","embeddable":true,"href":"https:\/\/menesianosoy.org\/index.php\/wp-json\/wp\/v2\/tags?post=33130"}],"curies":[{"name":"wp","href":"https:\/\/api.w.org\/{rel}","templated":true}]}}