{"id":33160,"date":"2026-03-08T09:35:37","date_gmt":"2026-03-08T12:35:37","guid":{"rendered":"https:\/\/menesianosoy.org\/?p=33160"},"modified":"2026-03-12T21:35:56","modified_gmt":"2026-03-13T00:35:56","slug":"viernes-de-la-3o-semana-de-cuaresma-4","status":"publish","type":"post","link":"https:\/\/menesianosoy.org\/index.php\/2026\/03\/08\/viernes-de-la-3o-semana-de-cuaresma-4\/","title":{"rendered":"Viernes de la 3\u00aa semana de Cuaresma"},"content":{"rendered":"\n<h4 class=\"wp-block-heading has-text-align-left has-vivid-red-color has-text-color has-link-color wp-elements-0d3bba1292b8030bef905a45afd13c8e\"><br><strong>Oraci\u00f3n<\/strong><\/h4>\n\n\n\n<p class=\"has-text-align-left\"><strong><em>Se\u00f1or, que has dicho:<br>Dejen que los ni\u00f1os vengan a M\u00ed.<br>T\u00fa me has inspirado el deseo<br>de dedicar mi vida<br>a los ni\u00f1os y j\u00f3venes<br>para llevarlos a Ti.<br>D\u00edgnate bendecir mi vocaci\u00f3n,<br>as\u00edsteme en mis trabajos de hoy,<br>derrama sobre m\u00ed,<br>sobre todos mis hermanos<br>y sobre todos los que trabajamos<br>en esta obra educativa,<br>el esp\u00edritu de fortaleza,<br>de caridad y de humildad,<br>para que nada nos aparte<br>de tu servicio.<br>Haz que hoy cumpla con celo<br>el ministerio educativo<br>al que me has consagrado.<br>Hazme perseverar hasta el fin<br>para alcanzar as\u00ed<br>la salvaci\u00f3n que nos<br>has prometido. Am\u00e9n<\/em><\/strong><\/p>\n\n\n\n<h4 class=\"wp-block-heading has-text-align-left has-vivid-red-color has-text-color has-link-color wp-elements-7deb30c5a46c2fe0af76f92c82f8d39a\"><br><strong>Intenciones<\/strong><\/h4>\n\n\n\n<ul class=\"wp-block-list\">\n<li>Por las misiones en la Iglesia.<\/li>\n\n\n\n<li>Por los pa\u00edses donde reina la divisi\u00f3n y la violencia.<\/li>\n\n\n\n<li>Por los que a\u00fan viven esclavizados en nuestro mundo.<\/li>\n\n\n\n<li>Por los enfermos y discapacitados de nuestras comunidades.<\/li>\n\n\n\n<li>Por los menesianos, las obras y las nuevas vocaciones de la provincia Juan de la Mennais (Canad\u00e1 &#8211; Usa &#8211; M\u00e9xico).<\/li>\n\n\n\n<li>Por la comunidad educativa de La Escuelita de Luj\u00e1n de Cuyo y la del Menesiano de Madrid.<\/li>\n\n\n\n<li>Por la paz en el mundo.<\/li>\n<\/ul>\n\n\n\n<h4 class=\"wp-block-heading has-text-align-left has-vivid-red-color has-text-color has-link-color wp-elements-35048057adf9ccccedb97b2c9b159256\"><br><strong>Regla de Vida n\u00ba 38.2<\/strong><\/h4>\n\n\n\n<p class=\"has-text-align-left\"><em>Opci\u00f3n de vida, camino de crecimiento: <\/em><br>En el marco de la formaci\u00f3n permanente, las Provincias y los Distritos ayudan a los Hermanos a continuar su crecimiento psicoafectivo mediante experiencias apropiadas de formaci\u00f3n y renovaci\u00f3n.<\/p>\n\n\n\n<h4 class=\"wp-block-heading has-text-align-left has-vivid-red-color has-text-color has-link-color wp-elements-686b8ea908361e5074e771bd13022610\"><br><strong>Memorial p. 86<\/strong><\/h4>\n\n\n\n<p class=\"has-text-align-left\"><em>Es una verdad de fe que Jesucristo tiene hambre, que Jesucristo tiene sed, y es una verdad de experiencia que los cristianos dejan a Jesucristo que muera de hambre y que no se dignan darle un vaso de agua fresca. <\/em><\/p>\n\n\n\n<h4 class=\"wp-block-heading has-text-align-left has-vivid-red-color has-text-color has-link-color wp-elements-51237a81e4228043f099a8fd21df2582\"><br><strong>Difunto<\/strong><\/h4>\n\n\n\n<p class=\"has-text-align-left\">1997: Joseph Katanga (Peter)<\/p>\n","protected":false},"excerpt":{"rendered":"<p>Oraci\u00f3n Se\u00f1or, que has dicho:Dejen que los ni\u00f1os vengan a M\u00ed.T\u00fa me has inspirado el deseode dedicar mi vidaa los ni\u00f1os y j\u00f3venespara llevarlos a Ti.D\u00edgnate bendecir mi vocaci\u00f3n,as\u00edsteme en mis trabajos de hoy,derrama sobre m\u00ed,sobre todos mis hermanosy sobre todos los que trabajamosen esta obra educativa,el esp\u00edritu de fortaleza,de caridad y de humildad,para que &hellip; <a href=\"https:\/\/menesianosoy.org\/index.php\/2026\/03\/08\/viernes-de-la-3o-semana-de-cuaresma-4\/\" class=\"more-link\">Continue reading<span class=\"screen-reader-text\"> \u00abViernes de la 3\u00aa semana de Cuaresma\u00bb<\/span><\/a><\/p>\n","protected":false},"author":3,"featured_media":0,"comment_status":"closed","ping_status":"closed","sticky":false,"template":"","format":"standard","meta":{"_acf_changed":false,"footnotes":""},"categories":[3],"tags":[],"class_list":["post-33160","post","type-post","status-publish","format-standard","hentry","category-calendario"],"acf":[],"_links":{"self":[{"href":"https:\/\/menesianosoy.org\/index.php\/wp-json\/wp\/v2\/posts\/33160","targetHints":{"allow":["GET"]}}],"collection":[{"href":"https:\/\/menesianosoy.org\/index.php\/wp-json\/wp\/v2\/posts"}],"about":[{"href":"https:\/\/menesianosoy.org\/index.php\/wp-json\/wp\/v2\/types\/post"}],"author":[{"embeddable":true,"href":"https:\/\/menesianosoy.org\/index.php\/wp-json\/wp\/v2\/users\/3"}],"replies":[{"embeddable":true,"href":"https:\/\/menesianosoy.org\/index.php\/wp-json\/wp\/v2\/comments?post=33160"}],"version-history":[{"count":6,"href":"https:\/\/menesianosoy.org\/index.php\/wp-json\/wp\/v2\/posts\/33160\/revisions"}],"predecessor-version":[{"id":33264,"href":"https:\/\/menesianosoy.org\/index.php\/wp-json\/wp\/v2\/posts\/33160\/revisions\/33264"}],"wp:attachment":[{"href":"https:\/\/menesianosoy.org\/index.php\/wp-json\/wp\/v2\/media?parent=33160"}],"wp:term":[{"taxonomy":"category","embeddable":true,"href":"https:\/\/menesianosoy.org\/index.php\/wp-json\/wp\/v2\/categories?post=33160"},{"taxonomy":"post_tag","embeddable":true,"href":"https:\/\/menesianosoy.org\/index.php\/wp-json\/wp\/v2\/tags?post=33160"}],"curies":[{"name":"wp","href":"https:\/\/api.w.org\/{rel}","templated":true}]}}