{"id":33167,"date":"2026-03-08T09:56:54","date_gmt":"2026-03-08T12:56:54","guid":{"rendered":"https:\/\/menesianosoy.org\/?p=33167"},"modified":"2026-03-14T08:58:28","modified_gmt":"2026-03-14T11:58:28","slug":"sabado-de-la-3a-semana-de-cuaresma","status":"publish","type":"post","link":"https:\/\/menesianosoy.org\/index.php\/2026\/03\/08\/sabado-de-la-3a-semana-de-cuaresma\/","title":{"rendered":"S\u00e1bado de la 3\u00aa semana de Cuaresma"},"content":{"rendered":"\n<h5 class=\"wp-block-heading has-text-align-left has-text-color has-link-color wp-elements-991b3cd22aa4941f4dbc9ace14b61caf\" style=\"color:#641a1a\"><br><strong>Oseas 6, 1-6<br>Salmo 50 (51), 3-4.18-21ab<\/strong><\/h5>\n\n\n\n<h4 class=\"wp-block-heading has-text-align-left has-vivid-red-color has-text-color has-link-color wp-elements-5a95e1043a58e304c4dae1eca9582d07\"><br><strong>Evangelio: Lucas 18, 9-14<\/strong><\/h4>\n\n\n\n<figure class=\"wp-block-audio\"><audio controls src=\"https:\/\/menesianosoy.org\/wp-content\/uploads\/2026\/03\/Sabado-14-de-marzo.mp3\"><\/audio><\/figure>\n\n\n\n<p class=\"has-text-align-left\"><strong><em>Refiri\u00e9ndose Jes\u00fas a algunos que se ten\u00edan por justos y despreciaban a los dem\u00e1s, dijo esta par\u00e1bola:<br>Dos hombres subieron al Templo para orar; uno era fariseo y el otro, publicano.<br>El fariseo, de pie, oraba as\u00ed: \u00abDios m\u00edo, te doy gracias porque no soy como los dem\u00e1s hombres, que son ladrones, injustos y ad\u00falteros; ni tampoco como ese publicano. Ayuno dos veces por semana y pago la d\u00e9cima parte de todas mis entradas\u00bb.<br>En cambio el publicano, manteni\u00e9ndose a distancia, no se animaba siquiera a levantar los ojos al cielo, sino que se golpeaba el pecho, diciendo: \u00ab\u00a1Dios m\u00edo, ten piedad de m\u00ed, que soy un pecador!\u00bb<br>Les aseguro que este \u00faltimo volvi\u00f3 a su casa justificado, pero no el primero. Porque todo el que se ensalza ser\u00e1 humillado y el que se humilla ser\u00e1 ensalzado.<\/em><\/strong><\/p>\n\n\n\n<figure class=\"wp-block-image size-full is-resized\"><img loading=\"lazy\" decoding=\"async\" width=\"300\" height=\"255\" src=\"https:\/\/menesianosoy.org\/wp-content\/uploads\/2024\/03\/parc3a1bola-del-fariseo-y-el-publicano-2-300x255-1.png\" alt=\"\" class=\"wp-image-10660\" style=\"width:502px;height:auto\"\/><\/figure>\n\n\n\n<p class=\"has-text-align-left\">En el tiempo de Jes\u00fas hab\u00eda fariseos. Y ahora los sigue habiendo, aunque no se llamen as\u00ed. <br>Los motivos que movilizan a los fariseos son motivos religiosos. Por eso, es fariseo todo individuo en el que se dan estas tres caracter\u00edsticas: <br>1) Se ve as\u00ed mismo \u201ccomo bueno\u201d: ortodoxo en sus ideas, cumplidor de sus deberes, observante y sumiso a lo que est\u00e1 mandado. <br>2) Se siente \u201cseguro\u201d de s\u00ed mismo: de sus ideas, de su forma de vivir, de su buena familia y sus buenas costumbres. <br>3) \u201cDesprecia\u201d a los que no piensan y no viven como \u00e9l.<br><br>El Fariseo entra \u201cerguido\u201d en el templo. Va por la vida con la cabeza alta. No se reprocha nada y s\u00f3lo tiene motivos para dar gracias a Dios. Porque \u00e9l \u201cno es como los dem\u00e1s\u201d. Da miedo pensar en la cantidad de fariseos que hay. Y, sobre todo, da mucho miedo en el destrozo que est\u00e1n haciendo en la Iglesia. Porque la han roto, la han dividido, la han partido por la mitad. Por eso en la Iglesia no hay forma de vivir unidos, como no sea someti\u00e9ndose a las ideas y a la forma de vida que nos quieren imponer los fariseos de ahora. Y que conste que aqu\u00ed todos somos fariseos.<br><br>En este momento, como en tiempo de Jes\u00fas, hay muchos \u201cpublicanos\u201d: son todos los que, por el motivo que sea, \u201cno se atreven a levantar los ojos al cielo\u201d. Se sienten avergonzados, humillados y, y a veces, tambi\u00e9n despreciados. Los publicanos de hoy son los divorciados, los homosexuales, los enfermos de sida \u2026 y todos los que no encuentran m\u00e1s soluci\u00f3n que el recurso a la misericordia de Dios. Porque ni pueden cambiar de vida, ni de religi\u00f3n, a no ser que se pongan a llevar \u201cuna doble vida\u201d.<br><br>Uno de los problemas m\u00e1s serios, que todos tenemos que afrontar, est\u00e1 en \u201cmatar al fariseo\u201d que todos llevamos incorporado, por el hecho de ser humanos y, por tanto, dotados de una fuerte tendencia a sentirnos seguros de nuestra propia conducta. De ah\u00ed, el desprecio que sentimos hacia quienes vemos como inferiores a nosotros. <br>Una de las grandes tareas de la vida es vencer nuestro sentimiento de superioridad sobre otras personas a las que vemos o miramos como gente \u201cinferior\u201d o \u201cdespreciable\u201d, engordando \u201cnuestro ego\u201d (una de las cosas que m\u00e1s nos separa de Dios y de nuestros hermanos).<\/p>\n\n\n\n<h4 class=\"wp-block-heading has-text-align-left has-vivid-red-color has-text-color has-link-color wp-elements-21e72ba6ab8aac75548a19d39767613b\"><br><strong>Palabras de Juan Mar\u00eda de la Mennais<\/strong><\/h4>\n\n\n\n<p class=\"has-text-align-left\"><img loading=\"lazy\" decoding=\"async\" width=\"150\" height=\"183\" class=\"wp-image-16098\" style=\"width: 150px;\" src=\"https:\/\/menesianosoy.org\/wp-content\/uploads\/2024\/09\/juanmaria.png\" alt=\"\" srcset=\"https:\/\/menesianosoy.org\/wp-content\/uploads\/2024\/09\/juanmaria.png 450w, https:\/\/menesianosoy.org\/wp-content\/uploads\/2024\/09\/juanmaria-246x300.png 246w\" sizes=\"auto, (max-width: 150px) 85vw, 150px\" \/><br><em>Nada es m\u00e1s humillante para el hombre que tener necesidad de que se le predique la humildad para ser humilde. Tiene que ser muy d\u00e9bil nuestra raz\u00f3n, para que sola no pueda poner en nuestro coraz\u00f3n la convicci\u00f3n de nuestra nada; es cierto que lo sabemos, pero nuestro amor propio toma esa confesi\u00f3n como una raz\u00f3n para no creerlo. Vean si no c\u00f3mo los fil\u00f3sofos, que dijeron las peores cosas del hombre, son aquellos que tienen una m\u00e1s alta estima de s\u00ed mismos.<\/em><\/p>\n\n\n\n<h4 class=\"wp-block-heading has-text-align-left has-vivid-red-color has-text-color has-link-color wp-elements-28b30ef02f41b4f5f66c704bddaeee19\"><br><strong>Amigo de publicanos &#8211; Cristobal Fones<\/strong><\/h4>\n\n\n\n<figure class=\"wp-block-embed is-type-video is-provider-youtube wp-block-embed-youtube wp-embed-aspect-16-9 wp-has-aspect-ratio\"><div class=\"wp-block-embed__wrapper\">\n<iframe loading=\"lazy\" title=\"Amigo de Publicanos - Crist\u00f3bal Fones, SJ\" width=\"1140\" height=\"641\" src=\"https:\/\/www.youtube.com\/embed\/VzOfsGpUtOQ?feature=oembed\" frameborder=\"0\" allow=\"accelerometer; autoplay; clipboard-write; encrypted-media; gyroscope; picture-in-picture; web-share\" referrerpolicy=\"strict-origin-when-cross-origin\" allowfullscreen><\/iframe>\n<\/div><\/figure>\n\n\n\n<p class=\"has-text-align-left\">Se\u00f1or de los afligidos,<br>Salvador de pecadores,<br>mientras aquellos se\u00f1ores<br>de solemnes encintados,<br>llevan al templo sus dones,<br>con larga cara de honrados.<br>Ay que me gusta escucharte<br>cuando les dices:<br>\u2018la viuda, con su moneda chiquita<br>ha dado m\u00e1s que vosotros,<br>porque ha entregado su vida\u2019.<br><br>Se\u00f1or de las Magdalenas,<br>pastor de samaritanos,<br>buscador de perlas finas<br>perdidas en los pantanos,<br>c\u00f3mo te quedas mirando<br>con infinita tristeza<br>al joven que te buscaba<br>y cabizbajo se aleja,<br>por quedar con su dinero.<br>\u00a1Ay, qu\u00e9 dif\u00edcil que pase<br>por esta aguja un camello!<br><br>Amigo de los humildes,<br>confidente de los ni\u00f1os,<br>entre rudos pescadores<br>escoges a tus ministros;<br>parece que todo fuera<br>en tu Evangelio sorpresa;<br>Dices: \u2018felices los mansos<br>y los que sufren pobreza;<br>bendito son los que lloran,<br>los sedientos de justicia,<br>dichosos cuando os maldigan\u2019.<br><br>\u2018Es hijo de los demonios\u2019,<br>los fariseos dec\u00edan,<br>\u2018se mezcla con los leprosos<br>y con mujeres perdidas,<br>el s\u00e1bado no respeta.<br>\u00bfD\u00f3nde vamos a parar<br>si ha decidido sanar<br>a toda clase de gente?<br>\u00a1Es un hombre subversivo!<br>Ante tanta confusi\u00f3n<br>yo me quedo con lo antiguo.<br><br>Ellos miraban al cielo<br>y T\u00fa mirabas al hombre,<br>cuando apartado en el monte<br>te entregabas a la oraci\u00f3n;<br>s\u00f3lo buscabas a Dios,<br>a tu Padre Santo y justo;<br>en el secreto nombrabas,<br>para que T\u00fa los sanaras,<br>al hombre uno por uno,<br>y lo que el barro manchaba<br>tus ojos lo hicieron puro.<\/p>\n\n\n\n<p class=\"has-vivid-purple-background-color has-background\"><\/p>\n","protected":false},"excerpt":{"rendered":"<p>Oseas 6, 1-6Salmo 50 (51), 3-4.18-21ab Evangelio: Lucas 18, 9-14 Refiri\u00e9ndose Jes\u00fas a algunos que se ten\u00edan por justos y despreciaban a los dem\u00e1s, dijo esta par\u00e1bola:Dos hombres subieron al Templo para orar; uno era fariseo y el otro, publicano.El fariseo, de pie, oraba as\u00ed: \u00abDios m\u00edo, te doy gracias porque no soy como los &hellip; <a href=\"https:\/\/menesianosoy.org\/index.php\/2026\/03\/08\/sabado-de-la-3a-semana-de-cuaresma\/\" class=\"more-link\">Continue reading<span class=\"screen-reader-text\"> \u00abS\u00e1bado de la 3\u00aa semana de Cuaresma\u00bb<\/span><\/a><\/p>\n","protected":false},"author":3,"featured_media":0,"comment_status":"closed","ping_status":"closed","sticky":false,"template":"","format":"standard","meta":{"_acf_changed":false,"footnotes":""},"categories":[9],"tags":[],"class_list":["post-33167","post","type-post","status-publish","format-standard","hentry","category-evangelio"],"acf":[],"_links":{"self":[{"href":"https:\/\/menesianosoy.org\/index.php\/wp-json\/wp\/v2\/posts\/33167","targetHints":{"allow":["GET"]}}],"collection":[{"href":"https:\/\/menesianosoy.org\/index.php\/wp-json\/wp\/v2\/posts"}],"about":[{"href":"https:\/\/menesianosoy.org\/index.php\/wp-json\/wp\/v2\/types\/post"}],"author":[{"embeddable":true,"href":"https:\/\/menesianosoy.org\/index.php\/wp-json\/wp\/v2\/users\/3"}],"replies":[{"embeddable":true,"href":"https:\/\/menesianosoy.org\/index.php\/wp-json\/wp\/v2\/comments?post=33167"}],"version-history":[{"count":7,"href":"https:\/\/menesianosoy.org\/index.php\/wp-json\/wp\/v2\/posts\/33167\/revisions"}],"predecessor-version":[{"id":33278,"href":"https:\/\/menesianosoy.org\/index.php\/wp-json\/wp\/v2\/posts\/33167\/revisions\/33278"}],"wp:attachment":[{"href":"https:\/\/menesianosoy.org\/index.php\/wp-json\/wp\/v2\/media?parent=33167"}],"wp:term":[{"taxonomy":"category","embeddable":true,"href":"https:\/\/menesianosoy.org\/index.php\/wp-json\/wp\/v2\/categories?post=33167"},{"taxonomy":"post_tag","embeddable":true,"href":"https:\/\/menesianosoy.org\/index.php\/wp-json\/wp\/v2\/tags?post=33167"}],"curies":[{"name":"wp","href":"https:\/\/api.w.org\/{rel}","templated":true}]}}