{"id":33173,"date":"2026-03-08T10:06:40","date_gmt":"2026-03-08T13:06:40","guid":{"rendered":"https:\/\/menesianosoy.org\/?p=33173"},"modified":"2026-03-11T22:08:41","modified_gmt":"2026-03-12T01:08:41","slug":"sabado-de-la-3a-semana-de-cuaresma-2","status":"publish","type":"post","link":"https:\/\/menesianosoy.org\/index.php\/2026\/03\/08\/sabado-de-la-3a-semana-de-cuaresma-2\/","title":{"rendered":"S\u00e1bado de la 3\u00aa semana de Cuaresma"},"content":{"rendered":"\n<h5 class=\"wp-block-heading has-text-align-left has-text-color has-link-color wp-elements-9dbfa6b5f5afb5fbf596c4dc68a94d1a\" style=\"color:#42176a\"><br><strong>Liturgia de las horas: Rezamos con el tema DIOS SOLO (p\u00e1gina 4)<\/strong><\/h5>\n\n\n\n<h4 class=\"wp-block-heading has-text-align-left has-vivid-red-color has-text-color has-link-color wp-elements-7deb30c5a46c2fe0af76f92c82f8d39a\"><br><strong>Intenciones<\/strong><\/h4>\n\n\n\n<ul class=\"wp-block-list\">\n<li>Por los miembros de LAM y sus proyectos y actividades como Asociaci\u00f3n.<\/li>\n\n\n\n<li>Por las ONG, que con sus aportes hacen posible que muchas de nuestras obras puedan cumplir con su misi\u00f3n.<\/li>\n\n\n\n<li>Por los enfermos y discapacitados de nuestras comunidades.<\/li>\n\n\n\n<li>Por la familia menesiana del colegio Teodelina de Villa G. G\u00e1lvez y la de Nanclares de la Oca.<\/li>\n\n\n\n<li>Por los menesianos iniciadores de la misi\u00f3n de Timor Oriental y la comunidad donde se han insertado.<\/li>\n\n\n\n<li>Por la paz en el mundo.<\/li>\n<\/ul>\n\n\n\n<h4 class=\"wp-block-heading has-text-align-left has-vivid-red-color has-text-color has-link-color wp-elements-a79ba60922625d5dbfd5e8a174ad1859\"><br><strong>Regla de Vida n\u00ba 38.3<\/strong><\/h4>\n\n\n\n<p class=\"has-text-align-left\"><em>Opci\u00f3n de vida, camino de crecimiento:<\/em><br>Gracias al acompa\u00f1amiento personal y al apoyo de personas competentes, el Hermano se procura a s\u00ed mismo la ayuda necesaria para crecer en su capacidad de amar, en fidelidad a su voto de castidad.<\/p>\n\n\n\n<h4 class=\"wp-block-heading has-text-align-left has-vivid-red-color has-text-color has-link-color wp-elements-b5201c5c01a58bc37ddbe2e93677ae30\"><br><strong>Al Hno. \u00c9tienne-Marie, 14 diciembre 1839<\/strong><\/h4>\n\n\n\n<p class=\"has-text-align-left\"><em>No descuides nada para que tus alumnos progresen. Pero preoc\u00fapate sobre todo de instruirlos en la Religi\u00f3n e inspirarles el esp\u00edritu de piedad.<\/em><\/p>\n\n\n\n<h4 class=\"wp-block-heading has-vivid-red-color has-text-color has-link-color wp-elements-277bac52fd316e45b5ad04973d855fb8\"><br><strong>Difuntos<\/strong><\/h4>\n\n\n\n<p class=\"has-text-align-left\">1968: Th\u00e9odore Poitevin (Gonzalve-Joseph)<br>1969: Ferdinand Pierre Faill\u00e9<br>1971: Louis Rousselot (Yves-Fran\u00e7ois)<br>1975: Ange G\u00e9gard (Gilbert-Marie)<br>1983: Yves Bleuven (Tharsicius)<br>2000: Germain M\u00e9nard (Prosper-Andr\u00e9)<br>2012: Marcel Deshaillers (Charles-Louis)<\/p>\n","protected":false},"excerpt":{"rendered":"<p>Liturgia de las horas: Rezamos con el tema DIOS SOLO (p\u00e1gina 4) Intenciones Regla de Vida n\u00ba 38.3 Opci\u00f3n de vida, camino de crecimiento:Gracias al acompa\u00f1amiento personal y al apoyo de personas competentes, el Hermano se procura a s\u00ed mismo la ayuda necesaria para crecer en su capacidad de amar, en fidelidad a su voto &hellip; <a href=\"https:\/\/menesianosoy.org\/index.php\/2026\/03\/08\/sabado-de-la-3a-semana-de-cuaresma-2\/\" class=\"more-link\">Continue reading<span class=\"screen-reader-text\"> \u00abS\u00e1bado de la 3\u00aa semana de Cuaresma\u00bb<\/span><\/a><\/p>\n","protected":false},"author":3,"featured_media":0,"comment_status":"closed","ping_status":"closed","sticky":false,"template":"","format":"standard","meta":{"_acf_changed":false,"footnotes":""},"categories":[3],"tags":[],"class_list":["post-33173","post","type-post","status-publish","format-standard","hentry","category-calendario"],"acf":[],"_links":{"self":[{"href":"https:\/\/menesianosoy.org\/index.php\/wp-json\/wp\/v2\/posts\/33173","targetHints":{"allow":["GET"]}}],"collection":[{"href":"https:\/\/menesianosoy.org\/index.php\/wp-json\/wp\/v2\/posts"}],"about":[{"href":"https:\/\/menesianosoy.org\/index.php\/wp-json\/wp\/v2\/types\/post"}],"author":[{"embeddable":true,"href":"https:\/\/menesianosoy.org\/index.php\/wp-json\/wp\/v2\/users\/3"}],"replies":[{"embeddable":true,"href":"https:\/\/menesianosoy.org\/index.php\/wp-json\/wp\/v2\/comments?post=33173"}],"version-history":[{"count":5,"href":"https:\/\/menesianosoy.org\/index.php\/wp-json\/wp\/v2\/posts\/33173\/revisions"}],"predecessor-version":[{"id":33266,"href":"https:\/\/menesianosoy.org\/index.php\/wp-json\/wp\/v2\/posts\/33173\/revisions\/33266"}],"wp:attachment":[{"href":"https:\/\/menesianosoy.org\/index.php\/wp-json\/wp\/v2\/media?parent=33173"}],"wp:term":[{"taxonomy":"category","embeddable":true,"href":"https:\/\/menesianosoy.org\/index.php\/wp-json\/wp\/v2\/categories?post=33173"},{"taxonomy":"post_tag","embeddable":true,"href":"https:\/\/menesianosoy.org\/index.php\/wp-json\/wp\/v2\/tags?post=33173"}],"curies":[{"name":"wp","href":"https:\/\/api.w.org\/{rel}","templated":true}]}}