{"id":33281,"date":"2026-03-14T09:01:07","date_gmt":"2026-03-14T12:01:07","guid":{"rendered":"https:\/\/menesianosoy.org\/?p=33281"},"modified":"2026-03-16T07:01:35","modified_gmt":"2026-03-16T10:01:35","slug":"san-jose-gabriel-del-rosario-brochero","status":"publish","type":"post","link":"https:\/\/menesianosoy.org\/index.php\/2026\/03\/14\/san-jose-gabriel-del-rosario-brochero\/","title":{"rendered":"San Jos\u00e9 Gabriel del Rosario Brochero"},"content":{"rendered":"\n<h5 class=\"wp-block-heading has-text-align-left has-text-color has-link-color wp-elements-7124728a34709405d4576f32aa740b00\" style=\"color:#5b1111\"><br><strong>Isa\u00edas 65, 17-21<br>Salmo 29 (30), 2.4-6.11-12a.13b<\/strong><\/h5>\n\n\n\n<h4 class=\"wp-block-heading has-vivid-red-color has-text-color has-link-color wp-elements-24f233eb1de69cc514c787c7c4e12bae\"><br><strong>Evangelio: Juan 4, 43-54<\/strong><\/h4>\n\n\n\n<figure class=\"wp-block-audio\"><audio controls src=\"https:\/\/menesianosoy.org\/wp-content\/uploads\/2026\/03\/Lunes-16-de-marzo.mp3\"><\/audio><\/figure>\n\n\n\n<p class=\"has-text-align-left\"><strong><em>Despu\u00e9s del encuentro con la Samaritana y de haber pasado dos d\u00edas en Sicar, Jes\u00fas parti\u00f3 hacia Galilea. \u00c9l mismo hab\u00eda declarado que un profeta no goza de prestigio en su propio pueblo. Pero cuando lleg\u00f3, los galileos lo recibieron bien, porque hab\u00edan visto todo lo que \u00e9l hab\u00eda hecho en Jerusal\u00e9n durante la Pascua; ellos tambi\u00e9n, en efecto, hab\u00edan ido a la fiesta.<br>Y fue otra vez a Can\u00e1 de Galilea, donde hab\u00eda convertido el agua en vino. Hab\u00eda all\u00ed un funcionario real, que ten\u00eda su hijo enfermo en Cafarna\u00fam. Cuando supo que Jes\u00fas hab\u00eda llegado de Judea y se encontraba en Galilea, fue a verlo y le suplic\u00f3 que bajara a curar a su hijo moribundo.<br>Jes\u00fas le dijo: Si no ven signos y prodigios, ustedes no creen.<br>El funcionario le respondi\u00f3: Se\u00f1or, baja antes que mi hijo se muera.<br>Vuelve a tu casa, tu hijo vive, le dijo Jes\u00fas.<br>El hombre crey\u00f3 en la palabra que Jes\u00fas le hab\u00eda dicho y se puso en camino. Mientras descend\u00eda, le salieron al encuentro sus servidores y le anunciaron que su hijo viv\u00eda. \u00c9l les pregunt\u00f3 a qu\u00e9 hora se hab\u00eda sentido mejor. Ayer, a la una de la tarde, se le fue la fiebre, le respondieron. El padre record\u00f3 que era la misma hora en que Jes\u00fas le hab\u00eda dicho: \u201cTu hijo vive\u201d. Y entonces crey\u00f3 \u00e9l y toda su familia.<br>Este fue el segundo signo que hizo Jes\u00fas cuando volvi\u00f3 de Judea a Galilea.<\/em><\/strong><\/p>\n\n\n\n<figure class=\"wp-block-image size-full\"><img loading=\"lazy\" decoding=\"async\" width=\"434\" height=\"464\" src=\"https:\/\/menesianosoy.org\/wp-content\/uploads\/2026\/03\/fe-1.jpg\" alt=\"\" class=\"wp-image-33294\" srcset=\"https:\/\/menesianosoy.org\/wp-content\/uploads\/2026\/03\/fe-1.jpg 434w, https:\/\/menesianosoy.org\/wp-content\/uploads\/2026\/03\/fe-1-281x300.jpg 281w\" sizes=\"auto, (max-width: 434px) 85vw, 434px\" \/><\/figure>\n\n\n\n<p class=\"has-text-align-left\"><br><em>\u00abUn profeta no goza de prestigio en su propia tierra\u00bb<\/em>. Dif\u00edcilmente estamos dispuestos a aceptar que alguien que ha crecido junto a nosotros, pueda llegar a ser m\u00e1s que nosotros y tenemos cierta tendencia innata a admirar mucho m\u00e1s a los que vienen de afuera que a los que son \u00abde casa\u201d.<br>Los galileos recibieron a Jes\u00fas habiendo visto todas las cosas que hab\u00eda hecho en Jerusal\u00e9n, creyeron en \u00e9l por las se\u00f1ales que hac\u00eda, quedando impresionados por sus milagros; pero no entend\u00edan ni aceptaban qui\u00e9n era \u00e9l de verdad.<br><br>El oficial del rey que viv\u00eda a unos 25 kil\u00f3metros de Can\u00e1 ten\u00eda a su hijo enfermo y no dud\u00f3 en ir r\u00e1pidamente hasta donde Jes\u00fas estaba para rogarle que le ayudara, porque su hijo estaba a punto de morir. Lo que nos demuestra que de alguna manera cre\u00eda en \u00e9l. Entonces le rog\u00f3 que descendiese y sanase a su hijo. Dio por sentado que para sanar a su hijo Jes\u00fas tendr\u00eda que ir hasta Cafarna\u00fam, pues no alcanzaba a creer que pudiera hacer un milagro desde la distancia.<br><br>Pero Dios est\u00e1 m\u00e1s interesado en fomentar la fe, antes que en librarnos de todos los problemas que pudi\u00e9ramos tener. Por eso Jes\u00fas le dijo: <em>\u201cSi no ven se\u00f1ales y prodigios, no creen\u00bb<\/em>. La verdadera fe debe apoyarse en su Palabra, sin tener necesidad de se\u00f1ales o milagros. Jes\u00fas le dijo: \u201c<em>Vuelve a tu casa, tu hijo vive<\/em>\u201d. Y el hombre sin ver nada, crey\u00f3.<br><br>As\u00ed pues, el Se\u00f1or atendi\u00f3 a la s\u00faplica del padre, pero no como \u00e9l esperaba. No le acompa\u00f1\u00f3 hasta Cafarna\u00fam en donde estaba su hijo enfermo, tampoco hizo ninguna se\u00f1al, ni apel\u00f3 a ninguna emoci\u00f3n ante el pueblo. Lo \u00fanico fue que le dio su palabra y el hombre volvi\u00f3 habiendo cre\u00eddo en la palabra de Jes\u00fas.<br><br>Y el evangelista a\u00f1ade que <em>\u00abcrey\u00f3 \u00e9l con y toda su familia<\/em>\u00ab. Es cierto que el padre ya hab\u00eda cre\u00eddo, pero lo que nos est\u00e1 dando a entender es que, despu\u00e9s de esta experiencia, su fe hab\u00eda llegado a ser mucho m\u00e1s profunda, mejor fundamentada, ten\u00eda nuevas evidencias que la hac\u00edan mucho m\u00e1s segura y su conocimiento de qui\u00e9n era Jes\u00fas era totalmente nuevo. Por eso su fe se extendi\u00f3 a toda su familia.<br>\u00bfHay que ver para creer o creer para ver?<br><br>Cuando Juan termina su evangelio dice que <em>\u00abhay otras muchas cosas que hizo Jes\u00fas, las cuales si se escribieran una por una, pienso que ni aun en el mundo cabr\u00edan los libros que se habr\u00edan de escribir, pero \u00e9stas se han escrito para que cre\u00e1is que Jes\u00fas es el Cristo, el Hijo de Dios, y para que creyendo, teng\u00e1is vida en su nombre\u00bb<\/em>.<br>Dios espera que los hombres depositen su fe en su Palabra, si quieren ver y participar de todas aquellas cosas nuevas y maravillosas que \u00e9l ha preparado.<\/p>\n\n\n\n<p class=\"has-text-align-left\"><br><strong>M\u00c1XIMA<br>Cree en la Palabra de Jes\u00fas.<\/strong><\/p>\n\n\n\n<h4 class=\"wp-block-heading has-text-align-left has-vivid-red-color has-text-color has-link-color wp-elements-21e72ba6ab8aac75548a19d39767613b\"><br><strong>Palabras de Juan Mar\u00eda de la Mennais<\/strong><\/h4>\n\n\n\n<p><img loading=\"lazy\" decoding=\"async\" width=\"150\" height=\"165\" class=\"wp-image-21587\" style=\"width: 150px;\" src=\"https:\/\/menesianosoy.org\/wp-content\/uploads\/2025\/03\/JMLM.png\" alt=\"\" srcset=\"https:\/\/menesianosoy.org\/wp-content\/uploads\/2025\/03\/JMLM.png 330w, https:\/\/menesianosoy.org\/wp-content\/uploads\/2025\/03\/JMLM-273x300.png 273w\" sizes=\"auto, (max-width: 150px) 85vw, 150px\" \/><br><em>\u00a1Oh, Dios m\u00edo, si tuvi\u00e9ramos fe! \u00a1Esa fe viva, esa fe animada que penetra y que casi entiende los misterios celestes! \u00a1Esa fe que ve la aurora del d\u00eda eterno! \u00a1La fe de Abraham! &#8211; \u00a1Oh, Dios m\u00edo, conc\u00e9deme esa fe!&nbsp;&nbsp;(Memorial 86)<\/em><\/p>\n\n\n\n<h4 class=\"wp-block-heading has-text-align-left has-vivid-red-color has-text-color has-link-color wp-elements-f9c453daac85c3ee1d265cdf93906488\"><br><strong>Creer en Ti \u2013 Misioneros servidores de la Palabra<\/strong><\/h4>\n\n\n\n<figure class=\"wp-block-embed is-type-video is-provider-youtube wp-block-embed-youtube wp-embed-aspect-4-3 wp-has-aspect-ratio\"><div class=\"wp-block-embed__wrapper\">\n<iframe loading=\"lazy\" title=\"CREER EN TI  MSP\" width=\"1140\" height=\"855\" src=\"https:\/\/www.youtube.com\/embed\/I7JI7DsliYk?feature=oembed\" frameborder=\"0\" allow=\"accelerometer; autoplay; clipboard-write; encrypted-media; gyroscope; picture-in-picture; web-share\" referrerpolicy=\"strict-origin-when-cross-origin\" allowfullscreen><\/iframe>\n<\/div><\/figure>\n\n\n\n<p class=\"has-text-align-left\">Creer en ti se\u00f1or<br>no es s\u00f3lo la palabra vocaci\u00f3n,<br>es desgastarse entre los hombres por amor.<br>Creer en ti es mucho m\u00e1s<br>que llevar tu nombre en mi voz,<br>es permitir que sea tu gracia<br>quien viva en mi coraz\u00f3n.<br>Creer en ti no es s\u00f3lo pedir<br>por el pecador,<br>es el abrir mis brazos pronto al perd\u00f3n.<br>Creer en ti no bastar\u00e1<br>para cambiar la situaci\u00f3n,<br>es transformarse en hombre nuevo<br>y anunciar la salvaci\u00f3n.<br><br>Por eso, yo quiero creer en ti,<br>quiero que me sanes,<br>que me transformes,<br>me hagas feliz.<br>Yo te doy mi vida,<br>t\u00fa me das la mano,<br>y as\u00ed es como siempre<br>yo te quiero amar.<br>Por eso yo quiero creer en ti,<br>seas t\u00fa mi esperanza,<br>mi fortaleza, mi plenitud.<br>Yo te doy mi vida,<br>t\u00fa me das la mano y as\u00ed juntos<br>siempre hasta la eternidad.<br><br>Creer en ti se\u00f1or<br>no es signo de debilidad,<br>es la confianza de que un d\u00eda volver\u00e1s.<br>Creer en ti no es el refugio<br>de quien vive en soledad,<br>es plenitud de vida nueva<br>de vida en comunidad.<br><br>Creer en ti se\u00f1or<br>no es s\u00f3lo para el mundo pedir paz,<br>es trabajar para que sea realidad.<br>Creer en ti no me asegura<br>que no pueda yo fallar,<br>m\u00e1s en ti he puesto mi esperanza<br>y me puedo levantar.<br><br>Y por eso yo quiero creer en ti,<br>quiero que me sanes,<br>que me transformes me hagas feliz.<br>Yo te doy mi vida,<br>t\u00fa me das la mano,<br>y as\u00ed es como siempre<br>yo te quiero amar.<\/p>\n\n\n\n<p class=\"has-text-align-left has-vivid-purple-background-color has-background\"><\/p>\n\n\n\n<h5 class=\"wp-block-heading has-text-align-left has-small-font-size\"><img loading=\"lazy\" decoding=\"async\" width=\"150\" height=\"109\" class=\"wp-image-21379\" style=\"width: 150px;\" src=\"https:\/\/menesianosoy.org\/wp-content\/uploads\/2025\/03\/26-ene-1-696x504-1.jpg\" alt=\"\" srcset=\"https:\/\/menesianosoy.org\/wp-content\/uploads\/2025\/03\/26-ene-1-696x504-1.jpg 500w, https:\/\/menesianosoy.org\/wp-content\/uploads\/2025\/03\/26-ene-1-696x504-1-300x217.jpg 300w\" sizes=\"auto, (max-width: 150px) 85vw, 150px\" \/><br><strong>Jos\u00e9 Gabriel del Rosario Brochero (1840-1914), el \u00abCura Gaucho\u00bb de C\u00f3rdoba,&nbsp;transform\u00f3 Traslasierra combinando evangelizaci\u00f3n con desarrollo comunitario. Construy\u00f3 caminos, escuelas, iglesias y acequias, impulsando la dignidad humana. Famoso por sus ejercicios espirituales, viaj\u00f3 en mula para llevar fe y progreso a zonas aisladas.&nbsp;<br>Entend\u00eda que <em>\u00abla fe sin obras es como el mate sin yerba\u00bb<\/em>. No solo predicaba, sino que lider\u00f3 la construcci\u00f3n de escuelas, capillas y caminos para conectar a los habitantes. Foment\u00f3 la agricultura, gestion\u00f3 correos y bancos, promoviendo la educaci\u00f3n y el trabajo, especialmente en Villa del Tr\u00e1nsito (hoy Villa Cura Brochero). Construy\u00f3 una casa de ejercicios en la zona (1877), permitiendo a miles de personas acceder a la fe sin realizar el dif\u00edcil viaje a C\u00f3rdoba capital.<br>Muri\u00f3 en 1914, ciego y leproso, contagiado por los enfermos a quienes asist\u00eda, siendo un s\u00edmbolo de entrega absoluta.&nbsp;Fue beatificado en 2013 y canonizado por el Papa Francisco en 2016.<\/strong><\/h5>\n","protected":false},"excerpt":{"rendered":"<p>Isa\u00edas 65, 17-21Salmo 29 (30), 2.4-6.11-12a.13b Evangelio: Juan 4, 43-54 Despu\u00e9s del encuentro con la Samaritana y de haber pasado dos d\u00edas en Sicar, Jes\u00fas parti\u00f3 hacia Galilea. \u00c9l mismo hab\u00eda declarado que un profeta no goza de prestigio en su propio pueblo. Pero cuando lleg\u00f3, los galileos lo recibieron bien, porque hab\u00edan visto todo &hellip; <a href=\"https:\/\/menesianosoy.org\/index.php\/2026\/03\/14\/san-jose-gabriel-del-rosario-brochero\/\" class=\"more-link\">Continue reading<span class=\"screen-reader-text\"> \u00abSan Jos\u00e9 Gabriel del Rosario Brochero\u00bb<\/span><\/a><\/p>\n","protected":false},"author":3,"featured_media":0,"comment_status":"closed","ping_status":"closed","sticky":false,"template":"","format":"standard","meta":{"_acf_changed":false,"footnotes":""},"categories":[9],"tags":[],"class_list":["post-33281","post","type-post","status-publish","format-standard","hentry","category-evangelio"],"acf":[],"_links":{"self":[{"href":"https:\/\/menesianosoy.org\/index.php\/wp-json\/wp\/v2\/posts\/33281","targetHints":{"allow":["GET"]}}],"collection":[{"href":"https:\/\/menesianosoy.org\/index.php\/wp-json\/wp\/v2\/posts"}],"about":[{"href":"https:\/\/menesianosoy.org\/index.php\/wp-json\/wp\/v2\/types\/post"}],"author":[{"embeddable":true,"href":"https:\/\/menesianosoy.org\/index.php\/wp-json\/wp\/v2\/users\/3"}],"replies":[{"embeddable":true,"href":"https:\/\/menesianosoy.org\/index.php\/wp-json\/wp\/v2\/comments?post=33281"}],"version-history":[{"count":13,"href":"https:\/\/menesianosoy.org\/index.php\/wp-json\/wp\/v2\/posts\/33281\/revisions"}],"predecessor-version":[{"id":33486,"href":"https:\/\/menesianosoy.org\/index.php\/wp-json\/wp\/v2\/posts\/33281\/revisions\/33486"}],"wp:attachment":[{"href":"https:\/\/menesianosoy.org\/index.php\/wp-json\/wp\/v2\/media?parent=33281"}],"wp:term":[{"taxonomy":"category","embeddable":true,"href":"https:\/\/menesianosoy.org\/index.php\/wp-json\/wp\/v2\/categories?post=33281"},{"taxonomy":"post_tag","embeddable":true,"href":"https:\/\/menesianosoy.org\/index.php\/wp-json\/wp\/v2\/tags?post=33281"}],"curies":[{"name":"wp","href":"https:\/\/api.w.org\/{rel}","templated":true}]}}