{"id":33297,"date":"2026-03-14T09:30:55","date_gmt":"2026-03-14T12:30:55","guid":{"rendered":"https:\/\/menesianosoy.org\/?p=33297"},"modified":"2026-03-16T07:00:59","modified_gmt":"2026-03-16T10:00:59","slug":"san-jose-gabriel-del-rosario-brochero-2","status":"publish","type":"post","link":"https:\/\/menesianosoy.org\/index.php\/2026\/03\/14\/san-jose-gabriel-del-rosario-brochero-2\/","title":{"rendered":"San Jos\u00e9 Gabriel del Rosario Brochero"},"content":{"rendered":"\n<h5 class=\"wp-block-heading has-text-align-left has-text-color has-link-color wp-elements-848ff4a0e9ccc9b5e2e839d2a5173751\" style=\"color:#6d1818\"><br><em><strong>1891 &#8211; Aprobaci\u00f3n definitiva de la Congregaci\u00f3n por la Santa Sede.<\/strong><\/em><\/h5>\n\n\n\n<p class=\"has-text-align-center has-text-color has-link-color wp-elements-b8e4d7425505cb9c05649b38192efa3a\" style=\"color:#461375\"><em><strong><br><\/strong><\/em><img loading=\"lazy\" decoding=\"async\" width=\"250\" height=\"133\" class=\"wp-image-33300\" style=\"width: 250px;\" src=\"https:\/\/menesianosoy.org\/wp-content\/uploads\/2026\/03\/Fundadores.png\" alt=\"\" srcset=\"https:\/\/menesianosoy.org\/wp-content\/uploads\/2026\/03\/Fundadores.png 532w, https:\/\/menesianosoy.org\/wp-content\/uploads\/2026\/03\/Fundadores-300x160.png 300w\" sizes=\"auto, (max-width: 250px) 85vw, 250px\" \/><br><em><strong>1933 &#8211; Salida de Nanclares de los tres primeros Hermanos (HH Francisco Mar\u00eda Aparicio, Fernando Mar\u00eda Ruiz y Arc\u00e1ngel Mart\u00ednez) hacia Argentina.<\/strong><\/em><\/p>\n\n\n\n<h4 class=\"wp-block-heading has-vivid-red-color has-text-color has-link-color wp-elements-147a8078453413efde2d011af260ed58\"><br><strong>Oraci\u00f3n<\/strong><\/h4>\n\n\n\n<p class=\"has-text-align-left\"><strong><em>Se\u00f1or Jes\u00fas, te damos gracias<br>por la sublime vocaci\u00f3n<br>que nos has regalado.<br>Danos tu Esp\u00edritu para que pasemos<br>por el mundo<br>haciendo el bien que T\u00fa mismo hiciste.<br>Que nuestra educaci\u00f3n evangelice hoy a todos,<br>que instruya a los pobres, que d\u00e9 vista a los ciegos,<br>que haga caminar a los d\u00e9biles y cansados.<br>Conc\u00e9denos vivir hoy y siempre de tal forma<br>que eduquemos a los que nos son confiados,<br>abramos los ojos a los ni\u00f1os y a los j\u00f3venes,<br>sanemos a los d\u00e9biles,<br>resucitemos a los que viven sepultados lejos de ti.<br>Que tu presencia en nuestra vida fraterna<br>nos haga capaces de realizar prodigios<br>en el orden espiritual para gloria tuya. Am\u00e9n<\/em><\/strong><\/p>\n\n\n\n<h4 class=\"wp-block-heading has-text-align-left has-vivid-red-color has-text-color has-link-color wp-elements-68ad3851f9aaf4836e1fc397e155feb0\"><br><strong>Intenciones <\/strong><\/h4>\n\n\n\n<ul class=\"wp-block-list\">\n<li>Por nuestra congregaci\u00f3n, por los laicos que comparten el carisma, para que sigamos siendo fiel al  dado por Dios a Juan Mar\u00eda y Gabriel.<\/li>\n\n\n\n<li>Por las comunidades educativas de nuestro Distrito Divina Providencia, por sus proyectos y por nuevas vocaciones.<\/li>\n\n\n\n<li>Por el cumplea\u00f1os de nuestro Hermano <strong>Abundio<\/strong> <strong>Mart\u00edn Garc\u00eda<\/strong> (1951), de la comunidad del Dionisio D\u00edaz.<\/li>\n\n\n\n<li>Por los enfermos y discapacitados de nuestras comunidades.<\/li>\n\n\n\n<li>Por la comunidad de Larantuka (Indonesia).<\/li>\n\n\n\n<li>Por la paz en el mundo.<\/li>\n<\/ul>\n\n\n\n<h4 class=\"wp-block-heading has-text-align-left has-vivid-red-color has-text-color has-link-color wp-elements-deadf21f951d43b2b2e63442a35828d0\"><br><strong>Regla de Vida n\u00ba 39b<\/strong><\/h4>\n\n\n\n<p class=\"has-text-align-left\"><em>Castidad y relaciones fraternas: <\/em><br>Esta fraternidad se vive particularmente en el seno de la comunidad, donde los Hermanos se esfuerzan por vivir juntos en el don gozoso de s\u00ed mismos, en la confianza mutua y en el cuidado delicado a los dem\u00e1s. Para mejor ayudarse espiritualmente, recuerdan, sobre todo los Hermanos superiores, que la castidad \u00abse conserva m\u00e1s f\u00e1cilmente cuando reina entre los Hermanos una aut\u00e9ntica caridad\u00bb. En el momento oportuno, saben dirigirse y apoyar a los que se encuentran en dificultades.<\/p>\n\n\n\n<h4 class=\"wp-block-heading has-text-align-left has-vivid-red-color has-text-color has-link-color wp-elements-9dc9525c928a7f97a871c319fe746bbf\"><br><strong>Regla de 1823<\/strong><\/h4>\n\n\n\n<p class=\"has-text-align-left\"><em>Los Hermanos evitar\u00e1n cuidadosamente todo motivo de disputa, no manifestando a los dem\u00e1s ni distanciamiento ni mal humor; evitar\u00e1n toda palabra dura, agria o de reproche, toda se\u00f1al de desprecio o<br>de impaciencia; se hablar\u00e1n siempre con dulzura inalterable, con gran modestia y sin tutearse. Si surgiera entre ellos alguna discusi\u00f3n, incluso ligera, no dejar\u00e1n de reconciliarse antes de la oraci\u00f3n de la noche.<\/em><\/p>\n\n\n\n<h4 class=\"wp-block-heading has-vivid-red-color has-text-color has-link-color wp-elements-277bac52fd316e45b5ad04973d855fb8\"><br><strong>Difuntos<\/strong><\/h4>\n\n\n\n<p class=\"has-text-align-left\">1977: Hubert T\u00e9trault (Albert-Joseph)<br>1978: <strong>Indalecio S\u00e1inz<\/strong> (<strong>Bernardino<\/strong>): Naci\u00f3 en Herbosa (Burgos) en 1905. Muri\u00f3 en Portugalete.<\/p>\n","protected":false},"excerpt":{"rendered":"<p>1891 &#8211; Aprobaci\u00f3n definitiva de la Congregaci\u00f3n por la Santa Sede. 1933 &#8211; Salida de Nanclares de los tres primeros Hermanos (HH Francisco Mar\u00eda Aparicio, Fernando Mar\u00eda Ruiz y Arc\u00e1ngel Mart\u00ednez) hacia Argentina. Oraci\u00f3n Se\u00f1or Jes\u00fas, te damos graciaspor la sublime vocaci\u00f3nque nos has regalado.Danos tu Esp\u00edritu para que pasemospor el mundohaciendo el bien que &hellip; <a href=\"https:\/\/menesianosoy.org\/index.php\/2026\/03\/14\/san-jose-gabriel-del-rosario-brochero-2\/\" class=\"more-link\">Continue reading<span class=\"screen-reader-text\"> \u00abSan Jos\u00e9 Gabriel del Rosario Brochero\u00bb<\/span><\/a><\/p>\n","protected":false},"author":3,"featured_media":0,"comment_status":"closed","ping_status":"closed","sticky":false,"template":"","format":"standard","meta":{"_acf_changed":false,"footnotes":""},"categories":[3],"tags":[],"class_list":["post-33297","post","type-post","status-publish","format-standard","hentry","category-calendario"],"acf":[],"_links":{"self":[{"href":"https:\/\/menesianosoy.org\/index.php\/wp-json\/wp\/v2\/posts\/33297","targetHints":{"allow":["GET"]}}],"collection":[{"href":"https:\/\/menesianosoy.org\/index.php\/wp-json\/wp\/v2\/posts"}],"about":[{"href":"https:\/\/menesianosoy.org\/index.php\/wp-json\/wp\/v2\/types\/post"}],"author":[{"embeddable":true,"href":"https:\/\/menesianosoy.org\/index.php\/wp-json\/wp\/v2\/users\/3"}],"replies":[{"embeddable":true,"href":"https:\/\/menesianosoy.org\/index.php\/wp-json\/wp\/v2\/comments?post=33297"}],"version-history":[{"count":15,"href":"https:\/\/menesianosoy.org\/index.php\/wp-json\/wp\/v2\/posts\/33297\/revisions"}],"predecessor-version":[{"id":33485,"href":"https:\/\/menesianosoy.org\/index.php\/wp-json\/wp\/v2\/posts\/33297\/revisions\/33485"}],"wp:attachment":[{"href":"https:\/\/menesianosoy.org\/index.php\/wp-json\/wp\/v2\/media?parent=33297"}],"wp:term":[{"taxonomy":"category","embeddable":true,"href":"https:\/\/menesianosoy.org\/index.php\/wp-json\/wp\/v2\/categories?post=33297"},{"taxonomy":"post_tag","embeddable":true,"href":"https:\/\/menesianosoy.org\/index.php\/wp-json\/wp\/v2\/tags?post=33297"}],"curies":[{"name":"wp","href":"https:\/\/api.w.org\/{rel}","templated":true}]}}