{"id":33310,"date":"2026-03-14T11:07:46","date_gmt":"2026-03-14T14:07:46","guid":{"rendered":"https:\/\/menesianosoy.org\/?p=33310"},"modified":"2026-03-16T22:04:34","modified_gmt":"2026-03-17T01:04:34","slug":"san-patricio","status":"publish","type":"post","link":"https:\/\/menesianosoy.org\/index.php\/2026\/03\/14\/san-patricio\/","title":{"rendered":"San Patricio"},"content":{"rendered":"\n<h5 class=\"wp-block-heading has-text-align-left has-text-color has-link-color wp-elements-ec3ab05df2569ea9a04ee77c082562de\" style=\"color:#661616\"><br><strong>Ezequiel 47, 1-9.12<br>Salmo 45 (46), 2-3.5-6.8-9<\/strong><\/h5>\n\n\n\n<h4 class=\"wp-block-heading has-text-align-left has-vivid-red-color has-text-color has-link-color wp-elements-fc126ce828e545851733217b8d02294e\"><br><strong>Evangelio: Juan 5, 1-3a.5-18<\/strong><\/h4>\n\n\n\n<figure class=\"wp-block-audio\"><audio controls src=\"https:\/\/menesianosoy.org\/wp-content\/uploads\/2026\/03\/Martes-17-de-marzo.mp3\"><\/audio><\/figure>\n\n\n\n<p class=\"has-text-align-left\"><strong><em>Se celebraba una fiesta de los jud\u00edos y Jes\u00fas subi\u00f3 a Jerusal\u00e9n. Junto a la puerta de las Ovejas, en Jerusal\u00e9n, hay una piscina llamada en hebreo Betsata, que tiene cinco p\u00f3rticos. Bajo estos p\u00f3rticos yac\u00eda una multitud de enfermos, ciegos, paral\u00edticos y lisiados, que esperaban la agitaci\u00f3n del agua.<br>Hab\u00eda all\u00ed un hombre que estaba enfermo desde hac\u00eda treinta y ocho a\u00f1os. Al verlo tendido, y sabiendo que hac\u00eda tanto tiempo que estaba as\u00ed, Jes\u00fas le pregunt\u00f3: \u00bfQuieres curarte?<br>\u00c9l respondi\u00f3: Se\u00f1or, no tengo a nadie que me sumerja en la piscina cuando el agua comienza a agitarse; mientras yo voy, otro desciende antes.<br>Jes\u00fas le dijo: Lev\u00e1ntate, toma tu camilla y camina.<br>En seguida el hombre se cur\u00f3, tom\u00f3 su camilla y empez\u00f3 a caminar. Era un s\u00e1bado.<br>Los jud\u00edos dijeron al que acababa de ser curado: Es s\u00e1bado. No te est\u00e1 permitido llevar tu camilla. \u00c9l les respondi\u00f3: El que me cur\u00f3 me dijo: Toma tu camilla y camina.<br>Ellos le preguntaron: \u00bfQui\u00e9n es ese hombre que te dijo: Toma tu camilla y camina? Pero el enfermo lo ignoraba, porque Jes\u00fas hab\u00eda desaparecido entre la multitud que estaba all\u00ed.<br>Despu\u00e9s, Jes\u00fas lo encontr\u00f3 en el Templo y le dijo: Has sido curado; no vuelvas a pecar, de lo contrario te ocurrir\u00e1n peores cosas todav\u00eda. El hombre fue a decir a los jud\u00edos que era Jes\u00fas el que lo hab\u00eda curado. Ellos atacaban a Jes\u00fas, porque hac\u00eda esas cosas en s\u00e1bado.<\/em><\/strong><\/p>\n\n\n\n<figure class=\"wp-block-image size-full\"><img loading=\"lazy\" decoding=\"async\" width=\"400\" height=\"400\" src=\"https:\/\/menesianosoy.org\/wp-content\/uploads\/2025\/03\/images-1-1.jpeg\" alt=\"\" class=\"wp-image-21910\" srcset=\"https:\/\/menesianosoy.org\/wp-content\/uploads\/2025\/03\/images-1-1.jpeg 400w, https:\/\/menesianosoy.org\/wp-content\/uploads\/2025\/03\/images-1-1-300x300.jpeg 300w, https:\/\/menesianosoy.org\/wp-content\/uploads\/2025\/03\/images-1-1-150x150.jpeg 150w\" sizes=\"auto, (max-width: 400px) 85vw, 400px\" \/><\/figure>\n\n\n\n<p class=\"has-text-align-left\">Este es uno de los milagros que Juan relata en su evangelio para remarcar la singularidad de Jes\u00fas.<br><br>El relato es sencillo: Jes\u00fas en una de las fiestas jud\u00edas, se acerca a la piscina de Betsata, donde una multitud de enfermos esperan la agitaci\u00f3n del agua para ser curados. Jes\u00fas pregunta a uno de ellos, que es paral\u00edtico si quiere ser curado y lo cura. Despu\u00e9s, pese a ser s\u00e1bado, le manda cargar su camilla y marchar a su casa, lo que provoca el enfado de los jud\u00edos observantes que no entienden que se trabaje en s\u00e1bado. Finalmente, Jes\u00fas se reencuentra con el paral\u00edtico ya curado en el Templo y lo alienta a no volver a pecar.<br><br>Estos milagros son signos de la misi\u00f3n de Jes\u00fas. Para Juan, es claro que la salvaci\u00f3n no viene de la magia del agua, o de la observancia de la Ley, sino de Jes\u00fas, hijo de Dios, que es el \u00fanico que tiene el agua viva y la generosidad para darla en abundancia. \u00c9l es la vida, la luz, la salud, la gracia\u2026 \u00c9l viene en busca del enfermo, del paral\u00edtico para llenarlo de su gracia.<br>El encuentro con Jes\u00fas es un encuentro de vida, de compromiso y de amor. Jes\u00fas acoge al necesitado, al que no tiene quien lo socorra, al que conf\u00eda en su palabra.<br><br>Jes\u00fas ha salido a nuestro encuentro para llenarnos de su gracia, para fortalecernos con su presencia salvadora, para llenarnos de vida y energ\u00eda con la fuerza de su esp\u00edritu. Que Dios nos haga fuertes para aceptar y amar a todos los que, como el paral\u00edtico de la piscina, esperan y conf\u00edan en ser ayudados, acogidos y curados de su desesperada soledad.<\/p>\n\n\n\n<h4 class=\"wp-block-heading has-text-align-left has-black-color has-text-color has-link-color wp-elements-8b874c0f7a3224e89a5e7bb9345e9c35\"><br><strong>M\u00c1XIMA<br>Jes\u00fas desea nuestro bien<\/strong><\/h4>\n\n\n\n<h4 class=\"wp-block-heading has-text-align-left has-vivid-red-color has-text-color has-link-color wp-elements-21e72ba6ab8aac75548a19d39767613b\"><br><strong>Palabras de Juan Mar\u00eda de la Mennais<\/strong><\/h4>\n\n\n\n<p><img loading=\"lazy\" decoding=\"async\" width=\"150\" height=\"183\" class=\"wp-image-16098\" style=\"width: 150px;\" src=\"https:\/\/menesianosoy.org\/wp-content\/uploads\/2024\/09\/juanmaria.png\" alt=\"\" srcset=\"https:\/\/menesianosoy.org\/wp-content\/uploads\/2024\/09\/juanmaria.png 450w, https:\/\/menesianosoy.org\/wp-content\/uploads\/2024\/09\/juanmaria-246x300.png 246w\" sizes=\"auto, (max-width: 150px) 85vw, 150px\" \/><br><em>Estamos en manos de Dios. Que \u00e9l haga de nosotros lo que le plazca. No tengamos m\u00e1s que un deseo, el de llegar al cielo. (Al H. Liguori-Marie, 1849)<\/em><\/p>\n\n\n\n<h4 class=\"wp-block-heading has-text-align-left has-vivid-red-color has-text-color has-link-color wp-elements-e80a46f14acad13891c762b6c1396196\"><br><strong>Al lado de Jes\u00fas &#8211; Primera fe<\/strong><\/h4>\n\n\n\n<figure class=\"wp-block-embed is-type-video is-provider-youtube wp-block-embed-youtube wp-embed-aspect-16-9 wp-has-aspect-ratio\"><div class=\"wp-block-embed__wrapper\">\n<iframe loading=\"lazy\" title=\"Primera Fe - Al lado de Jes\u00fas (Video Lyric Oficial)\" width=\"1140\" height=\"641\" src=\"https:\/\/www.youtube.com\/embed\/EOaexeUO-R4?feature=oembed\" frameborder=\"0\" allow=\"accelerometer; autoplay; clipboard-write; encrypted-media; gyroscope; picture-in-picture; web-share\" referrerpolicy=\"strict-origin-when-cross-origin\" allowfullscreen><\/iframe>\n<\/div><\/figure>\n\n\n\n<p class=\"has-text-align-left\">La vida es dura lo s\u00e9 bien,<br>los problemas nublan tu fe.<br>Mas hay una opci\u00f3n para estar bien,<br>escucha lo que te dir\u00e9:<br><br>Cristo es luz para tu caminar,<br>est\u00e1 dispuesto a atender tu ansiedad.<br>Te da amor, te da paz<br>y te da fuerzas al luchar.<br><br>Es puerto seguro para descansar,<br>es el buen pastor que da seguridad.<br><br>Siempre es tu amigo fiel,<br>es manantial para tu ser.<br>No hay nada que temer<br>si vas al lado de Jes\u00fas.<br><br>El cambiar\u00e1 tu actitud.<br>\u00c9l es vida, es la luz.<br>Mira siempre hacia la cruz.<br>Camina al lado de Jes\u00fas.<br><br>Es la soluci\u00f3n para tu malestar,<br>es el remedio que puede sanar,<br>el bello tesoro que puedes hallar.<br>Camina al lado de Jes\u00fas.<br><br>Le da sabor a tu amargo vivir,<br>es la raz\u00f3n de poder sonre\u00edr,<br>con \u00e9l t\u00fa puedes ser feliz.<br>Camina al lado de Jes\u00fas.<br><br>Es puerto seguro para descansar.<br>Es el buen pastor que da seguridad.<\/p>\n\n\n\n<p class=\"has-vivid-purple-background-color has-background\"><\/p>\n\n\n\n<h5 class=\"wp-block-heading has-text-align-left has-small-font-size\"><img loading=\"lazy\" decoding=\"async\" width=\"150\" height=\"84\" class=\"wp-image-33326\" style=\"width: 150px;\" src=\"https:\/\/menesianosoy.org\/wp-content\/uploads\/2026\/03\/6086081141902f328ae4o.jpg\" alt=\"\" srcset=\"https:\/\/menesianosoy.org\/wp-content\/uploads\/2026\/03\/6086081141902f328ae4o.jpg 1600w, https:\/\/menesianosoy.org\/wp-content\/uploads\/2026\/03\/6086081141902f328ae4o-300x169.jpg 300w, https:\/\/menesianosoy.org\/wp-content\/uploads\/2026\/03\/6086081141902f328ae4o-1024x576.jpg 1024w, https:\/\/menesianosoy.org\/wp-content\/uploads\/2026\/03\/6086081141902f328ae4o-768x432.jpg 768w, https:\/\/menesianosoy.org\/wp-content\/uploads\/2026\/03\/6086081141902f328ae4o-1536x864.jpg 1536w, https:\/\/menesianosoy.org\/wp-content\/uploads\/2026\/03\/6086081141902f328ae4o-1200x675.jpg 1200w\" sizes=\"auto, (max-width: 150px) 85vw, 150px\" \/><br><strong>San Patricio (c. 385\u2013461) naci\u00f3 en Britania, que entonces formaba parte del Imperio Romano. Su familia era cristiana y su padre era di\u00e1cono. A los 16 a\u00f1os fue capturado por piratas irlandeses y llevado como esclavo a Irlanda, donde trabaj\u00f3 cuidando ovejas durante varios a\u00f1os.<br>Durante su tiempo de esclavitud tuvo una profunda conversi\u00f3n espiritual. Pasaba largas horas rezando y sinti\u00f3 que Dios lo proteg\u00eda. Seg\u00fan su propio relato, tuvo un sue\u00f1o en el que Dios le indicaba que deb\u00eda escapar. Logr\u00f3 huir y regresar a su tierra.<br>Despu\u00e9s de regresar a su familia, decidi\u00f3 dedicar su vida a Dios. Estudi\u00f3 para el sacerdocio en la Galia (actual Francia) y con el tiempo fue ordenado obispo.<br>Patricio sinti\u00f3 el llamado de volver a Irlanda, esta vez como misionero. All\u00ed predic\u00f3 el Evangelio, bautiz\u00f3 a miles de personas y fund\u00f3 comunidades cristianas. Pas\u00f3 el resto de su vida evangelizando Irlanda, organizando la Iglesia y formando sacerdotes. Muri\u00f3 en el a\u00f1o 461. Es patrono de Irlanda.<\/strong><\/h5>\n","protected":false},"excerpt":{"rendered":"<p>Ezequiel 47, 1-9.12Salmo 45 (46), 2-3.5-6.8-9 Evangelio: Juan 5, 1-3a.5-18 Se celebraba una fiesta de los jud\u00edos y Jes\u00fas subi\u00f3 a Jerusal\u00e9n. Junto a la puerta de las Ovejas, en Jerusal\u00e9n, hay una piscina llamada en hebreo Betsata, que tiene cinco p\u00f3rticos. Bajo estos p\u00f3rticos yac\u00eda una multitud de enfermos, ciegos, paral\u00edticos y lisiados, que &hellip; <a href=\"https:\/\/menesianosoy.org\/index.php\/2026\/03\/14\/san-patricio\/\" class=\"more-link\">Continue reading<span class=\"screen-reader-text\"> \u00abSan Patricio\u00bb<\/span><\/a><\/p>\n","protected":false},"author":3,"featured_media":0,"comment_status":"closed","ping_status":"closed","sticky":false,"template":"","format":"standard","meta":{"_acf_changed":false,"footnotes":""},"categories":[9],"tags":[],"class_list":["post-33310","post","type-post","status-publish","format-standard","hentry","category-evangelio"],"acf":[],"_links":{"self":[{"href":"https:\/\/menesianosoy.org\/index.php\/wp-json\/wp\/v2\/posts\/33310","targetHints":{"allow":["GET"]}}],"collection":[{"href":"https:\/\/menesianosoy.org\/index.php\/wp-json\/wp\/v2\/posts"}],"about":[{"href":"https:\/\/menesianosoy.org\/index.php\/wp-json\/wp\/v2\/types\/post"}],"author":[{"embeddable":true,"href":"https:\/\/menesianosoy.org\/index.php\/wp-json\/wp\/v2\/users\/3"}],"replies":[{"embeddable":true,"href":"https:\/\/menesianosoy.org\/index.php\/wp-json\/wp\/v2\/comments?post=33310"}],"version-history":[{"count":14,"href":"https:\/\/menesianosoy.org\/index.php\/wp-json\/wp\/v2\/posts\/33310\/revisions"}],"predecessor-version":[{"id":33493,"href":"https:\/\/menesianosoy.org\/index.php\/wp-json\/wp\/v2\/posts\/33310\/revisions\/33493"}],"wp:attachment":[{"href":"https:\/\/menesianosoy.org\/index.php\/wp-json\/wp\/v2\/media?parent=33310"}],"wp:term":[{"taxonomy":"category","embeddable":true,"href":"https:\/\/menesianosoy.org\/index.php\/wp-json\/wp\/v2\/categories?post=33310"},{"taxonomy":"post_tag","embeddable":true,"href":"https:\/\/menesianosoy.org\/index.php\/wp-json\/wp\/v2\/tags?post=33310"}],"curies":[{"name":"wp","href":"https:\/\/api.w.org\/{rel}","templated":true}]}}