{"id":33330,"date":"2026-03-14T11:28:48","date_gmt":"2026-03-14T14:28:48","guid":{"rendered":"https:\/\/menesianosoy.org\/?p=33330"},"modified":"2026-03-14T11:35:49","modified_gmt":"2026-03-14T14:35:49","slug":"san-patricio-2","status":"publish","type":"post","link":"https:\/\/menesianosoy.org\/index.php\/2026\/03\/14\/san-patricio-2\/","title":{"rendered":"San Patricio"},"content":{"rendered":"\n<h5 class=\"wp-block-heading has-text-align-left has-text-color has-link-color wp-elements-baedd306ca8cd01045215af03321c386\" style=\"color:#481677\"><strong>2018 \u2013 Elecci\u00f3n del Hno. Herv\u00e9 Zamor como Superior General.<\/strong><\/h5>\n\n\n\n<h4 class=\"wp-block-heading has-text-align-left has-vivid-red-color has-text-color has-link-color wp-elements-0d3bba1292b8030bef905a45afd13c8e\"><br><strong>Oraci\u00f3n<\/strong><\/h4>\n\n\n\n<p class=\"has-text-align-left\"><strong><em>Se\u00f1or Jes\u00fas, te damos gracias<br>por la sublime vocaci\u00f3n<br>que nos has regalado.<br>Danos tu Esp\u00edritu para que pasemos<br>por el mundo<br>haciendo el bien que T\u00fa mismo hiciste.<br>Que nuestra educaci\u00f3n evangelice hoy a todos,<br>que instruya a los pobres, que d\u00e9 vista a los ciegos,<br>que haga caminar a los d\u00e9biles y cansados.<br>Conc\u00e9denos vivir hoy y siempre de tal forma<br>que eduquemos a los que nos son confiados,<br>abramos los ojos a los ni\u00f1os y a los j\u00f3venes,<br>sanemos a los d\u00e9biles,<br>resucitemos a los que viven sepultados lejos de ti.<br>Que tu presencia en nuestra vida fraterna<br>nos haga capaces de realizar prodigios<br>en el orden espiritual para gloria tuya. Am\u00e9n<\/em><\/strong><\/p>\n\n\n\n<h4 class=\"wp-block-heading has-vivid-red-color has-text-color has-link-color wp-elements-7a0ff5ef426345d54ec2ffc3919b8c7e\"><br><strong>Intenciones<\/strong><\/h4>\n\n\n\n<ul class=\"wp-block-list\">\n<li>Por el Superior General y su Consejo.<\/li>\n\n\n\n<li>Por los catequistas y agentes de pastoral de nuestros centros educativos.<\/li>\n\n\n\n<li>Por los enfermos y discapacitados de nuestras comunidades.<\/li>\n\n\n\n<li>Por la comunidad del centro educativo San Dami\u00e1n de Villa G. G\u00e1lvez y la de Reinosa.<\/li>\n\n\n\n<li>Por los menesianos, las obras y las nuevas vocaciones del distrito San Francisco Javier (Indonesia &#8211; Jap\u00f3n &#8211; Filipinas).<\/li>\n\n\n\n<li>Por las vocaciones de laicos y hermanos en nuestra congregaci\u00f3n.<\/li>\n\n\n\n<li>Por la paz en el mundo.<\/li>\n<\/ul>\n\n\n\n<h4 class=\"wp-block-heading has-text-align-left has-vivid-red-color has-text-color has-link-color wp-elements-4f98d64b85852f7e6d0f633b8af8c542\"><br><strong>Regla de Vida n\u00ba 39.1<\/strong><\/h4>\n\n\n\n<p class=\"has-text-align-left\"><em>Castidad y relaciones fraternas:<\/em><br>La castidad est\u00e1 fundamentalmente ligada a la caridad. Consciente de que nadie aqu\u00ed abajo puede vivir sin amor y de que el repliegue sobre s\u00ed mismo resulta est\u00e9ril, el Hermano se muestra feliz amando al pr\u00f3jimo en relaciones hechas de respeto al otro, de sencillez, transparencia y prudencia.<\/p>\n\n\n\n<h4 class=\"wp-block-heading has-text-align-left has-vivid-red-color has-text-color has-link-color wp-elements-d6f3f24edbc55b4b1d87dbc713b4d724\"><br><strong>Carta al Hno. Bertrand, 21 de noviembre de 1844<\/strong><\/h4>\n\n\n\n<p class=\"has-text-align-left\"><em>Las relaciones demasiado frecuentes con las personas de fuera son las que han sacudido tu vocaci\u00f3n, y las que te han hecho perder, de manera imperceptible, el esp\u00edritu de tu santo estado. Es imposible ser a la vez del mundo y de Jesucristo; nadie puede servir a dos se\u00f1ores.<\/em><\/p>\n\n\n\n<h4 class=\"wp-block-heading has-text-align-left has-vivid-red-color has-text-color has-link-color wp-elements-00de5fa8d6e716954dfa1907486cd83c\"><br><strong>Difuntos<\/strong> <\/h4>\n\n\n\n<p class=\"has-text-align-left\">1968: Joseph Le Roux (Alarius)<br>1995: Jean Marie Le Qu\u00e9au (\u00c9tienne-Joseph)<br>1998: <strong>Pedro Miera<\/strong> (<strong>Isidoro<\/strong>). Naci\u00f3 en San Mart\u00edn de los Herreros (Palencia) en 1926. Muri\u00f3 en Nanclares.<br>1999: Fran\u00e7ois Richomme (Nicolas)<br>2003: \u00c9tienne Guin\u00e9<br>2008: Paul Hays<br>2019: Pierre Piron (Michel-Pierre)<br>2025: Serge Larose<\/p>\n","protected":false},"excerpt":{"rendered":"<p>2018 \u2013 Elecci\u00f3n del Hno. Herv\u00e9 Zamor como Superior General. Oraci\u00f3n Se\u00f1or Jes\u00fas, te damos graciaspor la sublime vocaci\u00f3nque nos has regalado.Danos tu Esp\u00edritu para que pasemospor el mundohaciendo el bien que T\u00fa mismo hiciste.Que nuestra educaci\u00f3n evangelice hoy a todos,que instruya a los pobres, que d\u00e9 vista a los ciegos,que haga caminar a los &hellip; <a href=\"https:\/\/menesianosoy.org\/index.php\/2026\/03\/14\/san-patricio-2\/\" class=\"more-link\">Continue reading<span class=\"screen-reader-text\"> \u00abSan Patricio\u00bb<\/span><\/a><\/p>\n","protected":false},"author":3,"featured_media":0,"comment_status":"closed","ping_status":"closed","sticky":false,"template":"","format":"standard","meta":{"_acf_changed":false,"footnotes":""},"categories":[3],"tags":[],"class_list":["post-33330","post","type-post","status-publish","format-standard","hentry","category-calendario"],"acf":[],"_links":{"self":[{"href":"https:\/\/menesianosoy.org\/index.php\/wp-json\/wp\/v2\/posts\/33330","targetHints":{"allow":["GET"]}}],"collection":[{"href":"https:\/\/menesianosoy.org\/index.php\/wp-json\/wp\/v2\/posts"}],"about":[{"href":"https:\/\/menesianosoy.org\/index.php\/wp-json\/wp\/v2\/types\/post"}],"author":[{"embeddable":true,"href":"https:\/\/menesianosoy.org\/index.php\/wp-json\/wp\/v2\/users\/3"}],"replies":[{"embeddable":true,"href":"https:\/\/menesianosoy.org\/index.php\/wp-json\/wp\/v2\/comments?post=33330"}],"version-history":[{"count":4,"href":"https:\/\/menesianosoy.org\/index.php\/wp-json\/wp\/v2\/posts\/33330\/revisions"}],"predecessor-version":[{"id":33337,"href":"https:\/\/menesianosoy.org\/index.php\/wp-json\/wp\/v2\/posts\/33330\/revisions\/33337"}],"wp:attachment":[{"href":"https:\/\/menesianosoy.org\/index.php\/wp-json\/wp\/v2\/media?parent=33330"}],"wp:term":[{"taxonomy":"category","embeddable":true,"href":"https:\/\/menesianosoy.org\/index.php\/wp-json\/wp\/v2\/categories?post=33330"},{"taxonomy":"post_tag","embeddable":true,"href":"https:\/\/menesianosoy.org\/index.php\/wp-json\/wp\/v2\/tags?post=33330"}],"curies":[{"name":"wp","href":"https:\/\/api.w.org\/{rel}","templated":true}]}}