{"id":33357,"date":"2026-03-14T12:03:55","date_gmt":"2026-03-14T15:03:55","guid":{"rendered":"https:\/\/menesianosoy.org\/?p=33357"},"modified":"2026-03-17T21:56:53","modified_gmt":"2026-03-18T00:56:53","slug":"san-cirilo-de-jerusalen-4","status":"publish","type":"post","link":"https:\/\/menesianosoy.org\/index.php\/2026\/03\/14\/san-cirilo-de-jerusalen-4\/","title":{"rendered":"San Cirilo de Jerusal\u00e9n"},"content":{"rendered":"\n<h5 class=\"wp-block-heading has-text-align-left has-text-color has-link-color wp-elements-7ce213f11fb0d4f5d416be3d7cccd015\" style=\"color:#42136e\"><br><strong>1814 &#8211; Llegada a S. Brieuc del P. la Mennais como secretario particular de Mons. J. B. Caffareli<br>1982 &#8211; El Hno. Bernard Gaudeul es elegido Superior General.<\/strong><\/h5>\n\n\n\n<h4 class=\"wp-block-heading has-text-align-left has-vivid-red-color has-text-color has-link-color wp-elements-0d3bba1292b8030bef905a45afd13c8e\"><br><strong>Oraci\u00f3n<\/strong><\/h4>\n\n\n\n<p class=\"has-text-align-left\"><strong><em>Se\u00f1or,<br>que puedas encontrar en nosotros<br>todas las perfecciones de tu Hijo,<br>que seamos,<br>en la medida que lo permita<br>la debilidad humana,<br>revestidos de Jesucristo,<br>que sigamos a Cristo<br>en todos sus caminos,<br>que juzguemos todas las cosas<br>como \u00e9l las juzga,<br>que amemos lo que \u00e9l ama,<br>que despreciemos lo que \u00e9l desprecia.<br>En una palabra,<br>que todos nuestros pensamientos<br>sean conformes a sus pensamientos<br>y que seamos su imagen viva. Am\u00e9n<br>(Juan Mar\u00eda)<\/em><\/strong><\/p>\n\n\n\n<h4 class=\"wp-block-heading has-text-align-left has-vivid-red-color has-text-color has-link-color wp-elements-7deb30c5a46c2fe0af76f92c82f8d39a\"><br><strong>Intenciones<\/strong><\/h4>\n\n\n\n<ul class=\"wp-block-list\">\n<li>Por los docentes y los alumnos de nuestras comunidades educativas, sobre todo los m\u00e1s necesitados.<\/li>\n\n\n\n<li>Por el cumplea\u00f1os del H. <strong>Alfredo Cuesta<\/strong> (1937), de la comunidad de Madrid.<\/li>\n\n\n\n<li>Por los enfermos y discapacitados de nuestras comunidades.<\/li>\n\n\n\n<li>Por la familia menesiana del colegio Cardenal Copello de Buenos Aires y la de Santo Domingo de la Calzada.<\/li>\n\n\n\n<li>Por los menesianos, las obras y las nuevas vocaciones del distrito de Ruanda.<\/li>\n\n\n\n<li>Para que seamos fieles a nuestra consagraci\u00f3n.<\/li>\n<\/ul>\n\n\n\n<h4 class=\"wp-block-heading has-text-align-left has-vivid-red-color has-text-color has-link-color wp-elements-f2775d31109aa45636ff51e4c69309f3\"><br><strong>Regla de Vida n\u00ba 40a<\/strong><\/h4>\n\n\n\n<p class=\"has-text-align-left\"><em>Castidad y misi\u00f3n: <\/em><br>El celibato consagrado abre al Hermano a un amor lleno de amabilidad y delicadeza. Se hace hermano de<br>todos, especialmente de los m\u00e1s desfavorecidos. La elecci\u00f3n del celibato consagrado le da una mayor disponibilidad apost\u00f3lica y afianza su obediencia para llevar a cabo la misi\u00f3n.<\/p>\n\n\n\n<h4 class=\"wp-block-heading has-text-align-left has-vivid-red-color has-text-color has-link-color wp-elements-561fc946deed958ee7d572cb03c4cecd\"><br><strong>M\u00e9morial, pp. 15-16<\/strong><\/h4>\n\n\n\n<p class=\"has-text-align-left\"><em>Cuando el alma est\u00e1 reseca y la tristeza la embarga, ir al Huerto de los Olivos, ponerse de rodrillas al lado de Jesucristo, tomar el c\u00e1liz que se nos ofrece y decir: \u00abPadre m\u00edo, que no se haga mi voluntad, sino la tuya.<\/em><\/p>\n\n\n\n<h4 class=\"wp-block-heading has-text-align-left has-vivid-red-color has-text-color has-link-color wp-elements-1cd4b724fdd0ffc35884cb45183847cc\"><br><strong>Difuntos<\/strong><\/h4>\n\n\n\n<p class=\"has-text-align-left\">1992: Octave Soulard (Ernest-Pierre)<br>1996: Joseph Bainvel (Lazarus)<br>2024: Eug\u00e8ne Gauthier (Hubert-Eug\u00e8ne)<\/p>\n","protected":false},"excerpt":{"rendered":"<p>1814 &#8211; Llegada a S. Brieuc del P. la Mennais como secretario particular de Mons. J. B. Caffareli1982 &#8211; El Hno. Bernard Gaudeul es elegido Superior General. Oraci\u00f3n Se\u00f1or,que puedas encontrar en nosotrostodas las perfecciones de tu Hijo,que seamos,en la medida que lo permitala debilidad humana,revestidos de Jesucristo,que sigamos a Cristoen todos sus caminos,que juzguemos &hellip; <a href=\"https:\/\/menesianosoy.org\/index.php\/2026\/03\/14\/san-cirilo-de-jerusalen-4\/\" class=\"more-link\">Continue reading<span class=\"screen-reader-text\"> \u00abSan Cirilo de Jerusal\u00e9n\u00bb<\/span><\/a><\/p>\n","protected":false},"author":3,"featured_media":0,"comment_status":"closed","ping_status":"closed","sticky":false,"template":"","format":"standard","meta":{"_acf_changed":false,"footnotes":""},"categories":[3],"tags":[],"class_list":["post-33357","post","type-post","status-publish","format-standard","hentry","category-calendario"],"acf":[],"_links":{"self":[{"href":"https:\/\/menesianosoy.org\/index.php\/wp-json\/wp\/v2\/posts\/33357","targetHints":{"allow":["GET"]}}],"collection":[{"href":"https:\/\/menesianosoy.org\/index.php\/wp-json\/wp\/v2\/posts"}],"about":[{"href":"https:\/\/menesianosoy.org\/index.php\/wp-json\/wp\/v2\/types\/post"}],"author":[{"embeddable":true,"href":"https:\/\/menesianosoy.org\/index.php\/wp-json\/wp\/v2\/users\/3"}],"replies":[{"embeddable":true,"href":"https:\/\/menesianosoy.org\/index.php\/wp-json\/wp\/v2\/comments?post=33357"}],"version-history":[{"count":4,"href":"https:\/\/menesianosoy.org\/index.php\/wp-json\/wp\/v2\/posts\/33357\/revisions"}],"predecessor-version":[{"id":33494,"href":"https:\/\/menesianosoy.org\/index.php\/wp-json\/wp\/v2\/posts\/33357\/revisions\/33494"}],"wp:attachment":[{"href":"https:\/\/menesianosoy.org\/index.php\/wp-json\/wp\/v2\/media?parent=33357"}],"wp:term":[{"taxonomy":"category","embeddable":true,"href":"https:\/\/menesianosoy.org\/index.php\/wp-json\/wp\/v2\/categories?post=33357"},{"taxonomy":"post_tag","embeddable":true,"href":"https:\/\/menesianosoy.org\/index.php\/wp-json\/wp\/v2\/tags?post=33357"}],"curies":[{"name":"wp","href":"https:\/\/api.w.org\/{rel}","templated":true}]}}