{"id":33362,"date":"2026-03-14T12:19:51","date_gmt":"2026-03-14T15:19:51","guid":{"rendered":"https:\/\/menesianosoy.org\/?p=33362"},"modified":"2026-03-18T21:12:50","modified_gmt":"2026-03-19T00:12:50","slug":"san-jose-esposo-de-maria-2","status":"publish","type":"post","link":"https:\/\/menesianosoy.org\/index.php\/2026\/03\/14\/san-jose-esposo-de-maria-2\/","title":{"rendered":"San Jos\u00e9, esposo de Mar\u00eda"},"content":{"rendered":"\n<h5 class=\"wp-block-heading has-text-align-left has-text-color has-link-color wp-elements-10113439cdfe1e994d404bb285289f0c\" style=\"color:#731414\"><br><img loading=\"lazy\" decoding=\"async\" width=\"150\" height=\"187\" class=\"wp-image-33504\" style=\"width: 150px;\" src=\"https:\/\/menesianosoy.org\/wp-content\/uploads\/2026\/03\/sn-jose-y-maria.jpeg\" alt=\"\" srcset=\"https:\/\/menesianosoy.org\/wp-content\/uploads\/2026\/03\/sn-jose-y-maria.jpeg 474w, https:\/\/menesianosoy.org\/wp-content\/uploads\/2026\/03\/sn-jose-y-maria-241x300.jpeg 241w\" sizes=\"auto, (max-width: 150px) 85vw, 150px\" \/><br><strong>2\u00ba Samuel 7, 4-5a.12-14a.16<br>Salmo 88 (89), 2-5.27.29<br>Romanos 4, 13.16-22<\/strong><\/h5>\n\n\n\n<h4 class=\"wp-block-heading has-text-align-left has-vivid-red-color has-text-color has-link-color wp-elements-098391519592fad5b53b78bf78168490\"><br><strong>Evangelio: Mateo 1, 16. 18-24<\/strong><\/h4>\n\n\n\n<figure class=\"wp-block-audio\"><audio controls src=\"https:\/\/menesianosoy.org\/wp-content\/uploads\/2026\/03\/Jueves-19-de-marzo.mp3\"><\/audio><\/figure>\n\n\n\n<p class=\"has-text-align-left\"><strong><em>Jacob fue padre de Jos\u00e9, el esposo de Mar\u00eda, de la cual naci\u00f3 Jes\u00fas, que es llamado Cristo.<br>Este fue el origen de Jesucristo: Mar\u00eda, su madre, estaba comprometida con Jos\u00e9 y, cuando todav\u00eda no han vivido juntos, concibi\u00f3 un hijo por obra del Esp\u00edritu Santo.<br>Jos\u00e9, su esposo, que era un hombre justo y no quer\u00eda denunciarla p\u00fablicamente, resolvi\u00f3 abandonarla en secreto.<br>Mientras pensaba en esto, el \u00c1ngel del Se\u00f1or se le apareci\u00f3 en sue\u00f1os y le dijo: \u00abJos\u00e9, hijo de David, no temas recibir a Mar\u00eda, tu esposa, porque lo que ha sido engendrado en ella proviene del Esp\u00edritu Santo. Ella dar\u00e1 a luz un hijo, a quien pondr\u00e1s el nombre de Jes\u00fas, porque \u00e9l salvar\u00e1 a su Pueblo de todos sus pecados\u00bb.<br>Todo esto sucedi\u00f3 para que se cumpliera lo que el Se\u00f1or hab\u00eda anunciado por el Profeta: \u00abLa Virgen concebir\u00e1 y dar\u00e1 a luz un hijo a quien pondr\u00e1n el nombre de Emanuel\u00bb, que traducido significa: \u00abDios con nosotros\u00bb.<br>Al despertar, Jos\u00e9 hizo lo que el \u00c1ngel del Se\u00f1or le hab\u00eda ordenado: llev\u00f3 a Mar\u00eda a su casa.<\/em><\/strong><\/p>\n\n\n\n<figure class=\"wp-block-image size-full is-resized\"><img loading=\"lazy\" decoding=\"async\" width=\"270\" height=\"365\" src=\"https:\/\/menesianosoy.org\/wp-content\/uploads\/2024\/03\/SanJoseyMariaint.jpg\" alt=\"\" class=\"wp-image-10954\" style=\"width:354px;height:auto\" srcset=\"https:\/\/menesianosoy.org\/wp-content\/uploads\/2024\/03\/SanJoseyMariaint.jpg 270w, https:\/\/menesianosoy.org\/wp-content\/uploads\/2024\/03\/SanJoseyMariaint-222x300.jpg 222w\" sizes=\"auto, (max-width: 270px) 85vw, 270px\" \/><\/figure>\n\n\n\n<p class=\"has-text-align-left\">San Jos\u00e9 es el hombre de la presencia silenciosa y atenta. Cuid\u00f3 de Mar\u00eda, cuid\u00f3 de Jes\u00fas, sin que conozcamos su voz, sin hacerse ver, pero consciente de la responsabilidad que ten\u00eda entre manos.<br><br>San Jos\u00e9 nos ense\u00f1a que <strong>cuidar <\/strong>no es s\u00f3lo aconsejar desde lejos, dar una palabra r\u00e1pida o decir \u201cestoy contigo\u201d sin involucrarse realmente. El cuidado verdadero comienza con la <strong>presencia<\/strong>. Estar cerca, escuchar, acompa\u00f1ar, compartir el tiempo y la vida. Dios mismo nos ha mostrado este camino: no nos am\u00f3 desde lejos, sino que se hizo cercano en la persona de Jesucristo.<br><br>Estar presente implica asumir <strong>responsabilidad<\/strong>. Cuando alguien entra de verdad en nuestra vida, su alegr\u00eda y su dolor dejan de ser indiferentes. Nos sentimos llamados a ayudar, a sostener, a cargar un poco con su peso. Es lo que hizo Jos\u00e9 con su familia.<br><br>Muchas veces vivimos ocupados, distra\u00eddos o encerrados en nuestros propios problemas. San Jos\u00e9 nos ense\u00f1a a hacernos pr\u00f3jimos, a aprender el arte de la <strong>cercan\u00eda<\/strong>. Cuidar es, en definitiva, dejar que la vida del otro nos importe. Cuando estamos verdaderamente presentes para alguien \u2014escuch\u00e1ndolo, acompa\u00f1\u00e1ndolo, sosteni\u00e9ndolo\u2014 el amor se vuelve concreto. Y all\u00ed, en esa presencia responsable, se hace visible el mismo amor de Dios. (Ideas del papa Le\u00f3n XIV)<\/p>\n\n\n\n<p class=\"has-text-align-left\"><br><strong>M\u00c1XIMA<br>Amar es cuidar a los dem\u00e1s<\/strong><\/p>\n\n\n\n<h4 class=\"wp-block-heading has-text-align-left has-vivid-red-color has-text-color has-link-color wp-elements-21e72ba6ab8aac75548a19d39767613b\"><br><strong>Palabras de Juan Mar\u00eda de la Mennais<\/strong><\/h4>\n\n\n\n<p class=\"has-text-align-left\"><img loading=\"lazy\" decoding=\"async\" width=\"150\" height=\"165\" class=\"wp-image-21587\" style=\"width: 150px;\" src=\"https:\/\/menesianosoy.org\/wp-content\/uploads\/2025\/03\/JMLM.png\" alt=\"\" srcset=\"https:\/\/menesianosoy.org\/wp-content\/uploads\/2025\/03\/JMLM.png 330w, https:\/\/menesianosoy.org\/wp-content\/uploads\/2025\/03\/JMLM-273x300.png 273w\" sizes=\"auto, (max-width: 150px) 85vw, 150px\" \/><br><em>\u00c1mense los unos a los otros; vivan juntos en una perfecta uni\u00f3n; no tengan m\u00e1s que un solo coraz\u00f3n y una sola alma. (Al H. Esteban-Mar\u00eda, 9 de enero de 1853)<\/em><\/p>\n\n\n\n<h4 class=\"wp-block-heading has-text-align-left has-vivid-red-color has-text-color has-link-color wp-elements-8c7ab36f6ef63b073800c373e1baaa75\"><br><strong>Himno a San Jos\u00e9 &#8211; Canto Cat\u00f3lico<\/strong><\/h4>\n\n\n\n<figure class=\"wp-block-embed is-type-video is-provider-youtube wp-block-embed-youtube wp-embed-aspect-16-9 wp-has-aspect-ratio\"><div class=\"wp-block-embed__wrapper\">\n<iframe loading=\"lazy\" title=\"Himno a san Jos\u00e9 | M\u00fasica Cat\u00f3lica | Canto a san Jos\u00e9\" width=\"1140\" height=\"641\" src=\"https:\/\/www.youtube.com\/embed\/qWxGT7TUZ5g?feature=oembed\" frameborder=\"0\" allow=\"accelerometer; autoplay; clipboard-write; encrypted-media; gyroscope; picture-in-picture; web-share\" referrerpolicy=\"strict-origin-when-cross-origin\" allowfullscreen><\/iframe>\n<\/div><\/figure>\n\n\n\n<p class=\"has-text-align-left\">Hoy a tus pies ponemos nuestra vida.&nbsp;&nbsp;&nbsp;<br>Hoy a tus pies, glorioso San Jos\u00e9.&nbsp;<br>Escucha nuestra oraci\u00f3n y por tu intercesi\u00f3n&nbsp;&nbsp;&nbsp;&nbsp;<br>obtendremos la paz del coraz\u00f3n.&nbsp;&nbsp;&nbsp;<br><br>En Nazaret, junto a la Virgen Santa.<br>En Nazaret, glorioso San Jos\u00e9,<br>cuidaste al ni\u00f1o Jes\u00fas, pues por tu gran virtud<br>fuiste digno custodio de la luz.<br><br>Con sencillez, humilde carpintero.<br>Con sencillez, glorioso San Jos\u00e9,<br>hiciste bien tu labor obrero del Se\u00f1or,<br>ofreciendo trabajo y oraci\u00f3n.<br><br>Tuviste Fe en Dios y su promesa.<br>Tuviste Fe, glorioso San Jos\u00e9.<br>Maestro de oraci\u00f3n, alc\u00e1nzanos el don<br>de escuchar y seguir la voz de Dios.<\/p>\n\n\n\n<p class=\"has-vivid-purple-background-color has-background\"><\/p>\n\n\n\n<p><br><\/p>\n","protected":false},"excerpt":{"rendered":"<p>2\u00ba Samuel 7, 4-5a.12-14a.16Salmo 88 (89), 2-5.27.29Romanos 4, 13.16-22 Evangelio: Mateo 1, 16. 18-24 Jacob fue padre de Jos\u00e9, el esposo de Mar\u00eda, de la cual naci\u00f3 Jes\u00fas, que es llamado Cristo.Este fue el origen de Jesucristo: Mar\u00eda, su madre, estaba comprometida con Jos\u00e9 y, cuando todav\u00eda no han vivido juntos, concibi\u00f3 un hijo por &hellip; <a href=\"https:\/\/menesianosoy.org\/index.php\/2026\/03\/14\/san-jose-esposo-de-maria-2\/\" class=\"more-link\">Continue reading<span class=\"screen-reader-text\"> \u00abSan Jos\u00e9, esposo de Mar\u00eda\u00bb<\/span><\/a><\/p>\n","protected":false},"author":3,"featured_media":0,"comment_status":"closed","ping_status":"closed","sticky":false,"template":"","format":"standard","meta":{"_acf_changed":false,"footnotes":""},"categories":[9],"tags":[],"class_list":["post-33362","post","type-post","status-publish","format-standard","hentry","category-evangelio"],"acf":[],"_links":{"self":[{"href":"https:\/\/menesianosoy.org\/index.php\/wp-json\/wp\/v2\/posts\/33362","targetHints":{"allow":["GET"]}}],"collection":[{"href":"https:\/\/menesianosoy.org\/index.php\/wp-json\/wp\/v2\/posts"}],"about":[{"href":"https:\/\/menesianosoy.org\/index.php\/wp-json\/wp\/v2\/types\/post"}],"author":[{"embeddable":true,"href":"https:\/\/menesianosoy.org\/index.php\/wp-json\/wp\/v2\/users\/3"}],"replies":[{"embeddable":true,"href":"https:\/\/menesianosoy.org\/index.php\/wp-json\/wp\/v2\/comments?post=33362"}],"version-history":[{"count":17,"href":"https:\/\/menesianosoy.org\/index.php\/wp-json\/wp\/v2\/posts\/33362\/revisions"}],"predecessor-version":[{"id":33506,"href":"https:\/\/menesianosoy.org\/index.php\/wp-json\/wp\/v2\/posts\/33362\/revisions\/33506"}],"wp:attachment":[{"href":"https:\/\/menesianosoy.org\/index.php\/wp-json\/wp\/v2\/media?parent=33362"}],"wp:term":[{"taxonomy":"category","embeddable":true,"href":"https:\/\/menesianosoy.org\/index.php\/wp-json\/wp\/v2\/categories?post=33362"},{"taxonomy":"post_tag","embeddable":true,"href":"https:\/\/menesianosoy.org\/index.php\/wp-json\/wp\/v2\/tags?post=33362"}],"curies":[{"name":"wp","href":"https:\/\/api.w.org\/{rel}","templated":true}]}}