{"id":33382,"date":"2026-03-14T16:05:33","date_gmt":"2026-03-14T19:05:33","guid":{"rendered":"https:\/\/menesianosoy.org\/?p=33382"},"modified":"2026-03-18T20:22:12","modified_gmt":"2026-03-18T23:22:12","slug":"san-jose-esposo-de-maria-3","status":"publish","type":"post","link":"https:\/\/menesianosoy.org\/index.php\/2026\/03\/14\/san-jose-esposo-de-maria-3\/","title":{"rendered":"San Jos\u00e9, esposo de Mar\u00eda"},"content":{"rendered":"\n<h5 class=\"wp-block-heading has-text-align-left has-text-color has-link-color wp-elements-5b8444e07101a823dd594fbacd6fc5f3\" style=\"color:#43166d\"><br><strong>1891 &#8211; Primera toma de h\u00e1bito en el Noviciado de La Prairie (Canad\u00e1)<\/strong><\/h5>\n\n\n\n<h4 class=\"wp-block-heading has-text-align-left has-vivid-red-color has-text-color has-link-color wp-elements-0d3bba1292b8030bef905a45afd13c8e\"><br><strong>Oraci\u00f3n<\/strong><\/h4>\n\n\n\n<p class=\"has-text-align-left\"><strong><em>Padre bueno,<br>te doy gracias por la vida,<br>regalo de tu amor.<br>Haz que la comparta con todos:<br>con mis hermanos, con mi familia,<br>con mis amigos,<br>tejiendo lazos como lo hizo Jes\u00fas.<br>Env\u00edame tu Esp\u00edritu Santo<br>para descubrir lo que quieres de m\u00ed.<br>Hazme cada d\u00eda m\u00e1s parecido a tu Hijo:<br>que sus sentimientos sean mis sentimientos,<br>que sus pensamientos<br>sean mis pensamientos,<br>que su proyecto sea mi proyecto,<br>que ame como \u00c9l am\u00f3.<br>Como a Mar\u00eda, Padre Bueno,<br>conc\u00e9denos a todos<br>un coraz\u00f3n d\u00f3cil a tu Palabra. Am\u00e9n<\/em><\/strong><\/p>\n\n\n\n<h4 class=\"wp-block-heading has-text-align-left has-vivid-red-color has-text-color has-link-color wp-elements-7deb30c5a46c2fe0af76f92c82f8d39a\"><br><strong>Intenciones<\/strong><\/h4>\n\n\n\n<ul class=\"wp-block-list\">\n<li>Por las vocaciones en nuestro Distrito, la comisi\u00f3n de Pastoral vocacional y la casa de El Alto.<\/li>\n\n\n\n<li>Por el H. <strong>Aloysius<\/strong>, por su tiempo de preparaci\u00f3n para trabajar en nuestro distrito.<\/li>\n\n\n\n<li>Por los menesianos de Canad\u00e1, sus obras y proyectos.<\/li>\n\n\n\n<li>Por la familia menesiana del Dionisio D\u00edaz de Maldonado y la de Valladolid.<\/li>\n\n\n\n<li>Por los equipos de administraci\u00f3n de nuestros centros educativos.<\/li>\n\n\n\n<li>Por los enfermos y discapacitados de nuestras comunidades.<\/li>\n\n\n\n<li>Por la paz en el mundo.<\/li>\n<\/ul>\n\n\n\n<h4 class=\"wp-block-heading has-text-align-left has-vivid-red-color has-text-color has-link-color wp-elements-fe232e477fb29b72a7ad0a2dc809dfb6\"><br><strong>Regla de Vida n\u00ba 11.1<\/strong><\/h4>\n\n\n\n<p class=\"has-text-align-left\">Fieles a la tradici\u00f3n constante del Instituto, los Hermanos invocan de manera especial a San Jos\u00e9, modelo de los educadores y custodio de las vocaciones. <\/p>\n\n\n\n<h4 class=\"wp-block-heading has-text-align-left has-vivid-red-color has-text-color has-link-color wp-elements-ee86df418ea31297e2e2c29661550edd\"><br><strong>Al hermano Ambroise Le Haiget, 5 de junio de 1846<\/strong><\/h4>\n\n\n\n<p class=\"has-text-align-left\"><em>Trabajemos cada d\u00eda con nuevo ardor para la gloria de nuestro buen Maestro; confiemos s\u00f3lo en \u00e9l y esperemos nuestra recompensa s\u00f3lo de \u00e9l.<\/em><\/p>\n\n\n\n<h4 class=\"wp-block-heading has-text-align-left has-vivid-red-color has-text-color has-link-color wp-elements-1cd4b724fdd0ffc35884cb45183847cc\"><br><strong>Difuntos<\/strong><\/h4>\n\n\n\n<p class=\"has-text-align-left\">1982: Pierre Sizun (Gabriel-\u00c9douard), asistente (1946-1952)<br>1993: Henri P\u00e9russel (Henri-Stanislas)<br>1994: Pierre Tardif (\u00c9mile-Joseph) y Francis Leborgne (Raoul-Marie)<br>2011: Roland Baribeau (F\u00e9lix-Charles)<br>2017: Michel Letort (Michel-Archange)<\/p>\n\n\n\n<p class=\"has-text-align-left has-vivid-purple-background-color has-background\"><\/p>\n","protected":false},"excerpt":{"rendered":"<p>1891 &#8211; Primera toma de h\u00e1bito en el Noviciado de La Prairie (Canad\u00e1) Oraci\u00f3n Padre bueno,te doy gracias por la vida,regalo de tu amor.Haz que la comparta con todos:con mis hermanos, con mi familia,con mis amigos,tejiendo lazos como lo hizo Jes\u00fas.Env\u00edame tu Esp\u00edritu Santopara descubrir lo que quieres de m\u00ed.Hazme cada d\u00eda m\u00e1s parecido a &hellip; <a href=\"https:\/\/menesianosoy.org\/index.php\/2026\/03\/14\/san-jose-esposo-de-maria-3\/\" class=\"more-link\">Continue reading<span class=\"screen-reader-text\"> \u00abSan Jos\u00e9, esposo de Mar\u00eda\u00bb<\/span><\/a><\/p>\n","protected":false},"author":3,"featured_media":0,"comment_status":"closed","ping_status":"closed","sticky":false,"template":"","format":"standard","meta":{"_acf_changed":false,"footnotes":""},"categories":[3],"tags":[],"class_list":["post-33382","post","type-post","status-publish","format-standard","hentry","category-calendario"],"acf":[],"_links":{"self":[{"href":"https:\/\/menesianosoy.org\/index.php\/wp-json\/wp\/v2\/posts\/33382","targetHints":{"allow":["GET"]}}],"collection":[{"href":"https:\/\/menesianosoy.org\/index.php\/wp-json\/wp\/v2\/posts"}],"about":[{"href":"https:\/\/menesianosoy.org\/index.php\/wp-json\/wp\/v2\/types\/post"}],"author":[{"embeddable":true,"href":"https:\/\/menesianosoy.org\/index.php\/wp-json\/wp\/v2\/users\/3"}],"replies":[{"embeddable":true,"href":"https:\/\/menesianosoy.org\/index.php\/wp-json\/wp\/v2\/comments?post=33382"}],"version-history":[{"count":8,"href":"https:\/\/menesianosoy.org\/index.php\/wp-json\/wp\/v2\/posts\/33382\/revisions"}],"predecessor-version":[{"id":33500,"href":"https:\/\/menesianosoy.org\/index.php\/wp-json\/wp\/v2\/posts\/33382\/revisions\/33500"}],"wp:attachment":[{"href":"https:\/\/menesianosoy.org\/index.php\/wp-json\/wp\/v2\/media?parent=33382"}],"wp:term":[{"taxonomy":"category","embeddable":true,"href":"https:\/\/menesianosoy.org\/index.php\/wp-json\/wp\/v2\/categories?post=33382"},{"taxonomy":"post_tag","embeddable":true,"href":"https:\/\/menesianosoy.org\/index.php\/wp-json\/wp\/v2\/tags?post=33382"}],"curies":[{"name":"wp","href":"https:\/\/api.w.org\/{rel}","templated":true}]}}