{"id":33395,"date":"2026-03-14T16:25:28","date_gmt":"2026-03-14T19:25:28","guid":{"rendered":"https:\/\/menesianosoy.org\/?p=33395"},"modified":"2026-03-19T22:03:44","modified_gmt":"2026-03-20T01:03:44","slug":"viernes-de-la-4a-semana-de-cuaresma","status":"publish","type":"post","link":"https:\/\/menesianosoy.org\/index.php\/2026\/03\/14\/viernes-de-la-4a-semana-de-cuaresma\/","title":{"rendered":"Viernes de la 4\u00aa semana de Cuaresma"},"content":{"rendered":"\n<h5 class=\"wp-block-heading has-text-align-left has-text-color has-link-color wp-elements-af8f1ae20952a05d5741a0d20f608003\" style=\"color:#631313\"><br><strong>Sabidur\u00eda 2, 1a.12-22<br>Salmo 33 (34), 17-21.23<\/strong> <\/h5>\n\n\n\n<h4 class=\"wp-block-heading has-text-align-left has-vivid-red-color has-text-color has-link-color wp-elements-b822bfd1ed6e1943712121f9c8f5a5a4\"><br><strong>Evangelio: Juan 7, 1-2.10.14.25-30<\/strong><\/h4>\n\n\n\n<figure class=\"wp-block-audio\"><audio controls src=\"https:\/\/menesianosoy.org\/wp-content\/uploads\/2026\/03\/Viernes-20-de-marzo.mp3\"><\/audio><\/figure>\n\n\n\n<p class=\"has-text-align-left\"><strong><em>Jes\u00fas recorr\u00eda la Galilea. No quer\u00eda transitar por Judea porque los jud\u00edos intentaban matarlo.<br>Se acercaba la fiesta jud\u00eda de las Chozas. Sin embargo, cuando sus hermanos subieron para la fiesta, tambi\u00e9n \u00e9l subi\u00f3, pero en secreto, sin hacerse ver.<br>Promediaba la celebraci\u00f3n de la fiesta cuando Jes\u00fas subi\u00f3 al templo y comenz\u00f3 a ense\u00f1ar. Algunos de Jerusal\u00e9n dec\u00edan: \u00bfNo es \u00e9ste aqu\u00e9l a quien quer\u00edan matar? \u00a1Y miren c\u00f3mo habla abiertamente y nadie le dice nada! \u00bfHabr\u00e1n reconocido las autoridades que es verdaderamente el Mes\u00edas? Pero nosotros sabemos de d\u00f3nde es \u00e9ste. En cambio, cuando venga el Mes\u00edas, nadie sabr\u00e1 de d\u00f3nde es.<br>Entonces Jes\u00fas, que ense\u00f1aba en el Templo, exclam\u00f3: \u00bfAs\u00ed que ustedes me conocen y saben de d\u00f3nde soy? Sin embargo, yo no vine por mi propia cuenta; pero el que me envi\u00f3 dice la verdad, y ustedes no lo conocen. Yo s\u00ed lo conozco, porque vengo de \u00e9l y es \u00e9l el que me envi\u00f3.<br>Entonces quisieron detenerlo, pero nadie puso las manos sobre \u00e9l, porque todav\u00eda no hab\u00eda llegado su hora.<\/em><\/strong><\/p>\n\n\n\n<figure class=\"wp-block-image size-full is-resized\"><img loading=\"lazy\" decoding=\"async\" width=\"543\" height=\"680\" src=\"https:\/\/menesianosoy.org\/wp-content\/uploads\/2026\/03\/Jesus-esta.jpg\" alt=\"\" class=\"wp-image-33407\" style=\"width:350px;height:auto\" srcset=\"https:\/\/menesianosoy.org\/wp-content\/uploads\/2026\/03\/Jesus-esta.jpg 543w, https:\/\/menesianosoy.org\/wp-content\/uploads\/2026\/03\/Jesus-esta-240x300.jpg 240w\" sizes=\"auto, (max-width: 543px) 85vw, 543px\" \/><\/figure>\n\n\n\n<p class=\"has-text-align-left\"><em>Se\u00f1or, otro d\u00eda que vengo a estar contigo, a \u201cescucharte\u201d. A veces te oigo, pero no te escucho; estoy entretenido con mis peque\u00f1os problemas, mis gustos, mis caprichos, mi peque\u00f1o mundo. Estoy en otro mundo y tengo el coraz\u00f3n lleno de ruidos. Pero yo necesito tu palabra. \u00bfQu\u00e9 ser\u00eda de m\u00ed si no me hablaras? Tu palabra es el pan que me alimenta cada d\u00eda. Dame la gracia de escucharte, y cumplir lo que T\u00fa me dices.<\/em><br><br>Me impresionan las palabras del Evangelio: <em>\u201cLos jud\u00edos buscaban a Jes\u00fas para matarlo\u201d<\/em>. Y es que la verdad incomoda a aquellos que est\u00e1n anclados en la mentira y hacen de la mentira su medio de vida. Buscar a Jes\u00fas para matarlo es intentar \u201cmatar la vida\u201d. Jes\u00fas ha venido para que tengamos vida y vida en abundancia. Enemigos de Jes\u00fas no son s\u00f3lo aquellos que matan, que aniquilan la vida, sino tambi\u00e9n aquellos que est\u00e1n satisfechos con una vida relajada, una vida a medias, una vida sin ilusi\u00f3n, sin esperanza, sin ganas de vivir. Son enemigos de Jes\u00fas aquellos que no saben qu\u00e9 hacer con el tiempo. En esta ocasi\u00f3n, Jes\u00fas \u201cgrita\u201d. La vida es hermosa y debemos acudir a \u00c9l porque es \u201cespecialista en vida\u201d. Ha vivido en plenitud. Por eso, antes de morir, puede decir con orgullo: \u201cTodo est\u00e1 acabado\u201d. Qu\u00e9 bien se debe morir dando un carpetazo al libro de la vida diciendo \u00a1Misi\u00f3n cumplida!<br><br><em>Se\u00f1or, yo te agradezco, de coraz\u00f3n, tus bellas ense\u00f1anzas. Me encanta descubrir tus propios sentimientos. Te hab\u00eda observado muchas veces caminando, hablando, incluso llorando, pero nunca te hab\u00eda observado \u201cgritando\u201d. Y, sin embargo, yo necesito que me grites de vez en cuando, que sacudas mi alma, que me despiertes a la vida.<\/em><\/p>\n\n\n\n<h5 class=\"wp-block-heading has-text-align-left\"><br><strong>M\u00c1XIMA<br>Jes\u00fas est\u00e1 aqu\u00ed<\/strong> <strong>con nosotros<\/strong><\/h5>\n\n\n\n<h4 class=\"wp-block-heading has-text-align-left has-vivid-red-color has-text-color has-link-color wp-elements-21e72ba6ab8aac75548a19d39767613b\"><br><strong>Palabras de Juan Mar\u00eda de la Mennais<\/strong><\/h4>\n\n\n\n<p class=\"has-text-align-left\"><img loading=\"lazy\" decoding=\"async\" width=\"150\" height=\"183\" class=\"wp-image-16098\" style=\"width: 150px;\" src=\"https:\/\/menesianosoy.org\/wp-content\/uploads\/2024\/09\/juanmaria.png\" alt=\"\" srcset=\"https:\/\/menesianosoy.org\/wp-content\/uploads\/2024\/09\/juanmaria.png 450w, https:\/\/menesianosoy.org\/wp-content\/uploads\/2024\/09\/juanmaria-246x300.png 246w\" sizes=\"auto, (max-width: 150px) 85vw, 150px\" \/><br><em>Si pedimos pruebas de la presencia de Jesucristo en medio de nosotros y su acci\u00f3n divina durante estos d\u00edas felices, podr\u00edamos decir lo que \u00e9l mismo dijo a los disc\u00edpulos de Juan el Bautista, que le preguntaron si \u00e9l era realmente el Mes\u00edas: los ciegos ven, los sordos oyen, los rengos caminan, los muertos resucitan. (Retiro de ni\u00f1os)<\/em><\/p>\n\n\n\n<h4 class=\"wp-block-heading has-text-align-left has-vivid-red-color has-text-color has-link-color wp-elements-0b6ec334200e0155fd637c0a97372e06\"><br><strong>Aleluya, mi Se\u00f1or &#8211; Roca Viva<\/strong><\/h4>\n\n\n\n<figure class=\"wp-block-video\"><video height=\"708\" style=\"aspect-ratio: 1280 \/ 708;\" width=\"1280\" controls src=\"https:\/\/menesianosoy.org\/wp-content\/uploads\/2026\/03\/Aleluya-mi-Senor.mp4\"><\/video><\/figure>\n\n\n\n<p class=\"has-text-align-left\">Mi esp\u00edritu despierta ante tu resplandor,<br>mi alma cansada encuentra tu verdad.<br>T\u00fa eres mi fuerza, mi paz y mi hogar.<br><br>\u00a1Aleluya, aleluya<br>al rey de gloria y majestad!<br>\u00a1Aleluya, aleluya!<br>Mi boca no callar\u00e1.<br><br>Porque eterno es su amor<br>y fiel es su bondad,<br>cuando la noche<br>cubre mi caminar.<br>Tu Palabra es l\u00e1mpara<br>en la oscuridad.<br>en Ti conf\u00eda<br>mi coraz\u00f3n herido.<br>Mi esperanza vive<br>porque T\u00fa est\u00e1s conmigo.<br><br>\u00a1Aleluya, aleluya!<br>T\u00fa eres mi salvaci\u00f3n.<br>\u00a1Aleluya, aleluya!<br>Refugio de mi coraz\u00f3n.<br><br>El Se\u00f1or es mi pastor,<br>nada me faltar\u00e1,<br>en verdes pastos<br>\u00c9l me har\u00e1 descansar.<br>Vivo est\u00e1 el Dios<br>que oye mi clamor.<br>No abandona al justo<br>ni abandona al que crey\u00f3.<br>Mi voz se levanta<br>como ofrenda fiel,<br>porque grande es tu nombre<br>Emmanuel.<br><br>\u00a1Aleluya, aleluya!<br>Viva el Dios eterno.<br>\u00a1Aleluya, aleluya!<br>Santo y verdadero.<br><br>Mi ayuda viene del Se\u00f1or,<br>creador del cielo y la tierra.<br>en el silencio<br>T\u00fa hablas a mi ser.<br>Tu presencia sana<br>Lo que no supe ver.<br>No necesito palabras<br>Para adorarte,<br>mi alma se rinde al contemplarte<br>aun sin hablar.<br><br>\u00a1Aleluya, aleluya!<br>Aun sin hablar.<br>\u00a1Aleluya, aleluya!<br>Te puedo adorar.<br><br>\u00a1Aleluya, aleluya!<br>Fuente de verdad.<br>\u00a1Aleluya, aleluya!<br>Manantial de paz.<br><br>Bienaventurado el que conf\u00eda<br>en el Se\u00f1or.<br>Cuando los vientos quieren<br>derribar mi fe,<br>tu Palabra firme<br>me hace permanecer.<br>No temer\u00e9<br>porque T\u00fa vas delante.<br>Mi esperanza vive,<br>mi Dios es constante.<br><br>\u00a1Aleluya, aleluya!<br>No temer\u00e9.<br>\u00a1Aleluya, aleluya! <br>En Ti confiar\u00e9.<\/p>\n\n\n\n<p class=\"has-vivid-purple-background-color has-background\"><\/p>\n","protected":false},"excerpt":{"rendered":"<p>Sabidur\u00eda 2, 1a.12-22Salmo 33 (34), 17-21.23 Evangelio: Juan 7, 1-2.10.14.25-30 Jes\u00fas recorr\u00eda la Galilea. No quer\u00eda transitar por Judea porque los jud\u00edos intentaban matarlo.Se acercaba la fiesta jud\u00eda de las Chozas. Sin embargo, cuando sus hermanos subieron para la fiesta, tambi\u00e9n \u00e9l subi\u00f3, pero en secreto, sin hacerse ver.Promediaba la celebraci\u00f3n de la fiesta cuando &hellip; <a href=\"https:\/\/menesianosoy.org\/index.php\/2026\/03\/14\/viernes-de-la-4a-semana-de-cuaresma\/\" class=\"more-link\">Continue reading<span class=\"screen-reader-text\"> \u00abViernes de la 4\u00aa semana de Cuaresma\u00bb<\/span><\/a><\/p>\n","protected":false},"author":3,"featured_media":0,"comment_status":"closed","ping_status":"closed","sticky":false,"template":"","format":"standard","meta":{"_acf_changed":false,"footnotes":""},"categories":[9],"tags":[],"class_list":["post-33395","post","type-post","status-publish","format-standard","hentry","category-evangelio"],"acf":[],"_links":{"self":[{"href":"https:\/\/menesianosoy.org\/index.php\/wp-json\/wp\/v2\/posts\/33395","targetHints":{"allow":["GET"]}}],"collection":[{"href":"https:\/\/menesianosoy.org\/index.php\/wp-json\/wp\/v2\/posts"}],"about":[{"href":"https:\/\/menesianosoy.org\/index.php\/wp-json\/wp\/v2\/types\/post"}],"author":[{"embeddable":true,"href":"https:\/\/menesianosoy.org\/index.php\/wp-json\/wp\/v2\/users\/3"}],"replies":[{"embeddable":true,"href":"https:\/\/menesianosoy.org\/index.php\/wp-json\/wp\/v2\/comments?post=33395"}],"version-history":[{"count":8,"href":"https:\/\/menesianosoy.org\/index.php\/wp-json\/wp\/v2\/posts\/33395\/revisions"}],"predecessor-version":[{"id":33510,"href":"https:\/\/menesianosoy.org\/index.php\/wp-json\/wp\/v2\/posts\/33395\/revisions\/33510"}],"wp:attachment":[{"href":"https:\/\/menesianosoy.org\/index.php\/wp-json\/wp\/v2\/media?parent=33395"}],"wp:term":[{"taxonomy":"category","embeddable":true,"href":"https:\/\/menesianosoy.org\/index.php\/wp-json\/wp\/v2\/categories?post=33395"},{"taxonomy":"post_tag","embeddable":true,"href":"https:\/\/menesianosoy.org\/index.php\/wp-json\/wp\/v2\/tags?post=33395"}],"curies":[{"name":"wp","href":"https:\/\/api.w.org\/{rel}","templated":true}]}}