{"id":33409,"date":"2026-03-14T18:54:18","date_gmt":"2026-03-14T21:54:18","guid":{"rendered":"https:\/\/menesianosoy.org\/?p=33409"},"modified":"2026-03-14T19:01:41","modified_gmt":"2026-03-14T22:01:41","slug":"viernes-de-la-4a-semana-de-cuaresma-2","status":"publish","type":"post","link":"https:\/\/menesianosoy.org\/index.php\/2026\/03\/14\/viernes-de-la-4a-semana-de-cuaresma-2\/","title":{"rendered":"Viernes de la 4\u00aa semana de Cuaresma"},"content":{"rendered":"\n<h4 class=\"wp-block-heading has-text-align-left has-vivid-red-color has-text-color has-link-color wp-elements-0d3bba1292b8030bef905a45afd13c8e\"><br><strong>Oraci\u00f3n<\/strong><\/h4>\n\n\n\n<p class=\"has-text-align-left\"><strong><em>Se\u00f1or, que has dicho:<br>Dejen que los ni\u00f1os vengan a M\u00ed.<br>T\u00fa me has inspirado el deseo<br>de dedicar mi vida<br>a los ni\u00f1os y j\u00f3venes<br>para llevarlos a Ti.<br>D\u00edgnate bendecir mi vocaci\u00f3n,<br>as\u00edsteme en mis trabajos de hoy,<br>derrama sobre m\u00ed,<br>sobre todos mis hermanos<br>y sobre todos los que trabajamos<br>en esta obra educativa,<br>el esp\u00edritu de fortaleza,<br>de caridad y de humildad,<br>para que nada nos aparte<br>de tu servicio.<br>Haz que hoy cumpla con celo<br>el ministerio educativo<br>al que me has consagrado.<br>Hazme perseverar hasta el fin<br>para alcanzar as\u00ed<br>la salvaci\u00f3n que nos<br>has prometido. Am\u00e9n<\/em><\/strong><\/p>\n\n\n\n<h4 class=\"wp-block-heading has-vivid-red-color has-text-color has-link-color wp-elements-7a0ff5ef426345d54ec2ffc3919b8c7e\"><br><strong>Intenciones<\/strong><\/h4>\n\n\n\n<ul class=\"wp-block-list\">\n<li>Por las misiones en la Iglesia.<\/li>\n\n\n\n<li>Por los pa\u00edses donde reina la divisi\u00f3n y la violencia.<\/li>\n\n\n\n<li>Por los que a\u00fan viven esclavizados en nuestro mundo.<\/li>\n\n\n\n<li>Por los enfermos y discapacitados de nuestras comunidades.<\/li>\n\n\n\n<li>Por el cumplea\u00f1os del H. <strong>Miguel \u00c1ngel Villac\u00e9 <\/strong>(1953), misionero en Indonesia.<\/li>\n\n\n\n<li>Por la familia menesiana de Huatusco (M\u00e9xico) y de Nanclares de la Oca.<\/li>\n\n\n\n<li>Por los menesianos, las obras y las nuevas vocaciones de la Delegaci\u00f3n del Congo.<\/li>\n<\/ul>\n\n\n\n<h4 class=\"wp-block-heading has-text-align-left has-vivid-red-color has-text-color has-link-color wp-elements-f6c1109842663575985650f1ac98d299\"><br><strong>Regla de Vida n\u00ba 40b<\/strong><\/h4>\n\n\n\n<p class=\"has-text-align-left\"><em>Castidad y misi\u00f3n:<\/em><br>Su estado de consagrado, la conciencia de su debilidad y el estricto respeto de los dem\u00e1s, llevan al Hermano a la prudencia y a la vigilancia en sus ambientes de vida, de trabajo y de ocio, as\u00ed como en el uso de las redes sociales.<\/p>\n\n\n\n<h4 class=\"wp-block-heading has-text-align-left has-vivid-red-color has-text-color has-link-color wp-elements-15cdbdf4237731b461551755fa4fe7bd\"><br><strong>A Brut\u00e9 de R\u00e9mur, 10 de agosto de 1815<\/strong><\/h4>\n\n\n\n<p class=\"has-text-align-left\"><em>\u00a1Qu\u00e9 tiempos, mi querido amigo, qu\u00e9 tiempos tan terribles vivimos! Sin embargo, debemos someternos a la voluntad adorable de Aquel que golpea y cura y avanzar hacia el futuro cerrando los ojos, o m\u00e1s bien levant\u00e1ndolos hacia la monta\u00f1a desde la que esperamos nuestra ayuda. <\/em><\/p>\n\n\n\n<h4 class=\"wp-block-heading has-vivid-red-color has-text-color has-link-color wp-elements-277bac52fd316e45b5ad04973d855fb8\"><br><strong>Difuntos<\/strong><\/h4>\n\n\n\n<p class=\"has-text-align-left\">1979: Herv\u00e9 Lacerte (Flavien-Joseph)<br>2017: Claude Simon (Louis-Ren\u00e9)<\/p>\n\n\n\n<p class=\"has-text-align-left has-vivid-purple-background-color has-background\"><\/p>\n","protected":false},"excerpt":{"rendered":"<p>Oraci\u00f3n Se\u00f1or, que has dicho:Dejen que los ni\u00f1os vengan a M\u00ed.T\u00fa me has inspirado el deseode dedicar mi vidaa los ni\u00f1os y j\u00f3venespara llevarlos a Ti.D\u00edgnate bendecir mi vocaci\u00f3n,as\u00edsteme en mis trabajos de hoy,derrama sobre m\u00ed,sobre todos mis hermanosy sobre todos los que trabajamosen esta obra educativa,el esp\u00edritu de fortaleza,de caridad y de humildad,para que &hellip; <a href=\"https:\/\/menesianosoy.org\/index.php\/2026\/03\/14\/viernes-de-la-4a-semana-de-cuaresma-2\/\" class=\"more-link\">Continue reading<span class=\"screen-reader-text\"> \u00abViernes de la 4\u00aa semana de Cuaresma\u00bb<\/span><\/a><\/p>\n","protected":false},"author":3,"featured_media":0,"comment_status":"closed","ping_status":"closed","sticky":false,"template":"","format":"standard","meta":{"_acf_changed":false,"footnotes":""},"categories":[3],"tags":[],"class_list":["post-33409","post","type-post","status-publish","format-standard","hentry","category-calendario"],"acf":[],"_links":{"self":[{"href":"https:\/\/menesianosoy.org\/index.php\/wp-json\/wp\/v2\/posts\/33409","targetHints":{"allow":["GET"]}}],"collection":[{"href":"https:\/\/menesianosoy.org\/index.php\/wp-json\/wp\/v2\/posts"}],"about":[{"href":"https:\/\/menesianosoy.org\/index.php\/wp-json\/wp\/v2\/types\/post"}],"author":[{"embeddable":true,"href":"https:\/\/menesianosoy.org\/index.php\/wp-json\/wp\/v2\/users\/3"}],"replies":[{"embeddable":true,"href":"https:\/\/menesianosoy.org\/index.php\/wp-json\/wp\/v2\/comments?post=33409"}],"version-history":[{"count":6,"href":"https:\/\/menesianosoy.org\/index.php\/wp-json\/wp\/v2\/posts\/33409\/revisions"}],"predecessor-version":[{"id":33419,"href":"https:\/\/menesianosoy.org\/index.php\/wp-json\/wp\/v2\/posts\/33409\/revisions\/33419"}],"wp:attachment":[{"href":"https:\/\/menesianosoy.org\/index.php\/wp-json\/wp\/v2\/media?parent=33409"}],"wp:term":[{"taxonomy":"category","embeddable":true,"href":"https:\/\/menesianosoy.org\/index.php\/wp-json\/wp\/v2\/categories?post=33409"},{"taxonomy":"post_tag","embeddable":true,"href":"https:\/\/menesianosoy.org\/index.php\/wp-json\/wp\/v2\/tags?post=33409"}],"curies":[{"name":"wp","href":"https:\/\/api.w.org\/{rel}","templated":true}]}}