{"id":33435,"date":"2026-03-15T16:23:18","date_gmt":"2026-03-15T19:23:18","guid":{"rendered":"https:\/\/menesianosoy.org\/?p=33435"},"modified":"2026-03-20T19:49:25","modified_gmt":"2026-03-20T22:49:25","slug":"san-agustin-zhao-rong-2","status":"publish","type":"post","link":"https:\/\/menesianosoy.org\/index.php\/2026\/03\/15\/san-agustin-zhao-rong-2\/","title":{"rendered":"San Agust\u00edn Zhao Rong"},"content":{"rendered":"\n<h5 class=\"wp-block-heading has-text-align-left has-text-color has-link-color wp-elements-74bcc00ef043e41fb55577bdc91c4b66\" style=\"color:#491778\"><strong>Liturgia de las horas: Rezamos con el tema MAR\u00cdA IV (p\u00e1gina 3)<\/strong><\/h5>\n\n\n\n<h4 class=\"wp-block-heading has-text-align-left has-vivid-red-color has-text-color has-link-color wp-elements-7deb30c5a46c2fe0af76f92c82f8d39a\"><br><strong>Intenciones<\/strong><\/h4>\n\n\n\n<ul class=\"wp-block-list\">\n<li>Por los miembros de LAM y sus proyectos y actividades como Asociaci\u00f3n.<\/li>\n\n\n\n<li>Por las ONG, que con sus aportes hacen posible que muchas de nuestras obras puedan cumplir con su misi\u00f3n.<\/li>\n\n\n\n<li>Por el cumplea\u00f1os del H. <strong>Delf\u00edn L\u00f3pez<\/strong> (1932), de la comunidad de Bilbao.<\/li>\n\n\n\n<li>Por la familia menesiana de San Borja\u00a0y de Aguilar de Camp\u00f3o.<\/li>\n\n\n\n<li>Por los enfermos y discapacitados de nuestras comunidades.<\/li>\n\n\n\n<li>Por los menesianos, las obras y las nuevas vocaciones del distrito San Pedro Chanel (Tahit\u00ed &#8211; Islas Marquesas).<\/li>\n\n\n\n<li>Por la paz en el mundo.<\/li>\n<\/ul>\n\n\n\n<h4 class=\"wp-block-heading has-text-align-left has-vivid-red-color has-text-color has-link-color wp-elements-fdbfc381b2750bfd1afd2060eb5de2d9\"><br><strong>Regla de Vida n\u00ba 40c<\/strong><\/h4>\n\n\n\n<p class=\"has-text-align-left\"><em>Castidad y misi\u00f3n:<\/em><br>Para garantizar, en especial, la protecci\u00f3n de los ni\u00f1os y j\u00f3venes con los que entra en contacto, el Hermano se compromete a seguir los protocolos vigentes en la Congregaci\u00f3n, las di\u00f3cesis y las instituciones educativas.<\/p>\n\n\n\n<h4 class=\"wp-block-heading has-text-align-left has-vivid-red-color has-text-color has-link-color wp-elements-7c7ae9afa037d49f4e490773ed85078b\"><br><strong>Al hermano Cyprien Chevreau, 7 de diciembre de 1846<\/strong><\/h4>\n\n\n\n<p class=\"has-text-align-left\"><em>Cuanto m\u00e1s completamente te hayas entregado a Dios, m\u00e1s feliz deber\u00edas ser y m\u00e1s feliz ser\u00e1s.<\/em><\/p>\n\n\n\n<h4 class=\"wp-block-heading has-text-align-left has-vivid-red-color has-text-color has-link-color wp-elements-1cd4b724fdd0ffc35884cb45183847cc\"><br><strong>Difuntos<\/strong><\/h4>\n\n\n\n<p class=\"has-text-align-left\">1966: Germain D\u00e9sert<br>1983: Jean Kermarrec (Micha\u00ebl-Joseph)<br>2017: Marcel Hebert (Charles-Antione)<br>2018: Andr\u00e9 Godin (Gabriel-Anastase)<\/p>\n\n\n\n<p class=\"has-text-align-left has-vivid-cyan-blue-background-color has-background\"><\/p>\n","protected":false},"excerpt":{"rendered":"<p>Liturgia de las horas: Rezamos con el tema MAR\u00cdA IV (p\u00e1gina 3) Intenciones Regla de Vida n\u00ba 40c Castidad y misi\u00f3n:Para garantizar, en especial, la protecci\u00f3n de los ni\u00f1os y j\u00f3venes con los que entra en contacto, el Hermano se compromete a seguir los protocolos vigentes en la Congregaci\u00f3n, las di\u00f3cesis y las instituciones educativas. &hellip; <a href=\"https:\/\/menesianosoy.org\/index.php\/2026\/03\/15\/san-agustin-zhao-rong-2\/\" class=\"more-link\">Continue reading<span class=\"screen-reader-text\"> \u00abSan Agust\u00edn Zhao Rong\u00bb<\/span><\/a><\/p>\n","protected":false},"author":3,"featured_media":0,"comment_status":"closed","ping_status":"closed","sticky":false,"template":"","format":"standard","meta":{"_acf_changed":false,"footnotes":""},"categories":[3],"tags":[],"class_list":["post-33435","post","type-post","status-publish","format-standard","hentry","category-calendario"],"acf":[],"_links":{"self":[{"href":"https:\/\/menesianosoy.org\/index.php\/wp-json\/wp\/v2\/posts\/33435","targetHints":{"allow":["GET"]}}],"collection":[{"href":"https:\/\/menesianosoy.org\/index.php\/wp-json\/wp\/v2\/posts"}],"about":[{"href":"https:\/\/menesianosoy.org\/index.php\/wp-json\/wp\/v2\/types\/post"}],"author":[{"embeddable":true,"href":"https:\/\/menesianosoy.org\/index.php\/wp-json\/wp\/v2\/users\/3"}],"replies":[{"embeddable":true,"href":"https:\/\/menesianosoy.org\/index.php\/wp-json\/wp\/v2\/comments?post=33435"}],"version-history":[{"count":3,"href":"https:\/\/menesianosoy.org\/index.php\/wp-json\/wp\/v2\/posts\/33435\/revisions"}],"predecessor-version":[{"id":33440,"href":"https:\/\/menesianosoy.org\/index.php\/wp-json\/wp\/v2\/posts\/33435\/revisions\/33440"}],"wp:attachment":[{"href":"https:\/\/menesianosoy.org\/index.php\/wp-json\/wp\/v2\/media?parent=33435"}],"wp:term":[{"taxonomy":"category","embeddable":true,"href":"https:\/\/menesianosoy.org\/index.php\/wp-json\/wp\/v2\/categories?post=33435"},{"taxonomy":"post_tag","embeddable":true,"href":"https:\/\/menesianosoy.org\/index.php\/wp-json\/wp\/v2\/tags?post=33435"}],"curies":[{"name":"wp","href":"https:\/\/api.w.org\/{rel}","templated":true}]}}