{"id":33465,"date":"2026-03-15T17:09:44","date_gmt":"2026-03-15T20:09:44","guid":{"rendered":"https:\/\/menesianosoy.org\/?p=33465"},"modified":"2026-03-21T07:29:10","modified_gmt":"2026-03-21T10:29:10","slug":"5o-domingo-de-cuaresma-4","status":"publish","type":"post","link":"https:\/\/menesianosoy.org\/index.php\/2026\/03\/15\/5o-domingo-de-cuaresma-4\/","title":{"rendered":"5\u00ba Domingo de Cuaresma"},"content":{"rendered":"\n<h5 class=\"wp-block-heading has-text-align-left has-text-color has-link-color wp-elements-ca9c8aa9369e42e7f80586940153777b\" style=\"color:#451770\"><br><strong>1911 &#8211; P\u00edo X firma el decreto de Introducci\u00f3n de la Causa de Beatificaci\u00f3n y de Canonizaci\u00f3n de nuestro Padre Fundador.<\/strong><\/h5>\n\n\n\n<h4 class=\"wp-block-heading has-text-align-left has-vivid-red-color has-text-color has-link-color wp-elements-0d3bba1292b8030bef905a45afd13c8e\"><br><strong>Oraci\u00f3n<\/strong><\/h4>\n\n\n\n<p class=\"has-text-align-left\"><strong><em>Se\u00f1or Jes\u00fas, al comenzar el d\u00eda,<br>te ofrecemos nuestra vida entera.<br>Que el amor fraterno reine entre todos<br>los que formamos comunidad.<br>Que cada uno se sienta feliz<br>con la alegr\u00eda de los dem\u00e1s,<br>y sufra con sus penas.<br>Que todos nos prestemos ayuda mutua<br>para ir a Dios y realizar su obra cada d\u00eda.<br>Que no existan jam\u00e1s entre nosotros<br>ni contiendas ni rivalidades,<br>ni secretas envidias, ni palabras duras.<br>Aparta de nosotros, Se\u00f1or, todo lo que hiere,<br>todo lo que divide,<br>todo lo que altera la caridad.<br>Haz, Se\u00f1or, que hoy y siempre<br>intentemos ayudarnos<br>unos a otros a ser santos.<br>Que todos vivamos hoy con dulzura,<br>paciencia, humildad<br>y fidelidad a tu Palabra.<br>(Regla de 1835)<\/em><\/strong><\/p>\n\n\n\n<h4 class=\"wp-block-heading has-text-align-left has-vivid-red-color has-text-color has-link-color wp-elements-7deb30c5a46c2fe0af76f92c82f8d39a\"><br><strong>Intenciones<\/strong><\/h4>\n\n\n\n<ul class=\"wp-block-list\">\n<li>Por nuestros capellanes y los sacerdotes de nuestras parroquias.<\/li>\n\n\n\n<li>Por nuestros j\u00f3venes en formaci\u00f3n.<\/li>\n\n\n\n<li>Por el Papa, para que el Se\u00f1or lo fortalezca con su Esp\u00edritu y lo sostenga en su misi\u00f3n de guiar a la Iglesia.<\/li>\n\n\n\n<li>Por los enfermos y discapacitados de nuestras comunidades.<\/li>\n\n\n\n<li>Por la familia menesiana que vive la misi\u00f3n en El Alto y la de Bilbao.<\/li>\n\n\n\n<li>Por los menesianos, las obras y las nuevas vocaciones del distrito San Pablo (Togo &#8211; Senegal &#8211; Benin &#8211; Costa de Marfil).<\/li>\n\n\n\n<li>Por la paz en el mundo.<\/li>\n<\/ul>\n\n\n\n<h4 class=\"wp-block-heading has-text-align-left has-vivid-red-color has-text-color has-link-color wp-elements-31f0a024fb7cf34cc982bf8dbcf82d6f\"><br><strong>Regla de Vida n\u00ba 41a<\/strong><\/h4>\n\n\n\n<p class=\"has-text-align-left\"><em>Ayuda de la oraci\u00f3n:<\/em><br>En su oraci\u00f3n, el Hermano pide \u00abcon humildad y perseverancia la gracia de la fidelidad\u00bb. Sabiendo de qui\u00e9n se ha fiado, avanza con la gozosa seguridad de la esperanza.<\/p>\n\n\n\n<h4 class=\"wp-block-heading has-text-align-left has-vivid-red-color has-text-color has-link-color wp-elements-3619e2bfac2750f1f507b1e5d069b402\"><br><strong>Al hermano Andr\u00e9 Labousse, 26 de diciembre de 1823<\/strong><\/h4>\n\n\n\n<p class=\"has-text-align-left\"><em>Procuren estar m\u00e1s serenos, m\u00e1s atentos a la presencia de Dios: la disipaci\u00f3n es su gran enemigo, deben combatirla cada d\u00eda con nuevo coraje y nuevo celo.<\/em><\/p>\n\n\n\n<h4 class=\"wp-block-heading has-text-align-left has-vivid-red-color has-text-color has-link-color wp-elements-1cd4b724fdd0ffc35884cb45183847cc\"><br><strong>Difuntos<\/strong><\/h4>\n\n\n\n<p class=\"has-text-align-left\">1981: <strong>Mart\u00edn Denis Etch\u00e9verry<\/strong> (<strong>\u00c1lvaro<\/strong>): Naci\u00f3 en Labastide Clairence (B. P.) en 1900. Muri\u00f3 en Lourdes.<br>2002: G\u00e9rard Duhaime (Norbert-Vincent)<br>2008: St\u00e9phan Louis (Jean de Kenty)<br>2020: <strong>Virgilio Guti\u00e9rrez<\/strong> (<strong>Juli\u00e1n<\/strong>): Naci\u00f3 el 2 de abril en Susilla de Valderredible (Cantabria). Muri\u00f3 en Bilbao.<\/p>\n\n\n\n<p class=\"has-text-align-left has-vivid-cyan-blue-background-color has-background\"><\/p>\n","protected":false},"excerpt":{"rendered":"<p>1911 &#8211; P\u00edo X firma el decreto de Introducci\u00f3n de la Causa de Beatificaci\u00f3n y de Canonizaci\u00f3n de nuestro Padre Fundador. Oraci\u00f3n Se\u00f1or Jes\u00fas, al comenzar el d\u00eda,te ofrecemos nuestra vida entera.Que el amor fraterno reine entre todoslos que formamos comunidad.Que cada uno se sienta felizcon la alegr\u00eda de los dem\u00e1s,y sufra con sus penas.Que &hellip; <a href=\"https:\/\/menesianosoy.org\/index.php\/2026\/03\/15\/5o-domingo-de-cuaresma-4\/\" class=\"more-link\">Continue reading<span class=\"screen-reader-text\"> \u00ab5\u00ba Domingo de Cuaresma\u00bb<\/span><\/a><\/p>\n","protected":false},"author":3,"featured_media":0,"comment_status":"closed","ping_status":"closed","sticky":false,"template":"","format":"standard","meta":{"_acf_changed":false,"footnotes":""},"categories":[3],"tags":[],"class_list":["post-33465","post","type-post","status-publish","format-standard","hentry","category-calendario"],"acf":[],"_links":{"self":[{"href":"https:\/\/menesianosoy.org\/index.php\/wp-json\/wp\/v2\/posts\/33465","targetHints":{"allow":["GET"]}}],"collection":[{"href":"https:\/\/menesianosoy.org\/index.php\/wp-json\/wp\/v2\/posts"}],"about":[{"href":"https:\/\/menesianosoy.org\/index.php\/wp-json\/wp\/v2\/types\/post"}],"author":[{"embeddable":true,"href":"https:\/\/menesianosoy.org\/index.php\/wp-json\/wp\/v2\/users\/3"}],"replies":[{"embeddable":true,"href":"https:\/\/menesianosoy.org\/index.php\/wp-json\/wp\/v2\/comments?post=33465"}],"version-history":[{"count":4,"href":"https:\/\/menesianosoy.org\/index.php\/wp-json\/wp\/v2\/posts\/33465\/revisions"}],"predecessor-version":[{"id":33471,"href":"https:\/\/menesianosoy.org\/index.php\/wp-json\/wp\/v2\/posts\/33465\/revisions\/33471"}],"wp:attachment":[{"href":"https:\/\/menesianosoy.org\/index.php\/wp-json\/wp\/v2\/media?parent=33465"}],"wp:term":[{"taxonomy":"category","embeddable":true,"href":"https:\/\/menesianosoy.org\/index.php\/wp-json\/wp\/v2\/categories?post=33465"},{"taxonomy":"post_tag","embeddable":true,"href":"https:\/\/menesianosoy.org\/index.php\/wp-json\/wp\/v2\/tags?post=33465"}],"curies":[{"name":"wp","href":"https:\/\/api.w.org\/{rel}","templated":true}]}}