{"id":33533,"date":"2026-03-21T15:46:47","date_gmt":"2026-03-21T18:46:47","guid":{"rendered":"https:\/\/menesianosoy.org\/?p=33533"},"modified":"2026-03-21T15:55:54","modified_gmt":"2026-03-21T18:55:54","slug":"santo-toribio-de-mogrovejo-san-jose-benito-oriol","status":"publish","type":"post","link":"https:\/\/menesianosoy.org\/index.php\/2026\/03\/21\/santo-toribio-de-mogrovejo-san-jose-benito-oriol\/","title":{"rendered":"Santo Toribio de Mogrovejo &#8211; San Jos\u00e9 Benito Oriol"},"content":{"rendered":"\n<h5 class=\"wp-block-heading has-text-align-left has-text-color has-link-color wp-elements-6c8c20436a38edb5582cb2cba29ed5f3\" style=\"color:#4b1d75\"><br><strong>1863 &#8211; Muerte del padre Pierre Ruault, primer capell\u00e1n de la casa madre, amigo \u00edntimo y fiel consejero del Padre de la Mennais.<\/strong><\/h5>\n\n\n\n<h4 class=\"wp-block-heading has-text-align-left has-vivid-red-color has-text-color has-link-color wp-elements-0d3bba1292b8030bef905a45afd13c8e\"><br><strong>Oraci\u00f3n<\/strong><\/h4>\n\n\n\n<p class=\"has-text-align-left\"><strong><em>Se\u00f1or,<br>que puedas encontrar en nosotros<br>todas las perfecciones de tu Hijo,<br>que seamos,<br>en la medida que lo permita<br>la debilidad humana,<br>revestidos de Jesucristo,<br>que sigamos a Cristo<br>en todos sus caminos,<br>que juzguemos todas las cosas<br>como \u00e9l las juzga,<br>que amemos lo que \u00e9l ama,<br>que despreciemos lo que \u00e9l desprecia.<br>En una palabra,<br>que todos nuestros pensamientos<br>sean conformes a sus pensamientos<br>y que seamos su imagen viva. Am\u00e9n<br>(Juan Mar\u00eda)<\/em><\/strong><\/p>\n\n\n\n<h4 class=\"wp-block-heading has-text-align-left has-vivid-red-color has-text-color has-link-color wp-elements-7deb30c5a46c2fe0af76f92c82f8d39a\"><br><strong>Intenciones<\/strong><\/h4>\n\n\n\n<ul class=\"wp-block-list\">\n<li>Por los equipos directivos y de orientaci\u00f3n de nuestros centros educativos.<\/li>\n\n\n\n<li>Por los enfermos y discapacitados de nuestras comunidades.<\/li>\n\n\n\n<li>Por los menesianos, las obras y las nuevas vocaciones de la provincia San Miguel Arc\u00e1ngel (Kenia &#8211; Tanzania).<\/li>\n\n\n\n<li>Por la familia menesiana del colegio Sagrado Coraz\u00f3n de Llay-Llay y la del Menesiano de Madrid.<\/li>\n\n\n\n<li>Por las vocaciones consagradas en la Iglesia.<\/li>\n\n\n\n<li>La comunidad de Ouanaminthe (Hait\u00ed). <\/li>\n\n\n\n<li>Por la paz en el mundo.<\/li>\n<\/ul>\n\n\n\n<h4 class=\"wp-block-heading has-text-align-left has-vivid-red-color has-text-color has-link-color wp-elements-4f2cc0de0b6ddd303ac2827461287ef7\"><br><strong>Regla de Vida n\u00ba 42a<\/strong><\/h4>\n\n\n\n<p class=\"has-text-align-left\"><em>Sentido y objeto del voto:<\/em><br>Por su encarnaci\u00f3n, Cristo \u00absiendo rico, se hizo pobre por ustedes para enriquecerlos con su pobreza\u00bb. Se anonad\u00f3 a s\u00ed mismo renunciando a toda voluntad de poder y aceptando su dependencia del Padre.<\/p>\n\n\n\n<h4 class=\"wp-block-heading has-text-align-left has-vivid-red-color has-text-color has-link-color wp-elements-804ea8f66046b07721dae1d69cffcde5\"><br><strong>Al se\u00f1or Querret, 29 de marzo de 1814<\/strong><\/h4>\n\n\n\n<p class=\"has-text-align-left\"><em>Am\u00e9monos unos a otros en Dios y para Dios. \u00a1Que sea el centro \u00fanico en el que nos encontremos en todo momento! Oh ! \u00a1Qu\u00e9 fr\u00e1gil y vano es el resto!<\/em><\/p>\n\n\n\n<h4 class=\"wp-block-heading has-text-align-left has-vivid-red-color has-text-color has-link-color wp-elements-1cd4b724fdd0ffc35884cb45183847cc\"><br><strong>Difuntos<\/strong><\/h4>\n\n\n\n<p class=\"has-text-align-left\">1994: Eug\u00e8ne Bousseau (Eug\u00e8ne-Arthur)<br>2012: Laurence Coll\u00e9oc (Cryprien-Auguste)<br>2017: Albert C\u00f4t\u00e9 (Robert-Yves)<br>2020: <strong>Efr\u00e9n Fern\u00e1ndez Aparicio<\/strong> (<strong>Luis Mar\u00eda<\/strong>) naci\u00f3 el 31 de diciembre de 1931 en Castrillo de Valdelomar (Cantabria). Muri\u00f3 en Bilbao.<br>2021 Andr\u00e9 Tremblay (Thomas-Andr\u00e9)<br>2023: Jean Pelu (Ludovic-Marie).<br><\/p>\n","protected":false},"excerpt":{"rendered":"<p>1863 &#8211; Muerte del padre Pierre Ruault, primer capell\u00e1n de la casa madre, amigo \u00edntimo y fiel consejero del Padre de la Mennais. Oraci\u00f3n Se\u00f1or,que puedas encontrar en nosotrostodas las perfecciones de tu Hijo,que seamos,en la medida que lo permitala debilidad humana,revestidos de Jesucristo,que sigamos a Cristoen todos sus caminos,que juzguemos todas las cosascomo \u00e9l &hellip; <a href=\"https:\/\/menesianosoy.org\/index.php\/2026\/03\/21\/santo-toribio-de-mogrovejo-san-jose-benito-oriol\/\" class=\"more-link\">Continue reading<span class=\"screen-reader-text\"> \u00abSanto Toribio de Mogrovejo &#8211; San Jos\u00e9 Benito Oriol\u00bb<\/span><\/a><\/p>\n","protected":false},"author":3,"featured_media":0,"comment_status":"closed","ping_status":"closed","sticky":false,"template":"","format":"standard","meta":{"_acf_changed":false,"footnotes":""},"categories":[3],"tags":[],"class_list":["post-33533","post","type-post","status-publish","format-standard","hentry","category-calendario"],"acf":[],"_links":{"self":[{"href":"https:\/\/menesianosoy.org\/index.php\/wp-json\/wp\/v2\/posts\/33533","targetHints":{"allow":["GET"]}}],"collection":[{"href":"https:\/\/menesianosoy.org\/index.php\/wp-json\/wp\/v2\/posts"}],"about":[{"href":"https:\/\/menesianosoy.org\/index.php\/wp-json\/wp\/v2\/types\/post"}],"author":[{"embeddable":true,"href":"https:\/\/menesianosoy.org\/index.php\/wp-json\/wp\/v2\/users\/3"}],"replies":[{"embeddable":true,"href":"https:\/\/menesianosoy.org\/index.php\/wp-json\/wp\/v2\/comments?post=33533"}],"version-history":[{"count":3,"href":"https:\/\/menesianosoy.org\/index.php\/wp-json\/wp\/v2\/posts\/33533\/revisions"}],"predecessor-version":[{"id":33539,"href":"https:\/\/menesianosoy.org\/index.php\/wp-json\/wp\/v2\/posts\/33533\/revisions\/33539"}],"wp:attachment":[{"href":"https:\/\/menesianosoy.org\/index.php\/wp-json\/wp\/v2\/media?parent=33533"}],"wp:term":[{"taxonomy":"category","embeddable":true,"href":"https:\/\/menesianosoy.org\/index.php\/wp-json\/wp\/v2\/categories?post=33533"},{"taxonomy":"post_tag","embeddable":true,"href":"https:\/\/menesianosoy.org\/index.php\/wp-json\/wp\/v2\/tags?post=33533"}],"curies":[{"name":"wp","href":"https:\/\/api.w.org\/{rel}","templated":true}]}}