{"id":33559,"date":"2026-03-21T16:44:07","date_gmt":"2026-03-21T19:44:07","guid":{"rendered":"https:\/\/menesianosoy.org\/?p=33559"},"modified":"2026-03-24T09:19:50","modified_gmt":"2026-03-24T12:19:50","slug":"san-oscar-romero-4","status":"publish","type":"post","link":"https:\/\/menesianosoy.org\/index.php\/2026\/03\/21\/san-oscar-romero-4\/","title":{"rendered":"San \u00d3scar Romero"},"content":{"rendered":"\n<h5 class=\"wp-block-heading has-text-align-left has-white-background-color has-text-color has-background has-link-color wp-elements-284f1858d76c200a10a9ba8cf56207f5\" style=\"color:#3a125e\"><br><strong>1858 &#8211; Muerte de la Madre Margarita Mar\u00eda, primera Superiora General de las Hijas de la Providencia.<br>1993 &#8211; Juan Pablo II declara este d\u00eda, recuerdo de la muerte de Monse\u00f1or Romero, jornada de ayuno y oraci\u00f3n en memoria de los misioneros m\u00e1rtires.<\/strong><\/h5>\n\n\n\n<h4 class=\"wp-block-heading has-text-align-left has-vivid-red-color has-text-color has-link-color wp-elements-0d3bba1292b8030bef905a45afd13c8e\"><br><strong>Oraci\u00f3n<\/strong><\/h4>\n\n\n\n<p class=\"has-text-align-left\"><strong><em>Se\u00f1or Jes\u00fas, te damos gracias<br>por la sublime vocaci\u00f3n<br>que nos has regalado.<br>Danos tu Esp\u00edritu para que pasemos<br>por el mundo<br>haciendo el bien que T\u00fa mismo hiciste.<br>Que nuestra educaci\u00f3n evangelice hoy a todos,<br>que instruya a los pobres, que d\u00e9 vista a los ciegos,<br>que haga caminar a los d\u00e9biles y cansados.<br>Conc\u00e9denos vivir hoy y siempre de tal forma<br>que eduquemos a los que nos son confiados,<br>abramos los ojos a los ni\u00f1os y a los j\u00f3venes,<br>sanemos a los d\u00e9biles,<br>resucitemos a los que viven sepultados lejos de ti.<br>Que tu presencia en nuestra vida fraterna<br>nos haga capaces de realizar prodigios<br>en el orden espiritual para gloria tuya. Am\u00e9n<\/em><\/strong><\/p>\n\n\n\n<h4 class=\"wp-block-heading has-text-align-left has-vivid-red-color has-text-color has-link-color wp-elements-7deb30c5a46c2fe0af76f92c82f8d39a\"><br><strong>Intenciones<\/strong><\/h4>\n\n\n\n<ul class=\"wp-block-list\">\n<li>Por los catequistas y agentes de pastoral de nuestros centros educativos.<\/li>\n\n\n\n<li>Por Argentina en el d\u00eda de la Memoria.<\/li>\n\n\n\n<li>Por los enfermos y discapacitados de nuestras comunidades.<\/li>\n\n\n\n<li>Por los menesianos, las obras y las nuevas vocaciones de la provincia San Juan Bautista (Francia &#8211; Inglaterra &#8211; Italia).<\/li>\n\n\n\n<li>Por la comunidad menesiana de Quinta Normal y la de Nanclares de la Oca.<\/li>\n\n\n\n<li>Por las vocaciones de laicos y hermanos en nuestra congregaci\u00f3n.<\/li>\n\n\n\n<li>Por la paz en el mundo.<\/li>\n<\/ul>\n\n\n\n<h4 class=\"wp-block-heading has-text-align-left has-vivid-red-color has-text-color has-link-color wp-elements-2b4fdb74d0ac75f3d95703450d85aa4c\"><br><strong>Regla de Vida n\u00ba 42b<\/strong><\/h4>\n\n\n\n<p class=\"has-text-align-left\"><em>Sentido y objeto del voto: <\/em><br>Para una configuraci\u00f3n m\u00e1s \u00edntima con su Se\u00f1or, el Hermano hace voto de pobreza. Desprende su coraz\u00f3n de lo que tiene y de lo que es. Vive como quien ha recibido gratuitamente el \u00fanico tesoro: \u00abDios m\u00edo, t\u00fa lo ser\u00e1s todo para m\u00ed: la vida no es nada, la reputaci\u00f3n no es nada, la ciencia no es nada, la salud no es nada, la riqueza no es nada, \u00a1s\u00f3lo Dios!<\/p>\n\n\n\n<h4 class=\"wp-block-heading has-text-align-left has-vivid-red-color has-text-color has-link-color wp-elements-2a7aeacff27cd8ba74359162343f364d\"><br><strong>A los sacerdotes de Saint-M\u00e9en, serm\u00f3n sobre la Congregaci\u00f3n<\/strong><\/h4>\n\n\n\n<p class=\"has-text-align-left\"><em>No hay hombres perfectos: pero de todas las imperfecciones, la mayor ser\u00eda no querer sufrir nada y exigir a los dem\u00e1s m\u00e1s virtudes de las que uno mismo tiene.<\/em><\/p>\n\n\n\n<h4 class=\"wp-block-heading has-text-align-left has-vivid-red-color has-text-color has-link-color wp-elements-1cd4b724fdd0ffc35884cb45183847cc\"><br><strong>Difuntos<\/strong><\/h4>\n\n\n\n<p class=\"has-text-align-left\">1967: Hippolyte-Louis Collet<br>1975: Joseph Le Boulch (G\u00e9rard-Pierre)<br>1980: Benoit Lessard (Daniel-Fran\u00e7ois)<br>1998: Joseph Bussi\u00e8res (L\u00e9onard-Jean)<br>2017: Jean Audrain (Donatien-Michel)<br>2025: Ren\u00e9 Gaultier<\/p>\n","protected":false},"excerpt":{"rendered":"<p>1858 &#8211; Muerte de la Madre Margarita Mar\u00eda, primera Superiora General de las Hijas de la Providencia.1993 &#8211; Juan Pablo II declara este d\u00eda, recuerdo de la muerte de Monse\u00f1or Romero, jornada de ayuno y oraci\u00f3n en memoria de los misioneros m\u00e1rtires. Oraci\u00f3n Se\u00f1or Jes\u00fas, te damos graciaspor la sublime vocaci\u00f3nque nos has regalado.Danos tu &hellip; <a href=\"https:\/\/menesianosoy.org\/index.php\/2026\/03\/21\/san-oscar-romero-4\/\" class=\"more-link\">Continue reading<span class=\"screen-reader-text\"> \u00abSan \u00d3scar Romero\u00bb<\/span><\/a><\/p>\n","protected":false},"author":3,"featured_media":0,"comment_status":"closed","ping_status":"closed","sticky":false,"template":"","format":"standard","meta":{"_acf_changed":false,"footnotes":""},"categories":[3],"tags":[],"class_list":["post-33559","post","type-post","status-publish","format-standard","hentry","category-calendario"],"acf":[],"_links":{"self":[{"href":"https:\/\/menesianosoy.org\/index.php\/wp-json\/wp\/v2\/posts\/33559","targetHints":{"allow":["GET"]}}],"collection":[{"href":"https:\/\/menesianosoy.org\/index.php\/wp-json\/wp\/v2\/posts"}],"about":[{"href":"https:\/\/menesianosoy.org\/index.php\/wp-json\/wp\/v2\/types\/post"}],"author":[{"embeddable":true,"href":"https:\/\/menesianosoy.org\/index.php\/wp-json\/wp\/v2\/users\/3"}],"replies":[{"embeddable":true,"href":"https:\/\/menesianosoy.org\/index.php\/wp-json\/wp\/v2\/comments?post=33559"}],"version-history":[{"count":8,"href":"https:\/\/menesianosoy.org\/index.php\/wp-json\/wp\/v2\/posts\/33559\/revisions"}],"predecessor-version":[{"id":33682,"href":"https:\/\/menesianosoy.org\/index.php\/wp-json\/wp\/v2\/posts\/33559\/revisions\/33682"}],"wp:attachment":[{"href":"https:\/\/menesianosoy.org\/index.php\/wp-json\/wp\/v2\/media?parent=33559"}],"wp:term":[{"taxonomy":"category","embeddable":true,"href":"https:\/\/menesianosoy.org\/index.php\/wp-json\/wp\/v2\/categories?post=33559"},{"taxonomy":"post_tag","embeddable":true,"href":"https:\/\/menesianosoy.org\/index.php\/wp-json\/wp\/v2\/tags?post=33559"}],"curies":[{"name":"wp","href":"https:\/\/api.w.org\/{rel}","templated":true}]}}