{"id":33589,"date":"2026-03-22T09:49:45","date_gmt":"2026-03-22T12:49:45","guid":{"rendered":"https:\/\/menesianosoy.org\/?p=33589"},"modified":"2026-03-24T07:40:12","modified_gmt":"2026-03-24T10:40:12","slug":"anunciacion-del-senor-4","status":"publish","type":"post","link":"https:\/\/menesianosoy.org\/index.php\/2026\/03\/22\/anunciacion-del-senor-4\/","title":{"rendered":"Anunciaci\u00f3n del Se\u00f1or"},"content":{"rendered":"\n<h5 class=\"wp-block-heading has-text-color has-link-color wp-elements-d2f9c4887b778c06f1f0222bc45d2fc9\" style=\"color:#491b74\">1821 &#8211; Las Hijas de la Providencia reciben del Padre de la Mennais las constituciones de su Instituto y pronuncian su votos.<br><br>1943 &#8211; El H. Esteban, Superior General, consagra la Congregaci\u00f3n al Coraz\u00f3n Inmaculado de Mar\u00eda.<br>1988 &#8211; Renovaci\u00f3n de esa Consagraci\u00f3n por el H. Bernard Gaudeul en Santa Mar\u00eda la Mayor de Roma.<br>2012 \u2013 En la capilla de la Casa Madre, el H. Yannick Houssay, Superior general, renueva la consagraci\u00f3n solemne del Instituto.<\/h5>\n\n\n\n<h4 class=\"wp-block-heading has-text-align-left has-vivid-red-color has-text-color has-link-color wp-elements-0d3bba1292b8030bef905a45afd13c8e\"><br><strong>Oraci\u00f3n<\/strong><\/h4>\n\n\n\n<p class=\"has-text-align-left\"><strong><em>Mar\u00eda, aceptaste ser la madre de Jes\u00fas,<br>El Hijo de Dios<br>y cumpliste fielmente<br>tu santa misi\u00f3n.<br>Intensa fue la vida de familia<br>en tu hogar de Nazaret.<br>Mar\u00eda, velaste con amor\u00a0<br>por tu familia y por tu casa,<br>Fuiste ternura a manos llenas\u00a0<br>hacia los tuyos,<br>Acunaste y guiaste los pasos\u00a0<br>de Dios hecho ni\u00f1o,<br>Acompa\u00f1aste estremecida\u00a0<br>su desarrollo y crecimiento<br>y lo viste partir, dispuesta\u00a0<br>siempre a los planes de Dios.<br>Mar\u00eda, ens\u00e9\u00f1anos a valorar\u00a0<br>y dignificar la vida de familia;<br>mu\u00e9stranos el camino<br>del di\u00e1logo\u00a0y la comprensi\u00f3n;<br>haz que aprendamos a escucharnos<br>y a querernos incondicionalmente.<br>Mar\u00eda, cuida de cada una<br>de nuestras familias,<br>como cuidaste de tu familia de Nazaret.<\/em><\/strong><\/p>\n\n\n\n<h4 class=\"wp-block-heading has-text-align-left has-vivid-red-color has-text-color has-link-color wp-elements-7deb30c5a46c2fe0af76f92c82f8d39a\"><br><strong>Intenciones<\/strong><\/h4>\n\n\n\n<ul class=\"wp-block-list\">\n<li>Por las Hijas de la Providencia, sus obras, proyectos y la nueva rama que ha surgido en \u00c1frica.<\/li>\n\n\n\n<li>Por nuestra congregaci\u00f3n, para que nunca deje de decir como Mar\u00eda: \u00abHe aqu\u00ed la servidora del Se\u00f1or\u00bb.<\/li>\n\n\n\n<li>Por los docentes y los alumnos de nuestros centros educativos, sobre todo los m\u00e1s necesitados.<\/li>\n\n\n\n<li>Por los enfermos y discapacitados de nuestras comunidades.<\/li>\n\n\n\n<li>Para que seamos fieles a nuestra consagraci\u00f3n.<\/li>\n\n\n\n<li>Por la paz en el mundo.<\/li>\n<\/ul>\n\n\n\n<h4 class=\"wp-block-heading has-text-align-left has-vivid-red-color has-text-color has-link-color wp-elements-4df203d547ffb5d4a5e5a97679b03eda\"><br><strong>Regla de Vida n\u00ba 11b<\/strong><\/h4>\n\n\n\n<p class=\"has-text-align-left\"><em>Patrona de la Congregaci\u00f3n:<\/em><br>Los Hermanos veneran a la Bienaventurada Virgen Mar\u00eda en el Misterio de Cristo y de la Iglesia. La esclava del Se\u00f1or, plenamente d\u00f3cil al Esp\u00edritu Santo, totalmente entregada a la persona y a la obra de su Hijo, es para ellos el modelo de su vida consagrada, obediente, casta y pobre.<\/p>\n\n\n\n<h4 class=\"wp-block-heading has-text-align-left has-vivid-red-color has-text-color has-link-color wp-elements-27269ea94c3dabda88d6cb42385fbda3\"><br><strong>Serm\u00f3n de la Fiesta de la Anunciaci\u00f3n<\/strong><\/h4>\n\n\n\n<p class=\"has-text-align-left\"><em>Fue por un acto expreso de la voluntad de Dios que Mar\u00eda contribuy\u00f3 a darnos a Jesucristo, y Dios, para recompensar su obediencia, quiso que ella contribuyera igualmente a todas las operaciones de la gracia que no son m\u00e1s que una continuaci\u00f3n de este misterio.<\/em><\/p>\n\n\n\n<p class=\"has-text-align-left\"><br><strong><em>No hay difuntos<\/em><\/strong><\/p>\n","protected":false},"excerpt":{"rendered":"<p>1821 &#8211; Las Hijas de la Providencia reciben del Padre de la Mennais las constituciones de su Instituto y pronuncian su votos. 1943 &#8211; El H. Esteban, Superior General, consagra la Congregaci\u00f3n al Coraz\u00f3n Inmaculado de Mar\u00eda.1988 &#8211; Renovaci\u00f3n de esa Consagraci\u00f3n por el H. Bernard Gaudeul en Santa Mar\u00eda la Mayor de Roma.2012 \u2013 &hellip; <a href=\"https:\/\/menesianosoy.org\/index.php\/2026\/03\/22\/anunciacion-del-senor-4\/\" class=\"more-link\">Continue reading<span class=\"screen-reader-text\"> \u00abAnunciaci\u00f3n del Se\u00f1or\u00bb<\/span><\/a><\/p>\n","protected":false},"author":3,"featured_media":0,"comment_status":"closed","ping_status":"closed","sticky":false,"template":"","format":"standard","meta":{"_acf_changed":false,"footnotes":""},"categories":[3],"tags":[],"class_list":["post-33589","post","type-post","status-publish","format-standard","hentry","category-calendario"],"acf":[],"_links":{"self":[{"href":"https:\/\/menesianosoy.org\/index.php\/wp-json\/wp\/v2\/posts\/33589","targetHints":{"allow":["GET"]}}],"collection":[{"href":"https:\/\/menesianosoy.org\/index.php\/wp-json\/wp\/v2\/posts"}],"about":[{"href":"https:\/\/menesianosoy.org\/index.php\/wp-json\/wp\/v2\/types\/post"}],"author":[{"embeddable":true,"href":"https:\/\/menesianosoy.org\/index.php\/wp-json\/wp\/v2\/users\/3"}],"replies":[{"embeddable":true,"href":"https:\/\/menesianosoy.org\/index.php\/wp-json\/wp\/v2\/comments?post=33589"}],"version-history":[{"count":5,"href":"https:\/\/menesianosoy.org\/index.php\/wp-json\/wp\/v2\/posts\/33589\/revisions"}],"predecessor-version":[{"id":33596,"href":"https:\/\/menesianosoy.org\/index.php\/wp-json\/wp\/v2\/posts\/33589\/revisions\/33596"}],"wp:attachment":[{"href":"https:\/\/menesianosoy.org\/index.php\/wp-json\/wp\/v2\/media?parent=33589"}],"wp:term":[{"taxonomy":"category","embeddable":true,"href":"https:\/\/menesianosoy.org\/index.php\/wp-json\/wp\/v2\/categories?post=33589"},{"taxonomy":"post_tag","embeddable":true,"href":"https:\/\/menesianosoy.org\/index.php\/wp-json\/wp\/v2\/tags?post=33589"}],"curies":[{"name":"wp","href":"https:\/\/api.w.org\/{rel}","templated":true}]}}