{"id":33609,"date":"2026-03-22T10:19:42","date_gmt":"2026-03-22T13:19:42","guid":{"rendered":"https:\/\/menesianosoy.org\/?p=33609"},"modified":"2026-03-22T15:33:50","modified_gmt":"2026-03-22T18:33:50","slug":"san-braulio-2","status":"publish","type":"post","link":"https:\/\/menesianosoy.org\/index.php\/2026\/03\/22\/san-braulio-2\/","title":{"rendered":"San Braulio"},"content":{"rendered":"\n<h4 class=\"wp-block-heading has-text-align-left has-vivid-red-color has-text-color has-link-color wp-elements-0d3bba1292b8030bef905a45afd13c8e\"><br><strong>Oraci\u00f3n<\/strong><\/h4>\n\n\n\n<p class=\"has-text-align-left\"><strong><em>Padre bueno,<br>te doy gracias por la vida,<br>regalo de tu amor.<br>Haz que la comparta con todos:<br>con mis hermanos, con mi familia,<br>con mis amigos,<br>tejiendo lazos como lo hizo Jes\u00fas.<br>Env\u00edame tu Esp\u00edritu Santo<br>para descubrir lo que quieres de m\u00ed.<br>Hazme cada d\u00eda m\u00e1s parecido a tu Hijo:<br>que sus sentimientos sean mis sentimientos,<br>que sus pensamientos<br>sean mis pensamientos,<br>que su proyecto sea mi proyecto,<br>que ame como \u00c9l am\u00f3.<br>Como a Mar\u00eda, Padre Bueno,<br>conc\u00e9denos a todos<br>un coraz\u00f3n d\u00f3cil a tu Palabra. Am\u00e9n<\/em><\/strong><\/p>\n\n\n\n<h4 class=\"wp-block-heading has-text-align-left has-vivid-red-color has-text-color has-link-color wp-elements-7deb30c5a46c2fe0af76f92c82f8d39a\"><br><strong>Intenciones<\/strong><\/h4>\n\n\n\n<ul class=\"wp-block-list\">\n<li>Por las vocaciones en nuestro Distrito, la comisi\u00f3n de Pastoral vocacional y la casa de El Alto.<\/li>\n\n\n\n<li>Por los equipos de administraci\u00f3n de nuestros centros educativos.<\/li>\n\n\n\n<li>Por los enfermos y discapacitados de nuestras comunidades.<\/li>\n\n\n\n<li>Por los menesianos, las obras y las nuevas vocaciones de la provincia Nuestra Se\u00f1ora del Pilar de Espa\u00f1a.<\/li>\n\n\n\n<li>Por la familia menesiana del Centro Educacional de Culipr\u00e1n y la de San Jos\u00e9 de Reinosa.<\/li>\n\n\n\n<li>Por la paz en el mundo.<\/li>\n<\/ul>\n\n\n\n<h4 class=\"wp-block-heading has-text-align-left has-vivid-red-color has-text-color has-link-color wp-elements-eb6af6ef3c606ad666b77893a1307d2f\"><br><strong>Regla de Vida n\u00ba 42c<\/strong><\/h4>\n\n\n\n<p class=\"has-text-align-left\"><em>Sentido y objeto del voto:<\/em><br>Por el voto de pobreza, el Hermano se compromete a vivir en dependencia y limitaci\u00f3n en el uso y disposici\u00f3n de los bienes seg\u00fan el derecho propio del Instituto.<\/p>\n\n\n\n<h4 class=\"wp-block-heading has-text-align-left has-vivid-red-color has-text-color has-link-color wp-elements-d93f8d427c6cf1872698132ea93bd9e1\"><br><strong>Al hermano Jacinto Fichou, 16 de marzo de 1846<\/strong><\/h4>\n\n\n\n<p class=\"has-text-align-left\"><em>Sigan trabajando por la gloria de Dios y la salvaci\u00f3n de las almas, seg\u00fan sus fuerzas, y est\u00e9n convencidos de que el buen Dios no les pide otra cosa, sino hacer lo que hacen.<\/em><\/p>\n\n\n\n<h4 class=\"wp-block-heading has-text-align-left has-vivid-red-color has-text-color has-link-color wp-elements-1cd4b724fdd0ffc35884cb45183847cc\"><br><strong>Difuntos<\/strong><\/h4>\n\n\n\n<p class=\"has-text-align-left\"><img loading=\"lazy\" decoding=\"async\" width=\"133\" height=\"199\" class=\"wp-image-11086\" style=\"width: 133px;\" src=\"https:\/\/menesianosoy.org\/wp-content\/uploads\/2024\/03\/Martin.png\" alt=\"\"><br>1965: <strong>Mart\u00edn Garc\u00eda <\/strong>(<strong>Jean-Fran\u00e7ois<\/strong>): Naci\u00f3 en St. Martin d&#8217;Arb (Bajos Pirineos) en 1898. Trabaj\u00f3 en Argentina desde el a\u00f1o 1949 hasta su muerte en Buenos Aires.<br><br>1957: <strong>Jos\u00e9 Ignacio Aizpuru<\/strong> (<strong>Gerardo<\/strong>): Naci\u00f3 en Azpeitia en 1923. Muri\u00f3 en Nanclares.<br>1973 Joseph Leduby (Isidore-Louis)<br>2012: Bernard Franey (Augustine Joseph)<br>2014: Albert H\u00e9mono (Louis-Yves)<\/p>\n","protected":false},"excerpt":{"rendered":"<p>Oraci\u00f3n Padre bueno,te doy gracias por la vida,regalo de tu amor.Haz que la comparta con todos:con mis hermanos, con mi familia,con mis amigos,tejiendo lazos como lo hizo Jes\u00fas.Env\u00edame tu Esp\u00edritu Santopara descubrir lo que quieres de m\u00ed.Hazme cada d\u00eda m\u00e1s parecido a tu Hijo:que sus sentimientos sean mis sentimientos,que sus pensamientossean mis pensamientos,que su proyecto &hellip; <a href=\"https:\/\/menesianosoy.org\/index.php\/2026\/03\/22\/san-braulio-2\/\" class=\"more-link\">Continue reading<span class=\"screen-reader-text\"> \u00abSan Braulio\u00bb<\/span><\/a><\/p>\n","protected":false},"author":3,"featured_media":0,"comment_status":"closed","ping_status":"closed","sticky":false,"template":"","format":"standard","meta":{"_acf_changed":false,"footnotes":""},"categories":[3],"tags":[],"class_list":["post-33609","post","type-post","status-publish","format-standard","hentry","category-calendario"],"acf":[],"_links":{"self":[{"href":"https:\/\/menesianosoy.org\/index.php\/wp-json\/wp\/v2\/posts\/33609","targetHints":{"allow":["GET"]}}],"collection":[{"href":"https:\/\/menesianosoy.org\/index.php\/wp-json\/wp\/v2\/posts"}],"about":[{"href":"https:\/\/menesianosoy.org\/index.php\/wp-json\/wp\/v2\/types\/post"}],"author":[{"embeddable":true,"href":"https:\/\/menesianosoy.org\/index.php\/wp-json\/wp\/v2\/users\/3"}],"replies":[{"embeddable":true,"href":"https:\/\/menesianosoy.org\/index.php\/wp-json\/wp\/v2\/comments?post=33609"}],"version-history":[{"count":7,"href":"https:\/\/menesianosoy.org\/index.php\/wp-json\/wp\/v2\/posts\/33609\/revisions"}],"predecessor-version":[{"id":33621,"href":"https:\/\/menesianosoy.org\/index.php\/wp-json\/wp\/v2\/posts\/33609\/revisions\/33621"}],"wp:attachment":[{"href":"https:\/\/menesianosoy.org\/index.php\/wp-json\/wp\/v2\/media?parent=33609"}],"wp:term":[{"taxonomy":"category","embeddable":true,"href":"https:\/\/menesianosoy.org\/index.php\/wp-json\/wp\/v2\/categories?post=33609"},{"taxonomy":"post_tag","embeddable":true,"href":"https:\/\/menesianosoy.org\/index.php\/wp-json\/wp\/v2\/tags?post=33609"}],"curies":[{"name":"wp","href":"https:\/\/api.w.org\/{rel}","templated":true}]}}