{"id":33635,"date":"2026-03-22T16:15:46","date_gmt":"2026-03-22T19:15:46","guid":{"rendered":"https:\/\/menesianosoy.org\/?p=33635"},"modified":"2026-03-27T06:03:13","modified_gmt":"2026-03-27T09:03:13","slug":"viernes-de-la-5a-semana-de-cuaresma-2","status":"publish","type":"post","link":"https:\/\/menesianosoy.org\/index.php\/2026\/03\/22\/viernes-de-la-5a-semana-de-cuaresma-2\/","title":{"rendered":"Viernes de la 5\u00aa semana de Cuaresma"},"content":{"rendered":"\n<h5 class=\"wp-block-heading has-text-align-left has-text-color has-link-color wp-elements-27b4bde74ae488fcc5a797db8691964e\" style=\"color:#3f1268\"><br><strong>1900 &#8211; Decreto de la Sagrada Congregaci\u00f3n de Ritos ordenando la b\u00fasqueda de escritos de nuestro Venerable Padre de la Mennais.<\/strong><\/h5>\n\n\n\n<h4 class=\"wp-block-heading has-text-align-left has-vivid-red-color has-text-color has-link-color wp-elements-0d3bba1292b8030bef905a45afd13c8e\"><br><strong>Oraci\u00f3n<\/strong><\/h4>\n\n\n\n<p><strong><em>Se\u00f1or, que has dicho:<br>Dejen que los ni\u00f1os vengan a M\u00ed.<br>T\u00fa me has inspirado el deseo<br>de dedicar mi vida<br>a los ni\u00f1os y j\u00f3venes<br>para llevarlos a Ti.<br>D\u00edgnate bendecir mi vocaci\u00f3n,<br>as\u00edsteme en mis trabajos de hoy,<br>derrama sobre m\u00ed,<br>sobre todos mis hermanos<br>y sobre todos los que trabajamos<br>en esta obra educativa,<br>el esp\u00edritu de fortaleza,<br>de caridad y de humildad,<br>para que nada nos aparte<br>de tu servicio.<br>Haz que hoy cumpla con celo<br>el ministerio educativo<br>al que me has consagrado.<br>Hazme perseverar hasta el fin<br>para alcanzar as\u00ed<br>la salvaci\u00f3n que nos<br>has prometido. Am\u00e9n<\/em><\/strong><\/p>\n\n\n\n<h4 class=\"wp-block-heading has-text-align-left has-vivid-red-color has-text-color has-link-color wp-elements-7deb30c5a46c2fe0af76f92c82f8d39a\"><br><strong>Intenciones<\/strong><\/h4>\n\n\n\n<ul class=\"wp-block-list\">\n<li>Por las misiones en la Iglesia.<\/li>\n\n\n\n<li>Por los pa\u00edses donde reina la divisi\u00f3n, la violencia, la guerra.<\/li>\n\n\n\n<li>Por los que a\u00fan viven esclavizados en nuestro mundo.<\/li>\n\n\n\n<li>Por los enfermos y discapacitados de nuestras comunidades.<\/li>\n\n\n\n<li>Por los menesianos, las obras y las nuevas vocaciones de la provincia Santa Teresa del Ni\u00f1o Jes\u00fas de Uganda y Sud\u00e1n del Sur.<\/li>\n\n\n\n<li>Por la familia menesiana del colegio San Pablo de Luj\u00e1n de Cuyo y la Santo Domingo de la Calzada.<\/li>\n\n\n\n<li>Por la comunidad de Nairobi (Kenya).<\/li>\n<\/ul>\n\n\n\n<h4 class=\"wp-block-heading has-text-align-left has-vivid-red-color has-text-color has-link-color wp-elements-8f37b772d0138b0073d188f4951212ba\"><br><strong>Regla de Vida n\u00ba 43a<\/strong><\/h4>\n\n\n\n<p class=\"has-text-align-left\"><em>Pobreza como don recibido<\/em>:<br>La pobreza que Jes\u00fas propuso con su Palabra y manifest\u00f3 en su vida es un don del Esp\u00edritu que nos introduce en el Reino de Dios. <br>El Hermano, a su vez, adopta esta actitud de coraz\u00f3n caracterizada por el abandono y la alegr\u00eda, arraigada en la certeza de que Dios es su herencia m\u00e1s hermosa, la parte que le<br>corresponde y que no le ser\u00e1 arrebatada.<\/p>\n\n\n\n<h4 class=\"wp-block-heading has-text-align-left has-vivid-red-color has-text-color has-link-color wp-elements-1000e8fad4d724dd9d9b56cb6e7e2ecc\"><br><strong>A la Congregaci\u00f3n de St M\u00e9en<\/strong><\/h4>\n\n\n\n<p class=\"has-text-align-left\"><em>Ya no consideraremos a los hombres, las cosas o los acontecimientos de un modo completamente natural y, por tanto, enga\u00f1oso, sino que los consideraremos en relaci\u00f3n con la eternidad, a la luz de Dios mismo, y los juzgaremos como Dios los juzga.<\/em><\/p>\n\n\n\n<h4 class=\"wp-block-heading has-text-align-left has-vivid-red-color has-text-color has-link-color wp-elements-1cd4b724fdd0ffc35884cb45183847cc\"><br><strong>Difuntos<\/strong><\/h4>\n\n\n\n<p><img loading=\"lazy\" decoding=\"async\" width=\"150\" height=\"188\" class=\"wp-image-11106\" style=\"width: 150px;\" src=\"https:\/\/menesianosoy.org\/wp-content\/uploads\/2024\/03\/Damaso.png\" alt=\"\"><br>2020: <strong>D\u00e1maso Cereceda<\/strong>: Naci\u00f3 el 29 de marzo de 1941 en Quintana Mar\u00eda (Burgos). Fue uno de los 3 primeros menesianos que llegaron a Chile. Muri\u00f3 en Bilbao.<br><br>1996: Andr\u00e9 Normandin (Maurice-Paul)<br>2000: Desmond O\u2019Brien (Paul Thomas)<br>2002: Gilbert Lagani\u00e8re (Fran\u00e7ois-Joseph)<br>2020: <strong>Ismael S\u00e1inz Casta\u00f1eda<\/strong> (<strong>Lucas<\/strong>): Naci\u00f3 el 11 de septiembre de 1922 en San Vicente de Villamer\u00e1n (Burgos). Muri\u00f3 en Bilbao.<\/p>\n","protected":false},"excerpt":{"rendered":"<p>1900 &#8211; Decreto de la Sagrada Congregaci\u00f3n de Ritos ordenando la b\u00fasqueda de escritos de nuestro Venerable Padre de la Mennais. Oraci\u00f3n Se\u00f1or, que has dicho:Dejen que los ni\u00f1os vengan a M\u00ed.T\u00fa me has inspirado el deseode dedicar mi vidaa los ni\u00f1os y j\u00f3venespara llevarlos a Ti.D\u00edgnate bendecir mi vocaci\u00f3n,as\u00edsteme en mis trabajos de hoy,derrama &hellip; <a href=\"https:\/\/menesianosoy.org\/index.php\/2026\/03\/22\/viernes-de-la-5a-semana-de-cuaresma-2\/\" class=\"more-link\">Continue reading<span class=\"screen-reader-text\"> \u00abViernes de la 5\u00aa semana de Cuaresma\u00bb<\/span><\/a><\/p>\n","protected":false},"author":3,"featured_media":0,"comment_status":"closed","ping_status":"closed","sticky":false,"template":"","format":"standard","meta":{"_acf_changed":false,"footnotes":""},"categories":[3],"tags":[],"class_list":["post-33635","post","type-post","status-publish","format-standard","hentry","category-calendario"],"acf":[],"_links":{"self":[{"href":"https:\/\/menesianosoy.org\/index.php\/wp-json\/wp\/v2\/posts\/33635","targetHints":{"allow":["GET"]}}],"collection":[{"href":"https:\/\/menesianosoy.org\/index.php\/wp-json\/wp\/v2\/posts"}],"about":[{"href":"https:\/\/menesianosoy.org\/index.php\/wp-json\/wp\/v2\/types\/post"}],"author":[{"embeddable":true,"href":"https:\/\/menesianosoy.org\/index.php\/wp-json\/wp\/v2\/users\/3"}],"replies":[{"embeddable":true,"href":"https:\/\/menesianosoy.org\/index.php\/wp-json\/wp\/v2\/comments?post=33635"}],"version-history":[{"count":8,"href":"https:\/\/menesianosoy.org\/index.php\/wp-json\/wp\/v2\/posts\/33635\/revisions"}],"predecessor-version":[{"id":33745,"href":"https:\/\/menesianosoy.org\/index.php\/wp-json\/wp\/v2\/posts\/33635\/revisions\/33745"}],"wp:attachment":[{"href":"https:\/\/menesianosoy.org\/index.php\/wp-json\/wp\/v2\/media?parent=33635"}],"wp:term":[{"taxonomy":"category","embeddable":true,"href":"https:\/\/menesianosoy.org\/index.php\/wp-json\/wp\/v2\/categories?post=33635"},{"taxonomy":"post_tag","embeddable":true,"href":"https:\/\/menesianosoy.org\/index.php\/wp-json\/wp\/v2\/tags?post=33635"}],"curies":[{"name":"wp","href":"https:\/\/api.w.org\/{rel}","templated":true}]}}