{"id":33666,"date":"2026-03-22T16:46:07","date_gmt":"2026-03-22T19:46:07","guid":{"rendered":"https:\/\/menesianosoy.org\/?p=33666"},"modified":"2026-03-26T08:50:35","modified_gmt":"2026-03-26T11:50:35","slug":"san-sixto-iii-2","status":"publish","type":"post","link":"https:\/\/menesianosoy.org\/index.php\/2026\/03\/22\/san-sixto-iii-2\/","title":{"rendered":"San Sixto III"},"content":{"rendered":"\n<h5 class=\"wp-block-heading has-text-align-left has-text-color has-link-color wp-elements-37528b29bd74a6597795a4b06dbc9817\" style=\"color:#4b1e76\"><br><strong>Liturgia de las horas: Rezamos con el tema CRUZ (p\u00e1gina 3)<\/strong><\/h5>\n\n\n\n<h4 class=\"wp-block-heading has-text-align-left has-vivid-red-color has-text-color has-link-color wp-elements-7deb30c5a46c2fe0af76f92c82f8d39a\"><br><strong>Intenciones<\/strong><\/h4>\n\n\n\n<ul class=\"wp-block-list\">\n<li>Por los miembros de LAM y sus proyectos y actividades como Asociaci\u00f3n.<\/li>\n\n\n\n<li>Por las ONG, que con sus aportes hacen posible que muchas de nuestras obras puedan cumplir con su misi\u00f3n.<\/li>\n\n\n\n<li>Por el H. Visitador y su Consejo.<\/li>\n\n\n\n<li>Por los enfermos y discapacitados de nuestras comunidades.<\/li>\n\n\n\n<li>Por los menesianos, las obras y las nuevas vocaciones de la provincia San Luis Gonzaga de Hait\u00ed y por la situaci\u00f3n de ese pa\u00eds.<\/li>\n\n\n\n<li>Por la comunidad educativa de La Escuelita de Luj\u00e1n de Cuyo y la de Zamora.<\/li>\n\n\n\n<li>Por la paz en el mundo.<\/li>\n<\/ul>\n\n\n\n<h4 class=\"wp-block-heading has-text-align-left has-vivid-red-color has-text-color has-link-color wp-elements-b1895dd2e3b6e2b110ec64c92fd20f93\"><br><strong>Regla de Vida n\u00ba 43b<\/strong><\/h4>\n\n\n\n<p class=\"has-text-align-left\"><em>Pobreza como don recibido:<\/em><br>Al experimentar el amor gratuito de Dios, el Hermano vive en una gran libertad interior con respecto a los bienes, en disponibilidad gozosa y en esp\u00edritu de compartir. Pone al servicio de los dem\u00e1s todo cuanto ha recibido: su vida, sus talentos, su tiempo, los bienes de que dispone.<\/p>\n\n\n\n<h4 class=\"wp-block-heading has-text-align-left has-vivid-red-color has-text-color has-link-color wp-elements-14e2a2b672243a959a657b1e49df3398\"><br><strong>Al hermano Urbain Cl\u00e9rice, 29 de mayo de 1848<\/strong><\/h4>\n\n\n\n<p class=\"has-text-align-left\"><em>Deseemos s\u00f3lo el cumplimiento de la santa voluntad de Dios en nosotros y en todas las cosas.<\/em><\/p>\n\n\n\n<h4 class=\"wp-block-heading has-text-align-left has-vivid-red-color has-text-color has-link-color wp-elements-1cd4b724fdd0ffc35884cb45183847cc\"><br><strong>Difuntos<\/strong><\/h4>\n\n\n\n<p class=\"has-text-align-left\">1964: C\u00e9lestin Combes (Basile-Marie): Naci\u00f3 en M\u00e9lac (Aveyron) en 1887. Muri\u00f3 en Nanclares.<br>1977: Victor C\u00f4t\u00e9 (Augustin-Victor)<br>1995: Germain Brunet (H\u00e9raclius-Albert)<br>2009: Jean-Baptiste Gendrot (Fran\u00e7ois-Jean) y Albert Lohard (Daniel-Hubert)<\/p>\n","protected":false},"excerpt":{"rendered":"<p>Liturgia de las horas: Rezamos con el tema CRUZ (p\u00e1gina 3) Intenciones Regla de Vida n\u00ba 43b Pobreza como don recibido:Al experimentar el amor gratuito de Dios, el Hermano vive en una gran libertad interior con respecto a los bienes, en disponibilidad gozosa y en esp\u00edritu de compartir. Pone al servicio de los dem\u00e1s todo &hellip; <a href=\"https:\/\/menesianosoy.org\/index.php\/2026\/03\/22\/san-sixto-iii-2\/\" class=\"more-link\">Continue reading<span class=\"screen-reader-text\"> \u00abSan Sixto III\u00bb<\/span><\/a><\/p>\n","protected":false},"author":3,"featured_media":0,"comment_status":"closed","ping_status":"closed","sticky":false,"template":"","format":"standard","meta":{"_acf_changed":false,"footnotes":""},"categories":[3],"tags":[],"class_list":["post-33666","post","type-post","status-publish","format-standard","hentry","category-calendario"],"acf":[],"_links":{"self":[{"href":"https:\/\/menesianosoy.org\/index.php\/wp-json\/wp\/v2\/posts\/33666","targetHints":{"allow":["GET"]}}],"collection":[{"href":"https:\/\/menesianosoy.org\/index.php\/wp-json\/wp\/v2\/posts"}],"about":[{"href":"https:\/\/menesianosoy.org\/index.php\/wp-json\/wp\/v2\/types\/post"}],"author":[{"embeddable":true,"href":"https:\/\/menesianosoy.org\/index.php\/wp-json\/wp\/v2\/users\/3"}],"replies":[{"embeddable":true,"href":"https:\/\/menesianosoy.org\/index.php\/wp-json\/wp\/v2\/comments?post=33666"}],"version-history":[{"count":5,"href":"https:\/\/menesianosoy.org\/index.php\/wp-json\/wp\/v2\/posts\/33666\/revisions"}],"predecessor-version":[{"id":33736,"href":"https:\/\/menesianosoy.org\/index.php\/wp-json\/wp\/v2\/posts\/33666\/revisions\/33736"}],"wp:attachment":[{"href":"https:\/\/menesianosoy.org\/index.php\/wp-json\/wp\/v2\/media?parent=33666"}],"wp:term":[{"taxonomy":"category","embeddable":true,"href":"https:\/\/menesianosoy.org\/index.php\/wp-json\/wp\/v2\/categories?post=33666"},{"taxonomy":"post_tag","embeddable":true,"href":"https:\/\/menesianosoy.org\/index.php\/wp-json\/wp\/v2\/tags?post=33666"}],"curies":[{"name":"wp","href":"https:\/\/api.w.org\/{rel}","templated":true}]}}