{"id":33716,"date":"2026-03-24T10:12:53","date_gmt":"2026-03-24T13:12:53","guid":{"rendered":"https:\/\/menesianosoy.org\/?p=33716"},"modified":"2026-03-24T10:20:22","modified_gmt":"2026-03-24T13:20:22","slug":"domingo-de-ramos-6","status":"publish","type":"post","link":"https:\/\/menesianosoy.org\/index.php\/2026\/03\/24\/domingo-de-ramos-6\/","title":{"rendered":"Domingo de Ramos"},"content":{"rendered":"\n<h4 class=\"wp-block-heading has-text-align-left has-vivid-red-color has-text-color has-link-color wp-elements-0d3bba1292b8030bef905a45afd13c8e\"><br><strong>Oraci\u00f3n<\/strong><\/h4>\n\n\n\n<p class=\"has-text-align-left\"><strong><em>Se\u00f1or Jes\u00fas, al comenzar el d\u00eda,<br>te ofrecemos nuestra vida entera.<br>Que el amor fraterno reine entre todos<br>los que formamos comunidad.<br>Que cada uno se sienta feliz<br>con la alegr\u00eda de los dem\u00e1s,<br>y sufra con sus penas.<br>Que todos nos prestemos ayuda mutua<br>para ir a Dios y realizar su obra cada d\u00eda.<br>Que no existan jam\u00e1s entre nosotros<br>ni contiendas ni rivalidades,<br>ni secretas envidias, ni palabras duras.<br>Aparta de nosotros, Se\u00f1or, todo lo que hiere,<br>todo lo que divide,<br>todo lo que altera la caridad.<br>Haz, Se\u00f1or, que hoy y siempre<br>intentemos ayudarnos<br>unos a otros a ser santos.<br>Que todos vivamos hoy con dulzura,<br>paciencia, humildad<br>y fidelidad a tu Palabra.<br>(Regla de 1835)<\/em><\/strong><\/p>\n\n\n\n<h4 class=\"wp-block-heading has-text-align-left has-vivid-red-color has-text-color has-link-color wp-elements-7deb30c5a46c2fe0af76f92c82f8d39a\"><br><strong>Intenciones<\/strong><\/h4>\n\n\n\n<ul class=\"wp-block-list\">\n<li>Para que esta Semana Santa sea una oportunidad de conversi\u00f3n para todos nosotros.<\/li>\n\n\n\n<li>Por nuestros capellanes y los sacerdotes de nuestras parroquias.<\/li>\n\n\n\n<li>Por nuestros j\u00f3venes en formaci\u00f3n.<\/li>\n\n\n\n<li>Por el Papa, para que el Se\u00f1or lo fortalezca con su Esp\u00edritu y lo sostenga en su misi\u00f3n de guiar a la Iglesia.<\/li>\n\n\n\n<li>Por la familia menesiana del colegio Nuestra Se\u00f1ora del Rosario de Bialet Mass\u00e9 y la de Aguilar.<\/li>\n\n\n\n<li>Por los enfermos y discapacitados de nuestras comunidades.<\/li>\n\n\n\n<li>Por los menesianos, las obras y las nuevas vocaciones de la provincia Juan de la Mennais (Canad\u00e1 &#8211; Usa &#8211; M\u00e9xico).<\/li>\n<\/ul>\n\n\n\n<h4 class=\"wp-block-heading has-text-align-left has-vivid-red-color has-text-color has-link-color wp-elements-aa2cf77b2f388457371ac38fbbebfabb\"><br><strong>Regla de Vida n\u00ba 44<\/strong><\/h4>\n\n\n\n<p class=\"has-text-align-left\"><em>Dependencia responsable: <\/em><br>El Hermano procura, en dependencia de los Hermanos Superiores y en uni\u00f3n con la comunidad,<br>servirse de los bienes de este mundo sin apegar a ellos su coraz\u00f3n.<\/p>\n\n\n\n<h4 class=\"wp-block-heading has-text-align-left has-vivid-red-color has-text-color has-link-color wp-elements-75c49253795679c9780a3bd781ab9b61\"><br><strong>Circular para el retiro, 13 de junio de 1824<\/strong><\/h4>\n\n\n\n<p class=\"has-text-align-left\"><em>Es necesario estar decidido a renunciar enteramente al mundo; de lo contrario, se ser\u00eda indigno ser miembro de una Congregaci\u00f3n que ha tomado como divisa estas dos palabras tan expresivas: DIOS SOLO.<\/em><\/p>\n\n\n\n<h4 class=\"wp-block-heading has-text-align-left has-vivid-red-color has-text-color has-link-color wp-elements-1cd4b724fdd0ffc35884cb45183847cc\"><br><strong>Difuntos<\/strong><\/h4>\n\n\n\n<p class=\"has-text-align-left\">1998: Ernest Paquette (Michel-Amand)<br>2020: <strong>Javier Garc\u00eda Gonz\u00e1lez<\/strong> (<strong>Francisco Javier)<\/strong>: Naci\u00f3 el 11 de septiembre de 1943 en Cervatos (Cantabria), Muri\u00f3 en Bilbao.<br>2023: Robert Larouche (Robert-Jean)<\/p>\n","protected":false},"excerpt":{"rendered":"<p>Oraci\u00f3n Se\u00f1or Jes\u00fas, al comenzar el d\u00eda,te ofrecemos nuestra vida entera.Que el amor fraterno reine entre todoslos que formamos comunidad.Que cada uno se sienta felizcon la alegr\u00eda de los dem\u00e1s,y sufra con sus penas.Que todos nos prestemos ayuda mutuapara ir a Dios y realizar su obra cada d\u00eda.Que no existan jam\u00e1s entre nosotrosni contiendas ni &hellip; <a href=\"https:\/\/menesianosoy.org\/index.php\/2026\/03\/24\/domingo-de-ramos-6\/\" class=\"more-link\">Continue reading<span class=\"screen-reader-text\"> \u00abDomingo de Ramos\u00bb<\/span><\/a><\/p>\n","protected":false},"author":3,"featured_media":0,"comment_status":"closed","ping_status":"closed","sticky":false,"template":"","format":"standard","meta":{"_acf_changed":false,"footnotes":""},"categories":[3],"tags":[],"class_list":["post-33716","post","type-post","status-publish","format-standard","hentry","category-calendario"],"acf":[],"_links":{"self":[{"href":"https:\/\/menesianosoy.org\/index.php\/wp-json\/wp\/v2\/posts\/33716","targetHints":{"allow":["GET"]}}],"collection":[{"href":"https:\/\/menesianosoy.org\/index.php\/wp-json\/wp\/v2\/posts"}],"about":[{"href":"https:\/\/menesianosoy.org\/index.php\/wp-json\/wp\/v2\/types\/post"}],"author":[{"embeddable":true,"href":"https:\/\/menesianosoy.org\/index.php\/wp-json\/wp\/v2\/users\/3"}],"replies":[{"embeddable":true,"href":"https:\/\/menesianosoy.org\/index.php\/wp-json\/wp\/v2\/comments?post=33716"}],"version-history":[{"count":7,"href":"https:\/\/menesianosoy.org\/index.php\/wp-json\/wp\/v2\/posts\/33716\/revisions"}],"predecessor-version":[{"id":33726,"href":"https:\/\/menesianosoy.org\/index.php\/wp-json\/wp\/v2\/posts\/33716\/revisions\/33726"}],"wp:attachment":[{"href":"https:\/\/menesianosoy.org\/index.php\/wp-json\/wp\/v2\/media?parent=33716"}],"wp:term":[{"taxonomy":"category","embeddable":true,"href":"https:\/\/menesianosoy.org\/index.php\/wp-json\/wp\/v2\/categories?post=33716"},{"taxonomy":"post_tag","embeddable":true,"href":"https:\/\/menesianosoy.org\/index.php\/wp-json\/wp\/v2\/tags?post=33716"}],"curies":[{"name":"wp","href":"https:\/\/api.w.org\/{rel}","templated":true}]}}