{"id":33755,"date":"2026-03-27T18:39:36","date_gmt":"2026-03-27T21:39:36","guid":{"rendered":"https:\/\/menesianosoy.org\/?p=33755"},"modified":"2026-03-27T19:43:51","modified_gmt":"2026-03-27T22:43:51","slug":"lunes-santo-6","status":"publish","type":"post","link":"https:\/\/menesianosoy.org\/index.php\/2026\/03\/27\/lunes-santo-6\/","title":{"rendered":"Lunes Santo"},"content":{"rendered":"\n<h4 class=\"wp-block-heading has-text-align-left has-vivid-red-color has-text-color has-link-color wp-elements-0d3bba1292b8030bef905a45afd13c8e\"><br><strong>Oraci\u00f3n<\/strong><\/h4>\n\n\n\n<p class=\"has-text-align-left\"><strong><em>Cuidar\u00e9 a mis hermanos,<br>pues con ellos vivo y camino.<br>Ellos me dan aire fresco<br>y con ellos soy menesiano.<br>Preparar\u00e9 con ilusi\u00f3n y mimo,<br>mi regazo para la acogida,<br>mis manos para la compa\u00f1\u00eda,<br>Mis entra\u00f1as para la misericordia.<br>Velar\u00e9 para que no salgan de m\u00ed<br>palabras duras, ni gestos vanidosos.<br>No criticar\u00e9 sus man\u00edas,<br>no trivializar\u00e9 sus problemas,<br>no los encasillar\u00e9 en mis cuadr\u00edculas,<br>no envidiar\u00e9 sus triunfos,<br>ni me alegrar\u00e9 de sus fallos. Am\u00e9n<\/em><\/strong><\/p>\n\n\n\n<h4 class=\"wp-block-heading has-text-align-left has-vivid-red-color has-text-color has-link-color wp-elements-7deb30c5a46c2fe0af76f92c82f8d39a\"><br><strong>Intenciones<\/strong><\/h4>\n\n\n\n<ul class=\"wp-block-list\">\n<li>Para que esta Semana Santa nos ayude a progresar en el crecimiento espiritual.<\/li>\n\n\n\n<li>Por los equipos directivos y de orientaci\u00f3n de nuestros centros educativos.<\/li>\n\n\n\n<li>Por los enfermos y discapacitados de nuestras comunidades.<\/li>\n\n\n\n<li>Por los menesianos, las obras y las nuevas vocaciones del distrito San Francisco Javier (Indonesia &#8211; Jap\u00f3n &#8211; Filipinas).<\/li>\n\n\n\n<li>Por la familia menesiana del colegio Teodelina de Villa G. G\u00e1lvez y la de Berrio-Otxoa.<\/li>\n\n\n\n<li>Por las vocaciones consagradas en la Iglesia.<\/li>\n\n\n\n<li>Por la paz en el mundo.<\/li>\n<\/ul>\n\n\n\n<h4 class=\"wp-block-heading has-text-align-left has-vivid-red-color has-text-color has-link-color wp-elements-7767a8b00d356f7f405177c537836562\"><br><strong>Regla de Vida n\u00ba 44.1a<\/strong><\/h4>\n\n\n\n<p><em>Dependencia responsable:<\/em><br>El Hermano no puede disponer de dinero sin dar cuenta de \u00e9l. Somete sus gastos corrientes al Hermano Superior local, seg\u00fan las modalidades definidas a nivel provincial o de Distrito.<\/p>\n\n\n\n<h4 class=\"wp-block-heading has-text-align-left has-vivid-red-color has-text-color has-link-color wp-elements-f94ce60c5b32028335353f92351509c7\"><br><strong>Memorial, p\u00e1g. 68<\/strong><\/h4>\n\n\n\n<p class=\"has-text-align-left\"><em>Dos grandes reglas: Ser lo menos que se puede, abajarse, achicarse, encoger, anonadarse y hacer lo<br>mejor que se pueda, por los intereses de Dios solo, cuando se tiene alguna responsabilidad, y sin poner<br>atenci\u00f3n al amor propio.<\/em><\/p>\n\n\n\n<h4 class=\"wp-block-heading has-text-align-left has-vivid-red-color has-text-color has-link-color wp-elements-1cd4b724fdd0ffc35884cb45183847cc\"><br><strong>Difuntos<\/strong><\/h4>\n\n\n\n<p class=\"has-text-align-left\">1982: James Durkin (Stephen Mary)<br>1996: Louis Chevalier (Herv\u00e9-Henri)<br>2020: <strong>Pablo Garc\u00eda Gonz\u00e1lez<\/strong> (<strong>Bernardo<\/strong>): Naci\u00f3 el 25 de enero de 1930 en Villareal (\u00c1lava). Muri\u00f3 en Bilbao.<\/p>\n","protected":false},"excerpt":{"rendered":"<p>Oraci\u00f3n Cuidar\u00e9 a mis hermanos,pues con ellos vivo y camino.Ellos me dan aire frescoy con ellos soy menesiano.Preparar\u00e9 con ilusi\u00f3n y mimo,mi regazo para la acogida,mis manos para la compa\u00f1\u00eda,Mis entra\u00f1as para la misericordia.Velar\u00e9 para que no salgan de m\u00edpalabras duras, ni gestos vanidosos.No criticar\u00e9 sus man\u00edas,no trivializar\u00e9 sus problemas,no los encasillar\u00e9 en mis cuadr\u00edculas,no &hellip; <a href=\"https:\/\/menesianosoy.org\/index.php\/2026\/03\/27\/lunes-santo-6\/\" class=\"more-link\">Continue reading<span class=\"screen-reader-text\"> \u00abLunes Santo\u00bb<\/span><\/a><\/p>\n","protected":false},"author":3,"featured_media":0,"comment_status":"closed","ping_status":"closed","sticky":false,"template":"","format":"standard","meta":{"_acf_changed":false,"footnotes":""},"categories":[3],"tags":[],"class_list":["post-33755","post","type-post","status-publish","format-standard","hentry","category-calendario"],"acf":[],"_links":{"self":[{"href":"https:\/\/menesianosoy.org\/index.php\/wp-json\/wp\/v2\/posts\/33755","targetHints":{"allow":["GET"]}}],"collection":[{"href":"https:\/\/menesianosoy.org\/index.php\/wp-json\/wp\/v2\/posts"}],"about":[{"href":"https:\/\/menesianosoy.org\/index.php\/wp-json\/wp\/v2\/types\/post"}],"author":[{"embeddable":true,"href":"https:\/\/menesianosoy.org\/index.php\/wp-json\/wp\/v2\/users\/3"}],"replies":[{"embeddable":true,"href":"https:\/\/menesianosoy.org\/index.php\/wp-json\/wp\/v2\/comments?post=33755"}],"version-history":[{"count":7,"href":"https:\/\/menesianosoy.org\/index.php\/wp-json\/wp\/v2\/posts\/33755\/revisions"}],"predecessor-version":[{"id":33787,"href":"https:\/\/menesianosoy.org\/index.php\/wp-json\/wp\/v2\/posts\/33755\/revisions\/33787"}],"wp:attachment":[{"href":"https:\/\/menesianosoy.org\/index.php\/wp-json\/wp\/v2\/media?parent=33755"}],"wp:term":[{"taxonomy":"category","embeddable":true,"href":"https:\/\/menesianosoy.org\/index.php\/wp-json\/wp\/v2\/categories?post=33755"},{"taxonomy":"post_tag","embeddable":true,"href":"https:\/\/menesianosoy.org\/index.php\/wp-json\/wp\/v2\/tags?post=33755"}],"curies":[{"name":"wp","href":"https:\/\/api.w.org\/{rel}","templated":true}]}}