{"id":33779,"date":"2026-03-27T19:33:57","date_gmt":"2026-03-27T22:33:57","guid":{"rendered":"https:\/\/menesianosoy.org\/?p=33779"},"modified":"2026-03-31T07:00:12","modified_gmt":"2026-03-31T10:00:12","slug":"martes-santo-6","status":"publish","type":"post","link":"https:\/\/menesianosoy.org\/index.php\/2026\/03\/27\/martes-santo-6\/","title":{"rendered":"Martes Santo"},"content":{"rendered":"\n<h4 class=\"wp-block-heading has-text-align-left has-vivid-red-color has-text-color has-link-color wp-elements-0d3bba1292b8030bef905a45afd13c8e\"><br><strong>Oraci\u00f3n<\/strong><\/h4>\n\n\n\n<p class=\"has-text-align-left\"><strong><em>Se\u00f1or,<br>que puedas encontrar en nosotros<br>todas las perfecciones de tu Hijo,<br>que seamos,<br>en la medida que lo permita<br>la debilidad humana,<br>revestidos de Jesucristo,<br>que sigamos a Cristo<br>en todos sus caminos,<br>que juzguemos todas las cosas<br>como \u00e9l las juzga,<br>que amemos lo que \u00e9l ama,<br>que despreciemos lo que \u00e9l desprecia.<br>En una palabra,<br>que todos nuestros pensamientos<br>sean conformes a sus pensamientos<br>y que seamos su imagen viva. Am\u00e9n<br>(Juan Mar\u00eda)<\/em><\/strong><\/p>\n\n\n\n<h4 class=\"wp-block-heading has-text-align-left has-vivid-red-color has-text-color has-link-color wp-elements-7deb30c5a46c2fe0af76f92c82f8d39a\"><br><strong>Intenciones<\/strong><\/h4>\n\n\n\n<ul class=\"wp-block-list\">\n<li>Por los catequistas y agentes de pastoral de nuestros centros educativos.<\/li>\n\n\n\n<li>Por el cumplea\u00f1os de los Hermanos  <strong>\u00c1ngel Herrero <\/strong>(1936) de la comunidad de Madrid,  <strong>Javier S\u00e1inz <\/strong>(1944) de la comunidad de Santo Domingo y <strong>Ricardo Morzan<\/strong> (1957) de la comunidad de Luj\u00e1n de Cuyo.<\/li>\n\n\n\n<li>Por los enfermos y discapacitados de nuestras comunidades.<\/li>\n\n\n\n<li>Por los menesianos, las obras y las nuevas vocaciones del distrito de Ruanda.<\/li>\n\n\n\n<li>Para que esta Semana Santa sea una ocasi\u00f3n de renovaci\u00f3n espiritual.<\/li>\n\n\n\n<li>Por la paz en el mundo.<\/li>\n<\/ul>\n\n\n\n<h4 class=\"wp-block-heading has-text-align-left has-vivid-red-color has-text-color has-link-color wp-elements-62db4d89019527f7be49f221feea1c9a\"><br><strong>Regla de Vida n\u00ba 441bc<\/strong><\/h4>\n\n\n\n<p class=\"has-text-align-left\"><em>Dependencia responsable:<\/em><br>Para los gastos importantes, seg\u00fan las indicaciones de la Provincia o del Distrito, pide permiso al Hermano Superior local y, si es necesario, solicita su consejo antes de recurrir a la autoridad competente.<br>El permiso no dispensa del discernimiento previo, ni elimina la responsabilidad personal en el modo de utilizarlo.<\/p>\n\n\n\n<h4 class=\"wp-block-heading has-text-align-left has-vivid-red-color has-text-color has-link-color wp-elements-b613976377e0b71ada95ee34ba8ac1fa\"><br><strong>Al hermano Hip\u00f3lito Morin, 31 de marzo de 1829<\/strong><\/h4>\n\n\n\n<p class=\"has-text-align-left\"><em>Te recomiendo que seas fiel al santo ejercicio de la presencia de Dios. Este medio y la consideraci\u00f3n de la pasi\u00f3n de Jesucristo son los m\u00e1s adecuados para reavivar en tu coraz\u00f3n el fuego del amor divino.<\/em><\/p>\n\n\n\n<h4 class=\"wp-block-heading has-text-align-left has-vivid-red-color has-text-color has-link-color wp-elements-1cd4b724fdd0ffc35884cb45183847cc\"><br><strong>Difuntos<\/strong><\/h4>\n\n\n\n<p>1987: Rodrigue Lorrain (Eus\u00e8be)<br>1988: Gaston Martel (H\u00e9raclas)<\/p>\n","protected":false},"excerpt":{"rendered":"<p>Oraci\u00f3n Se\u00f1or,que puedas encontrar en nosotrostodas las perfecciones de tu Hijo,que seamos,en la medida que lo permitala debilidad humana,revestidos de Jesucristo,que sigamos a Cristoen todos sus caminos,que juzguemos todas las cosascomo \u00e9l las juzga,que amemos lo que \u00e9l ama,que despreciemos lo que \u00e9l desprecia.En una palabra,que todos nuestros pensamientossean conformes a sus pensamientosy que seamos &hellip; <a href=\"https:\/\/menesianosoy.org\/index.php\/2026\/03\/27\/martes-santo-6\/\" class=\"more-link\">Continue reading<span class=\"screen-reader-text\"> \u00abMartes Santo\u00bb<\/span><\/a><\/p>\n","protected":false},"author":3,"featured_media":0,"comment_status":"closed","ping_status":"closed","sticky":false,"template":"","format":"standard","meta":{"_acf_changed":false,"footnotes":""},"categories":[3],"tags":[],"class_list":["post-33779","post","type-post","status-publish","format-standard","hentry","category-calendario"],"acf":[],"_links":{"self":[{"href":"https:\/\/menesianosoy.org\/index.php\/wp-json\/wp\/v2\/posts\/33779","targetHints":{"allow":["GET"]}}],"collection":[{"href":"https:\/\/menesianosoy.org\/index.php\/wp-json\/wp\/v2\/posts"}],"about":[{"href":"https:\/\/menesianosoy.org\/index.php\/wp-json\/wp\/v2\/types\/post"}],"author":[{"embeddable":true,"href":"https:\/\/menesianosoy.org\/index.php\/wp-json\/wp\/v2\/users\/3"}],"replies":[{"embeddable":true,"href":"https:\/\/menesianosoy.org\/index.php\/wp-json\/wp\/v2\/comments?post=33779"}],"version-history":[{"count":6,"href":"https:\/\/menesianosoy.org\/index.php\/wp-json\/wp\/v2\/posts\/33779\/revisions"}],"predecessor-version":[{"id":33984,"href":"https:\/\/menesianosoy.org\/index.php\/wp-json\/wp\/v2\/posts\/33779\/revisions\/33984"}],"wp:attachment":[{"href":"https:\/\/menesianosoy.org\/index.php\/wp-json\/wp\/v2\/media?parent=33779"}],"wp:term":[{"taxonomy":"category","embeddable":true,"href":"https:\/\/menesianosoy.org\/index.php\/wp-json\/wp\/v2\/categories?post=33779"},{"taxonomy":"post_tag","embeddable":true,"href":"https:\/\/menesianosoy.org\/index.php\/wp-json\/wp\/v2\/tags?post=33779"}],"curies":[{"name":"wp","href":"https:\/\/api.w.org\/{rel}","templated":true}]}}