{"id":33798,"date":"2026-03-28T11:49:45","date_gmt":"2026-03-28T14:49:45","guid":{"rendered":"https:\/\/menesianosoy.org\/?p=33798"},"modified":"2026-04-01T06:08:16","modified_gmt":"2026-04-01T09:08:16","slug":"miercoles-santo-6","status":"publish","type":"post","link":"https:\/\/menesianosoy.org\/index.php\/2026\/03\/28\/miercoles-santo-6\/","title":{"rendered":"Mi\u00e9rcoles Santo"},"content":{"rendered":"\n<h4 class=\"wp-block-heading has-text-align-left has-vivid-red-color has-text-color has-link-color wp-elements-29c1489b96ae21c9448323953645e9ba\"><br><strong>APOSTOLADO DE LA ORACI\u00d3N<\/strong><\/h4>\n\n\n\n<p><strong>Mes de abril<\/strong><\/p>\n\n\n\n<p class=\"has-text-align-left\">Oremos por los sacerdotes que atraviesan momentos de crisis en su vocaci\u00f3n, para que encuentren el acompa\u00f1amiento necesario y sean sostenidos por sus comunidades con comprensi\u00f3n y oraci\u00f3n.<\/p>\n\n\n\n<h4 class=\"wp-block-heading has-text-align-left has-vivid-red-color has-text-color has-link-color wp-elements-0d3bba1292b8030bef905a45afd13c8e\"><br><strong>Oraci\u00f3n<\/strong><\/h4>\n\n\n\n<p class=\"has-text-align-left\"><strong><em>Divino Coraz\u00f3n de Jes\u00fas,<br>por medio del Coraz\u00f3n Inmaculado de Mar\u00eda,<br>yo me consagro a ti<br>y contigo me ofrezco a Dios Padre<br>en tu Santo Sacrificio del altar,<br>con todos mis trabajos, oraciones,<br>sufrimientos y alegr\u00edas de hoy;<br>en reparaci\u00f3n por nuestros pecados,<br>para que venga a nosotros tu Reino;<br>y especialmente por las intenciones<br>confiadas este mes por el Papa<br>al Apostolado de la oraci\u00f3n.<\/em><\/strong><\/p>\n\n\n\n<h4 class=\"wp-block-heading has-text-align-left has-vivid-red-color has-text-color has-link-color wp-elements-7deb30c5a46c2fe0af76f92c82f8d39a\"><br><strong>Intenciones<\/strong><\/h4>\n\n\n\n<ul class=\"wp-block-list\">\n<li>Por los docentes y los alumnos de nuestras comunidades educativas, sobre todo los m\u00e1s necesitados.<\/li>\n\n\n\n<li>Por los enfermos y discapacitados de nuestras comunidades.<\/li>\n\n\n\n<li>Por los menesianos, las obras y las nuevas vocaciones de la Delegaci\u00f3n del Congo.<\/li>\n\n\n\n<li>Para que esta Semana Santa sea una ocasi\u00f3n de renovaci\u00f3n espiritual.<\/li>\n\n\n\n<li>Por la comunidad del centro educativo San Dami\u00e1n de Villa G. G\u00e1lvez y la de Nanclares de la Oca.<\/li>\n\n\n\n<li>Para que seamos fieles a nuestra consagraci\u00f3n.<\/li>\n\n\n\n<li>Por la paz en el mundo.<\/li>\n<\/ul>\n\n\n\n<h4 class=\"wp-block-heading has-text-align-left has-vivid-red-color has-text-color has-link-color wp-elements-07c0421a576e3aae8d08ca3a27f247ac\"><br><strong>Regla de Vida 45a<\/strong><\/h4>\n\n\n\n<p class=\"has-text-align-left\"><em>Esp\u00edritu de pobreza evang\u00e9lica: <\/em><br>El Hermano puede progresar siempre en su pr\u00e1ctica personal del voto de pobreza. Hay muchas maneras de ser \u00abpobre de hecho y de esp\u00edritu\u00bb, siempre en relaci\u00f3n con la comunidad: &#8211; excluyendo no s\u00f3lo todo lo superfluo, sino a veces lo que es simplemente \u00fatil y agradable.<\/p>\n\n\n\n<h4 class=\"wp-block-heading has-text-align-left has-vivid-red-color has-text-color has-link-color wp-elements-5dc1cad60f97709f02338858f30d204c\"><br><strong>Al H. Hip\u00f3lito Morin, 31 de marzo de 1829<\/strong><\/h4>\n\n\n\n<p class=\"has-text-align-left\"><em>Miren lo que su Salvador ha hecho por ustedes y aprendan, lo que deben hacer por \u00c9l; los ha amado hasta derramar por su salvaci\u00f3n la \u00faltima gota de su sangre: \u00bfes demasiado sacrificarse un poco para servirlo?<\/em><\/p>\n\n\n\n<h4 class=\"wp-block-heading has-text-align-left has-vivid-red-color has-text-color has-link-color wp-elements-1cd4b724fdd0ffc35884cb45183847cc\"><br><strong>Difuntos<\/strong><\/h4>\n\n\n\n<p class=\"has-text-align-left\">1986: Charles Tr\u00e9mel (Charles-Firmin)<br>2002: Pierre Daniel (Laurentius-Joseph)<br>2011: Roger Senecal (Ermel)<\/p>\n","protected":false},"excerpt":{"rendered":"<p>APOSTOLADO DE LA ORACI\u00d3N Mes de abril Oremos por los sacerdotes que atraviesan momentos de crisis en su vocaci\u00f3n, para que encuentren el acompa\u00f1amiento necesario y sean sostenidos por sus comunidades con comprensi\u00f3n y oraci\u00f3n. Oraci\u00f3n Divino Coraz\u00f3n de Jes\u00fas,por medio del Coraz\u00f3n Inmaculado de Mar\u00eda,yo me consagro a tiy contigo me ofrezco a Dios &hellip; <a href=\"https:\/\/menesianosoy.org\/index.php\/2026\/03\/28\/miercoles-santo-6\/\" class=\"more-link\">Continue reading<span class=\"screen-reader-text\"> \u00abMi\u00e9rcoles Santo\u00bb<\/span><\/a><\/p>\n","protected":false},"author":3,"featured_media":0,"comment_status":"closed","ping_status":"closed","sticky":false,"template":"","format":"standard","meta":{"_acf_changed":false,"footnotes":""},"categories":[3],"tags":[],"class_list":["post-33798","post","type-post","status-publish","format-standard","hentry","category-calendario"],"acf":[],"_links":{"self":[{"href":"https:\/\/menesianosoy.org\/index.php\/wp-json\/wp\/v2\/posts\/33798","targetHints":{"allow":["GET"]}}],"collection":[{"href":"https:\/\/menesianosoy.org\/index.php\/wp-json\/wp\/v2\/posts"}],"about":[{"href":"https:\/\/menesianosoy.org\/index.php\/wp-json\/wp\/v2\/types\/post"}],"author":[{"embeddable":true,"href":"https:\/\/menesianosoy.org\/index.php\/wp-json\/wp\/v2\/users\/3"}],"replies":[{"embeddable":true,"href":"https:\/\/menesianosoy.org\/index.php\/wp-json\/wp\/v2\/comments?post=33798"}],"version-history":[{"count":6,"href":"https:\/\/menesianosoy.org\/index.php\/wp-json\/wp\/v2\/posts\/33798\/revisions"}],"predecessor-version":[{"id":33990,"href":"https:\/\/menesianosoy.org\/index.php\/wp-json\/wp\/v2\/posts\/33798\/revisions\/33990"}],"wp:attachment":[{"href":"https:\/\/menesianosoy.org\/index.php\/wp-json\/wp\/v2\/media?parent=33798"}],"wp:term":[{"taxonomy":"category","embeddable":true,"href":"https:\/\/menesianosoy.org\/index.php\/wp-json\/wp\/v2\/categories?post=33798"},{"taxonomy":"post_tag","embeddable":true,"href":"https:\/\/menesianosoy.org\/index.php\/wp-json\/wp\/v2\/tags?post=33798"}],"curies":[{"name":"wp","href":"https:\/\/api.w.org\/{rel}","templated":true}]}}