{"id":33815,"date":"2026-03-28T12:42:42","date_gmt":"2026-03-28T15:42:42","guid":{"rendered":"https:\/\/menesianosoy.org\/?p=33815"},"modified":"2026-03-28T16:58:51","modified_gmt":"2026-03-28T19:58:51","slug":"jueves-santo-2","status":"publish","type":"post","link":"https:\/\/menesianosoy.org\/index.php\/2026\/03\/28\/jueves-santo-2\/","title":{"rendered":"Jueves Santo"},"content":{"rendered":"\n<h4 class=\"wp-block-heading has-text-align-left has-vivid-red-color has-text-color has-link-color wp-elements-928acd076bc1bd75d81ed56dee592c7f\"><br><img loading=\"lazy\" decoding=\"async\" width=\"150\" height=\"128\" class=\"wp-image-22342\" style=\"width: 150px;\" src=\"https:\/\/menesianosoy.org\/wp-content\/uploads\/2025\/04\/1_-9_1apKVVAoZ1u3S9IysCQ.jpg\" alt=\"\" srcset=\"https:\/\/menesianosoy.org\/wp-content\/uploads\/2025\/04\/1_-9_1apKVVAoZ1u3S9IysCQ.jpg 400w, https:\/\/menesianosoy.org\/wp-content\/uploads\/2025\/04\/1_-9_1apKVVAoZ1u3S9IysCQ-300x255.jpg 300w\" sizes=\"auto, (max-width: 150px) 85vw, 150px\" \/><br><strong>Oraci\u00f3n<\/strong><\/h4>\n\n\n\n<p class=\"has-text-align-left\"><strong><em>Padre bueno,<br>te doy gracias por la vida,<br>regalo de tu amor.<br>Haz que la comparta con todos:<br>con mis hermanos, con mi familia,<br>con mis amigos,<br>tejiendo lazos como lo hizo Jes\u00fas.<br>Env\u00edame tu Esp\u00edritu Santo<br>para descubrir lo que quieres de m\u00ed.<br>Hazme cada d\u00eda m\u00e1s parecido a tu Hijo:<br>que sus sentimientos sean mis sentimientos,<br>que sus pensamientos<br>sean mis pensamientos,<br>que su proyecto sea mi proyecto,<br>que ame como \u00c9l am\u00f3.<br>Como a Mar\u00eda, Padre Bueno,<br>conc\u00e9denos a todos<br>un coraz\u00f3n d\u00f3cil a tu Palabra. Am\u00e9n<\/em><\/strong><\/p>\n\n\n\n<h4 class=\"wp-block-heading has-text-align-left has-vivid-red-color has-text-color has-link-color wp-elements-7deb30c5a46c2fe0af76f92c82f8d39a\"><br><strong>Intenciones<\/strong><\/h4>\n\n\n\n<ul class=\"wp-block-list\">\n<li>Para que nuevas vocaciones de Hermanos den vitalidad a la misi\u00f3n de la Congregaci\u00f3n. <\/li>\n\n\n\n<li>Por las vocaciones en nuestro Distrito, la comisi\u00f3n de Pastoral vocacional y la casa de El Alto.<\/li>\n\n\n\n<li>Para que nuestra vida sea una ofrenda agradable a Dios.<\/li>\n\n\n\n<li>Por el cumplea\u00f1os del H. <strong>Luis Alberto Ramos<\/strong> de la comunidad de Roma.<\/li>\n\n\n\n<li>Por la familia menesiana del colegio Cardenal Copello de Buenos Aires y la de Portugalete.<\/li>\n\n\n\n<li>Por los enfermos y discapacitados de nuestras comunidades.<\/li>\n<\/ul>\n\n\n\n<h4 class=\"wp-block-heading has-text-align-left has-vivid-red-color has-text-color has-link-color wp-elements-ead36053b352ad52bfad8d497dc80a4a\"><strong><br>Regla de Vida n\u00ba 45b<\/strong><\/h4>\n\n\n\n<p class=\"has-text-align-left\"><em>Esp\u00edritu de pobreza evang\u00e9lica: <\/em><br>&#8211; aceptar con alegr\u00eda ciertas formas de austeridad, las privaciones impuestas por las circunstancias, incluso la indigencia; <br>&#8211; liberar su coraz\u00f3n de los valores temporales: confort y comodidades, cargos y funciones, estima y \u00e9xito, realizaci\u00f3n cultural.<\/p>\n\n\n\n<h4 class=\"wp-block-heading has-text-align-left has-vivid-red-color has-text-color has-link-color wp-elements-8b9eddf3a7160151efdfc81abf9d3976\"><br><strong>A los j\u00f3venes. Serm\u00f3n sobre la comuni\u00f3n frecuente<\/strong><\/h4>\n\n\n\n<p class=\"has-text-align-left\"><em>Comulgar no es solo unir nuestro cuerpo al cuerpo sagrado de Nuestro Salvador; es tambi\u00e9n unir nuestro esp\u00edritu a su esp\u00edritu, nuestra alma a su alma. Y esta uni\u00f3n solo puede darse en la medida en que nos introducimos en los sentimientos de Jesucristo.<\/em><\/p>\n\n\n\n<h4 class=\"wp-block-heading has-text-align-left has-vivid-red-color has-text-color has-link-color wp-elements-1cd4b724fdd0ffc35884cb45183847cc\"><br><strong>Difuntos<\/strong><\/h4>\n\n\n\n<p class=\"has-text-align-left\">1937: <strong>C\u00e1stor Ram\u00edrez<\/strong> (<strong>Paulino<\/strong>). Naci\u00f3 en 1905 en Berberana (Burgos). Muri\u00f3 en el Gorbea durante la guerra. Est\u00e1 enterrado en Nanclares.<br>1976: Jean-Louis Menth\u00e9our (Cl\u00e9mentin-Marie)<br>1980: Henri Caudal (C\u00e9lerin)<br>1981: Rapha\u00ebl Delano\u00eb (C\u00e9saire)<br>2003: Palmasio Kalungi (Martin-Vianney)<\/p>\n\n\n\n<p class=\"has-text-align-left has-vivid-purple-background-color has-background\"><\/p>\n","protected":false},"excerpt":{"rendered":"<p>Oraci\u00f3n Padre bueno,te doy gracias por la vida,regalo de tu amor.Haz que la comparta con todos:con mis hermanos, con mi familia,con mis amigos,tejiendo lazos como lo hizo Jes\u00fas.Env\u00edame tu Esp\u00edritu Santopara descubrir lo que quieres de m\u00ed.Hazme cada d\u00eda m\u00e1s parecido a tu Hijo:que sus sentimientos sean mis sentimientos,que sus pensamientossean mis pensamientos,que su proyecto &hellip; <a href=\"https:\/\/menesianosoy.org\/index.php\/2026\/03\/28\/jueves-santo-2\/\" class=\"more-link\">Continue reading<span class=\"screen-reader-text\"> \u00abJueves Santo\u00bb<\/span><\/a><\/p>\n","protected":false},"author":3,"featured_media":0,"comment_status":"closed","ping_status":"closed","sticky":false,"template":"","format":"standard","meta":{"_acf_changed":false,"footnotes":""},"categories":[3],"tags":[],"class_list":["post-33815","post","type-post","status-publish","format-standard","hentry","category-calendario"],"acf":[],"_links":{"self":[{"href":"https:\/\/menesianosoy.org\/index.php\/wp-json\/wp\/v2\/posts\/33815","targetHints":{"allow":["GET"]}}],"collection":[{"href":"https:\/\/menesianosoy.org\/index.php\/wp-json\/wp\/v2\/posts"}],"about":[{"href":"https:\/\/menesianosoy.org\/index.php\/wp-json\/wp\/v2\/types\/post"}],"author":[{"embeddable":true,"href":"https:\/\/menesianosoy.org\/index.php\/wp-json\/wp\/v2\/users\/3"}],"replies":[{"embeddable":true,"href":"https:\/\/menesianosoy.org\/index.php\/wp-json\/wp\/v2\/comments?post=33815"}],"version-history":[{"count":6,"href":"https:\/\/menesianosoy.org\/index.php\/wp-json\/wp\/v2\/posts\/33815\/revisions"}],"predecessor-version":[{"id":33875,"href":"https:\/\/menesianosoy.org\/index.php\/wp-json\/wp\/v2\/posts\/33815\/revisions\/33875"}],"wp:attachment":[{"href":"https:\/\/menesianosoy.org\/index.php\/wp-json\/wp\/v2\/media?parent=33815"}],"wp:term":[{"taxonomy":"category","embeddable":true,"href":"https:\/\/menesianosoy.org\/index.php\/wp-json\/wp\/v2\/categories?post=33815"},{"taxonomy":"post_tag","embeddable":true,"href":"https:\/\/menesianosoy.org\/index.php\/wp-json\/wp\/v2\/tags?post=33815"}],"curies":[{"name":"wp","href":"https:\/\/api.w.org\/{rel}","templated":true}]}}