{"id":33867,"date":"2026-03-28T16:49:46","date_gmt":"2026-03-28T19:49:46","guid":{"rendered":"https:\/\/menesianosoy.org\/?p=33867"},"modified":"2026-03-29T16:00:00","modified_gmt":"2026-03-29T19:00:00","slug":"viernes-santo-2","status":"publish","type":"post","link":"https:\/\/menesianosoy.org\/index.php\/2026\/03\/28\/viernes-santo-2\/","title":{"rendered":"Viernes Santo"},"content":{"rendered":"\n<h4 class=\"wp-block-heading has-vivid-red-color has-text-color has-link-color wp-elements-013417d2bf001f67c9ba2c6908e0e073\"><br><img loading=\"lazy\" decoding=\"async\" width=\"150\" height=\"79\" class=\"wp-image-33711\" style=\"width: 150px;\" src=\"https:\/\/menesianosoy.org\/wp-content\/uploads\/2026\/03\/cv-216-la-necesidad-de-la-cruz.jpg\" alt=\"\" srcset=\"https:\/\/menesianosoy.org\/wp-content\/uploads\/2026\/03\/cv-216-la-necesidad-de-la-cruz.jpg 1200w, https:\/\/menesianosoy.org\/wp-content\/uploads\/2026\/03\/cv-216-la-necesidad-de-la-cruz-300x157.jpg 300w, https:\/\/menesianosoy.org\/wp-content\/uploads\/2026\/03\/cv-216-la-necesidad-de-la-cruz-1024x536.jpg 1024w, https:\/\/menesianosoy.org\/wp-content\/uploads\/2026\/03\/cv-216-la-necesidad-de-la-cruz-768x402.jpg 768w\" sizes=\"auto, (max-width: 150px) 85vw, 150px\" \/><\/h4>\n\n\n\n<h4 class=\"wp-block-heading has-vivid-red-color has-text-color has-link-color wp-elements-83d1c9bd51aaf021a37edffc50653932\"><strong>Oraci\u00f3n<\/strong><\/h4>\n\n\n\n<p class=\"has-text-align-left\"><strong><em>Se\u00f1or,<br>que puedas encontrar en nosotros<br>todas las perfecciones de tu Hijo,<br>que seamos,<br>en la medida que lo permita<br>la debilidad humana,<br>revestidos de Jesucristo,<br>que sigamos a Cristo<br>en todos sus caminos,<br>que juzguemos todas las cosas<br>como \u00e9l las juzga,<br>que amemos lo que \u00e9l ama,<br>que despreciemos lo que \u00e9l desprecia.<br>En una palabra,<br>que todos nuestros pensamientos<br>sean conformes a sus pensamientos<br>y que seamos su imagen viva. Am\u00e9n<br>(Juan Mar\u00eda)<\/em><\/strong><\/p>\n\n\n\n<h4 class=\"wp-block-heading has-text-align-left has-vivid-red-color has-text-color has-link-color wp-elements-7deb30c5a46c2fe0af76f92c82f8d39a\"><br><strong>Intenciones<\/strong><\/h4>\n\n\n\n<ul class=\"wp-block-list\">\n<li>Por la Pascua Juvenil que se lleva adelante en Villa Gobernador G\u00e1lvez.<\/li>\n\n\n\n<li>Por los que son perseguidos por su fe.<\/li>\n\n\n\n<li>Por los pa\u00edses donde reina la divisi\u00f3n, la violencia, la guerra.<\/li>\n\n\n\n<li>Por los que a\u00fan viven esclavizados en nuestro mundo.<\/li>\n\n\n\n<li>Por los enfermos y discapacitados de nuestras comunidades.<\/li>\n\n\n\n<li>Por la paz en el mundo.<\/li>\n<\/ul>\n\n\n\n<h4 class=\"wp-block-heading has-text-align-left has-vivid-red-color has-text-color has-link-color wp-elements-c4667e484aac079190ad30a8d406d542\"><br><strong>Regla de Vida n\u00ba 45c<\/strong><\/h4>\n\n\n\n<p class=\"has-text-align-left\"><em>Esp\u00edritu de pobreza evang\u00e9lica:<\/em> <br>&#8211; desterrar toda mentalidad de apropiaci\u00f3n y preocupaci\u00f3n exagerada por el ma\u00f1ana; <br>&#8211; poner voluntariamente tiempo y talento al servicio de los pobres.<\/p>\n\n\n\n<h4 class=\"wp-block-heading has-text-align-left has-vivid-red-color has-text-color has-link-color wp-elements-6fbe29c42d7ff58047aaca5f52ecce93\"><br><strong>Memorial, p. 28<\/strong><\/h4>\n\n\n\n<p class=\"has-text-align-left\"><em>Se me muestra la cruz y se me dice: \u00ab\u00a1Huye!\u00bb. No, no huir\u00e9; ir\u00e9 hacia adelante, tomar\u00e9 y estrechar\u00e9 la cruz, porque por la cruz he sido salvado. Oh cruz, mi \u00fanica esperanza, cruz divina, te abrazo en vida; en ti quiero morir.<\/em><\/p>\n\n\n\n<h4 class=\"wp-block-heading has-text-align-left has-vivid-red-color has-text-color has-link-color wp-elements-1cd4b724fdd0ffc35884cb45183847cc\"><br><strong>Difuntos<\/strong><\/h4>\n\n\n\n<p class=\"has-text-align-left\">1970: Gilles Bournival (Michel-Henri)<br>2014: Henri Bernier (Alban-Marie)<\/p>\n\n\n\n<p class=\"has-text-align-left has-vivid-purple-background-color has-background\"><\/p>\n","protected":false},"excerpt":{"rendered":"<p>Oraci\u00f3n Se\u00f1or,que puedas encontrar en nosotrostodas las perfecciones de tu Hijo,que seamos,en la medida que lo permitala debilidad humana,revestidos de Jesucristo,que sigamos a Cristoen todos sus caminos,que juzguemos todas las cosascomo \u00e9l las juzga,que amemos lo que \u00e9l ama,que despreciemos lo que \u00e9l desprecia.En una palabra,que todos nuestros pensamientossean conformes a sus pensamientosy que seamos &hellip; <a href=\"https:\/\/menesianosoy.org\/index.php\/2026\/03\/28\/viernes-santo-2\/\" class=\"more-link\">Continue reading<span class=\"screen-reader-text\"> \u00abViernes Santo\u00bb<\/span><\/a><\/p>\n","protected":false},"author":3,"featured_media":0,"comment_status":"closed","ping_status":"closed","sticky":false,"template":"","format":"standard","meta":{"_acf_changed":false,"footnotes":""},"categories":[3],"tags":[],"class_list":["post-33867","post","type-post","status-publish","format-standard","hentry","category-calendario"],"acf":[],"_links":{"self":[{"href":"https:\/\/menesianosoy.org\/index.php\/wp-json\/wp\/v2\/posts\/33867","targetHints":{"allow":["GET"]}}],"collection":[{"href":"https:\/\/menesianosoy.org\/index.php\/wp-json\/wp\/v2\/posts"}],"about":[{"href":"https:\/\/menesianosoy.org\/index.php\/wp-json\/wp\/v2\/types\/post"}],"author":[{"embeddable":true,"href":"https:\/\/menesianosoy.org\/index.php\/wp-json\/wp\/v2\/users\/3"}],"replies":[{"embeddable":true,"href":"https:\/\/menesianosoy.org\/index.php\/wp-json\/wp\/v2\/comments?post=33867"}],"version-history":[{"count":6,"href":"https:\/\/menesianosoy.org\/index.php\/wp-json\/wp\/v2\/posts\/33867\/revisions"}],"predecessor-version":[{"id":33945,"href":"https:\/\/menesianosoy.org\/index.php\/wp-json\/wp\/v2\/posts\/33867\/revisions\/33945"}],"wp:attachment":[{"href":"https:\/\/menesianosoy.org\/index.php\/wp-json\/wp\/v2\/media?parent=33867"}],"wp:term":[{"taxonomy":"category","embeddable":true,"href":"https:\/\/menesianosoy.org\/index.php\/wp-json\/wp\/v2\/categories?post=33867"},{"taxonomy":"post_tag","embeddable":true,"href":"https:\/\/menesianosoy.org\/index.php\/wp-json\/wp\/v2\/tags?post=33867"}],"curies":[{"name":"wp","href":"https:\/\/api.w.org\/{rel}","templated":true}]}}