{"id":33894,"date":"2026-03-28T17:25:38","date_gmt":"2026-03-28T20:25:38","guid":{"rendered":"https:\/\/menesianosoy.org\/?p=33894"},"modified":"2026-03-29T16:00:13","modified_gmt":"2026-03-29T19:00:13","slug":"sabado-santo-2","status":"publish","type":"post","link":"https:\/\/menesianosoy.org\/index.php\/2026\/03\/28\/sabado-santo-2\/","title":{"rendered":"S\u00e1bado Santo"},"content":{"rendered":"\n<h5 class=\"wp-block-heading has-text-align-left has-text-color has-link-color wp-elements-46da05326f27fc547cbb662131e08874\" style=\"color:#4e2773\"><br><strong>Liturgia de las horas: Rezamos con el tema ESPERANZA (p\u00e1gina 3)<\/strong><\/h5>\n\n\n\n<h4 class=\"wp-block-heading has-text-align-left has-vivid-red-color has-text-color has-link-color wp-elements-7deb30c5a46c2fe0af76f92c82f8d39a\"><br><strong>Intenciones<\/strong><\/h4>\n\n\n\n<ul class=\"wp-block-list\">\n<li>Por la Pascua Juvenil que se lleva adelante en Villa Gobernador G\u00e1lvez.<\/li>\n\n\n\n<li>Por los que esperan un ma\u00f1ana mejor para sus vidas.<\/li>\n\n\n\n<li>Por los pueblos que sufren la opresi\u00f3n de gobiernos tiranos.<\/li>\n\n\n\n<li>Para que la humanidad pueda forjar un futuro en paz y prosperidad para todos.<\/li>\n\n\n\n<li>Por los enfermos y discapacitados de nuestras comunidades.<\/li>\n\n\n\n<li>Por los menesianos, para que seamos portadores de esperanza en nuestros centros educativos.<\/li>\n\n\n\n<li>Por la paz en el mundo.<\/li>\n<\/ul>\n\n\n\n<h4 class=\"wp-block-heading has-text-align-left has-vivid-red-color has-text-color has-link-color wp-elements-20366256d4ce2f485ae837651c502737\"><br><strong>Regla de Vida n\u00ba 46<\/strong><\/h4>\n\n\n\n<p class=\"has-text-align-left\"><em>Bienes personales:<\/em><br>El Hermano conserva la nuda propiedad de su patrimonio y la capacidad de adquirir otros bienes por herencia o donaci\u00f3n; pero debe ceder la administraci\u00f3n, usufructo y uso de sus bienes a quien desee, incluso a su Instituto si lo prefiere. Esta cesi\u00f3n debe hacerse por escrito antes de su primera profesi\u00f3n, si ya tiene bienes, o cuando los adquiera.<\/p>\n\n\n\n<h4 class=\"wp-block-heading has-text-align-left has-vivid-red-color has-text-color has-link-color wp-elements-7ceb93fbd1c0c8ad18c72a845e9fd7c9\"><br><strong>A los sacerdotes de San M\u00e9en sobre la perfecci\u00f3n<\/strong><\/h4>\n\n\n\n<p class=\"has-text-align-left\"><img loading=\"lazy\" decoding=\"async\" width=\"150\" height=\"127\" class=\"wp-image-16112\" style=\"width: 150px;\" src=\"https:\/\/menesianosoy.org\/wp-content\/uploads\/2024\/09\/ppp.png\" alt=\"\" srcset=\"https:\/\/menesianosoy.org\/wp-content\/uploads\/2024\/09\/ppp.png 450w, https:\/\/menesianosoy.org\/wp-content\/uploads\/2024\/09\/ppp-300x254.png 300w\" sizes=\"auto, (max-width: 150px) 85vw, 150px\" \/><br><em>Oh Jes\u00fas m\u00edo, cuando te veo clavado en la cruz, cuando contemplo tu cuerpo maltratado y todo<br>ensangrentado, cuando cuento las espinas que traspasan tu cabeza, y cuando despu\u00e9s considero mi sensualidad, mi extrema sensibilidad, mi vergonzosa tibieza y ese temor tan vivo a todo lo que pueda afligir mi carne o quebrantar mi orgullo, \u00bfpuedo decir de verdad, oh Jes\u00fas m\u00edo, que soy tu disc\u00edpulo?<\/em><\/p>\n\n\n\n<h4 class=\"wp-block-heading has-text-align-left has-vivid-red-color has-text-color has-link-color wp-elements-1cd4b724fdd0ffc35884cb45183847cc\"><br><strong>Difuntos<\/strong><\/h4>\n\n\n\n<p class=\"has-text-align-left\">1982: L\u00e9on Delano\u00eb (Marie-Bernard)<br>2002: Jean-Paul Laneuville (Herm\u00e9n\u00e9gilde-Joseph)<br>2004: Constant Blandel (Ferr\u00e9ol)<br>2006: Jean Poull\u00e9laouen (Tugdual-Marie)<br>2007: Marcel Flouriot (Yves-Marcel)<br>2015: Marcel Guibert<\/p>\n","protected":false},"excerpt":{"rendered":"<p>Liturgia de las horas: Rezamos con el tema ESPERANZA (p\u00e1gina 3) Intenciones Regla de Vida n\u00ba 46 Bienes personales:El Hermano conserva la nuda propiedad de su patrimonio y la capacidad de adquirir otros bienes por herencia o donaci\u00f3n; pero debe ceder la administraci\u00f3n, usufructo y uso de sus bienes a quien desee, incluso a su &hellip; <a href=\"https:\/\/menesianosoy.org\/index.php\/2026\/03\/28\/sabado-santo-2\/\" class=\"more-link\">Continue reading<span class=\"screen-reader-text\"> \u00abS\u00e1bado Santo\u00bb<\/span><\/a><\/p>\n","protected":false},"author":3,"featured_media":0,"comment_status":"closed","ping_status":"closed","sticky":false,"template":"","format":"standard","meta":{"_acf_changed":false,"footnotes":""},"categories":[3],"tags":[],"class_list":["post-33894","post","type-post","status-publish","format-standard","hentry","category-calendario"],"acf":[],"_links":{"self":[{"href":"https:\/\/menesianosoy.org\/index.php\/wp-json\/wp\/v2\/posts\/33894","targetHints":{"allow":["GET"]}}],"collection":[{"href":"https:\/\/menesianosoy.org\/index.php\/wp-json\/wp\/v2\/posts"}],"about":[{"href":"https:\/\/menesianosoy.org\/index.php\/wp-json\/wp\/v2\/types\/post"}],"author":[{"embeddable":true,"href":"https:\/\/menesianosoy.org\/index.php\/wp-json\/wp\/v2\/users\/3"}],"replies":[{"embeddable":true,"href":"https:\/\/menesianosoy.org\/index.php\/wp-json\/wp\/v2\/comments?post=33894"}],"version-history":[{"count":5,"href":"https:\/\/menesianosoy.org\/index.php\/wp-json\/wp\/v2\/posts\/33894\/revisions"}],"predecessor-version":[{"id":33946,"href":"https:\/\/menesianosoy.org\/index.php\/wp-json\/wp\/v2\/posts\/33894\/revisions\/33946"}],"wp:attachment":[{"href":"https:\/\/menesianosoy.org\/index.php\/wp-json\/wp\/v2\/media?parent=33894"}],"wp:term":[{"taxonomy":"category","embeddable":true,"href":"https:\/\/menesianosoy.org\/index.php\/wp-json\/wp\/v2\/categories?post=33894"},{"taxonomy":"post_tag","embeddable":true,"href":"https:\/\/menesianosoy.org\/index.php\/wp-json\/wp\/v2\/tags?post=33894"}],"curies":[{"name":"wp","href":"https:\/\/api.w.org\/{rel}","templated":true}]}}