{"id":33909,"date":"2026-03-29T09:14:07","date_gmt":"2026-03-29T12:14:07","guid":{"rendered":"https:\/\/menesianosoy.org\/?p=33909"},"modified":"2026-03-29T16:01:07","modified_gmt":"2026-03-29T19:01:07","slug":"domingo-de-pascua-de-resurreccion-3","status":"publish","type":"post","link":"https:\/\/menesianosoy.org\/index.php\/2026\/03\/29\/domingo-de-pascua-de-resurreccion-3\/","title":{"rendered":"Domingo de Pascua de Resurrecci\u00f3n"},"content":{"rendered":"\n<h4 class=\"wp-block-heading has-vivid-red-color has-text-color has-link-color wp-elements-147a8078453413efde2d011af260ed58\"><br><strong>Oraci\u00f3n<\/strong><\/h4>\n\n\n\n<p class=\"has-text-align-left\"><strong><em>Se\u00f1or Jes\u00fas, al comenzar el d\u00eda,<br>te ofrecemos nuestra vida entera.<br>Que el amor fraterno reine entre todos<br>los que formamos comunidad.<br>Que cada uno se sienta feliz<br>con la alegr\u00eda de los dem\u00e1s,<br>y sufra con sus penas.<br>Que todos nos prestemos ayuda mutua<br>para ir a Dios y realizar su obra cada d\u00eda.<br>Que no existan jam\u00e1s entre nosotros<br>ni contiendas ni rivalidades,<br>ni secretas envidias, ni palabras duras.<br>Aparta de nosotros, Se\u00f1or, todo lo que hiere,<br>todo lo que divide,<br>todo lo que altera la caridad.<br>Haz, Se\u00f1or, que hoy y siempre<br>intentemos ayudarnos<br>unos a otros a ser santos.<br>Que todos vivamos hoy con dulzura,<br>paciencia, humildad<br>y fidelidad a tu Palabra.<br>(Regla de 1835)<\/em><\/strong><\/p>\n\n\n\n<h4 class=\"wp-block-heading has-text-align-left has-vivid-red-color has-text-color has-link-color wp-elements-7deb30c5a46c2fe0af76f92c82f8d39a\"><br><strong>Intenciones<\/strong><\/h4>\n\n\n\n<ul class=\"wp-block-list\">\n<li>Por la Pascua Juvenil que se lleva adelante en Villa Gobernador G\u00e1lvez.<\/li>\n\n\n\n<li>Por nuestros capellanes y los sacerdotes de nuestras parroquias.<\/li>\n\n\n\n<li>Por nuestros j\u00f3venes en formaci\u00f3n.<\/li>\n\n\n\n<li>Por el Papa, para que el Se\u00f1or lo fortalezca con su Esp\u00edritu y lo sostenga en su misi\u00f3n de guiar a la Iglesia.<\/li>\n\n\n\n<li>Por los enfermos y discapacitados de nuestras comunidades.<\/li>\n\n\n\n<li>Por los menesianos, las obras y las nuevas vocaciones de<\/li>\n\n\n\n<li>Por la comunidad de Sault-Saint-Louis, La Prairie (Canada).<\/li>\n<\/ul>\n\n\n\n<h4 class=\"wp-block-heading has-text-align-left has-vivid-red-color has-text-color has-link-color wp-elements-b2c3c861a0ad6e0ef98bd61b7ba30207\"><br><strong>Regla de Vida n\u00ba 46.1<\/strong><\/h4>\n\n\n\n<p class=\"has-text-align-left\"><em>Bienes personales:<\/em><br>El profeso puede realizar los actos de propiedad previstos por las leyes, siempre que lo haga con la autorizaci\u00f3n del Hermano Provincial o del Hermano Visitador.<\/p>\n\n\n\n<h4 class=\"wp-block-heading has-text-align-left has-vivid-red-color has-text-color has-link-color wp-elements-9f28fcce8f0cb8ad2ef0a95139bd054a\"><br><strong>Serm\u00f3n para la emisi\u00f3n de votos<\/strong><\/h4>\n\n\n\n<p class=\"has-text-align-left\"><em>Cuando Jesucristo, Nuestro Se\u00f1or, apareci\u00f3 por primera vez despu\u00e9s de su resurrecci\u00f3n en medio de sus disc\u00edpulos, \u00bfqu\u00e9 les dijo? \u201cLa paz sea con ustedes\u201d. Y estas son tambi\u00e9n las palabras que les dirijo, o m\u00e1s bien la promesa que les hago en este momento en que vienen a hacer al pie del santo altar sus primeros compromisos: Paz a ustedes.<\/em><\/p>\n\n\n\n<h4 class=\"wp-block-heading has-text-align-left has-vivid-red-color has-text-color has-link-color wp-elements-1cd4b724fdd0ffc35884cb45183847cc\"><br><strong>Difuntos<\/strong><\/h4>\n\n\n\n<p class=\"has-text-align-left\"><img loading=\"lazy\" decoding=\"async\" width=\"122\" height=\"149\" class=\"wp-image-11409\" style=\"width: 122px;\" src=\"https:\/\/menesianosoy.org\/wp-content\/uploads\/2024\/03\/Gaudencio.png\" alt=\"\"><br>1982: <strong>Gaudencio Arn\u00e1i<\/strong>z: Naci\u00f3 en Revilla de Pomar (Palencia) en 1903. Muri\u00f3 en Bialet Mass\u00e9.<br><br>1968: Joseph Besnard (Gabriel Ange)<br>1996: Napol\u00e9on Boisvert (Am\u00e9d\u00e9e-Joseph)<br>2000: <strong>Juan Jos\u00e9 Rioja<\/strong>: Naci\u00f3 en Bilbao el 19 de febrero de 1950. Muri\u00f3 en Bilbao.<br>2020:<strong> Miguel Angel Rom\u00e1n<\/strong>: Naci\u00f3 el 21 de enero de 1946 en Bilbao. Muri\u00f3 en Bilbao.<br>2021: Pierre Saint-Laurent (G\u00e9rard-Fran\u00e7ois) y Robert Gonneville.<\/p>\n","protected":false},"excerpt":{"rendered":"<p>Oraci\u00f3n Se\u00f1or Jes\u00fas, al comenzar el d\u00eda,te ofrecemos nuestra vida entera.Que el amor fraterno reine entre todoslos que formamos comunidad.Que cada uno se sienta felizcon la alegr\u00eda de los dem\u00e1s,y sufra con sus penas.Que todos nos prestemos ayuda mutuapara ir a Dios y realizar su obra cada d\u00eda.Que no existan jam\u00e1s entre nosotrosni contiendas ni &hellip; <a href=\"https:\/\/menesianosoy.org\/index.php\/2026\/03\/29\/domingo-de-pascua-de-resurreccion-3\/\" class=\"more-link\">Continue reading<span class=\"screen-reader-text\"> \u00abDomingo de Pascua de Resurrecci\u00f3n\u00bb<\/span><\/a><\/p>\n","protected":false},"author":3,"featured_media":0,"comment_status":"closed","ping_status":"closed","sticky":false,"template":"","format":"standard","meta":{"_acf_changed":false,"footnotes":""},"categories":[3],"tags":[],"class_list":["post-33909","post","type-post","status-publish","format-standard","hentry","category-calendario"],"acf":[],"_links":{"self":[{"href":"https:\/\/menesianosoy.org\/index.php\/wp-json\/wp\/v2\/posts\/33909","targetHints":{"allow":["GET"]}}],"collection":[{"href":"https:\/\/menesianosoy.org\/index.php\/wp-json\/wp\/v2\/posts"}],"about":[{"href":"https:\/\/menesianosoy.org\/index.php\/wp-json\/wp\/v2\/types\/post"}],"author":[{"embeddable":true,"href":"https:\/\/menesianosoy.org\/index.php\/wp-json\/wp\/v2\/users\/3"}],"replies":[{"embeddable":true,"href":"https:\/\/menesianosoy.org\/index.php\/wp-json\/wp\/v2\/comments?post=33909"}],"version-history":[{"count":10,"href":"https:\/\/menesianosoy.org\/index.php\/wp-json\/wp\/v2\/posts\/33909\/revisions"}],"predecessor-version":[{"id":33948,"href":"https:\/\/menesianosoy.org\/index.php\/wp-json\/wp\/v2\/posts\/33909\/revisions\/33948"}],"wp:attachment":[{"href":"https:\/\/menesianosoy.org\/index.php\/wp-json\/wp\/v2\/media?parent=33909"}],"wp:term":[{"taxonomy":"category","embeddable":true,"href":"https:\/\/menesianosoy.org\/index.php\/wp-json\/wp\/v2\/categories?post=33909"},{"taxonomy":"post_tag","embeddable":true,"href":"https:\/\/menesianosoy.org\/index.php\/wp-json\/wp\/v2\/tags?post=33909"}],"curies":[{"name":"wp","href":"https:\/\/api.w.org\/{rel}","templated":true}]}}