{"id":33959,"date":"2026-03-29T16:34:00","date_gmt":"2026-03-29T19:34:00","guid":{"rendered":"https:\/\/menesianosoy.org\/?p=33959"},"modified":"2026-03-29T16:49:21","modified_gmt":"2026-03-29T19:49:21","slug":"lunes-de-la-octava-de-pascua-4","status":"publish","type":"post","link":"https:\/\/menesianosoy.org\/index.php\/2026\/03\/29\/lunes-de-la-octava-de-pascua-4\/","title":{"rendered":"Lunes de la octava de Pascua"},"content":{"rendered":"\n<h5 class=\"wp-block-heading has-text-align-left has-text-color has-link-color wp-elements-07d7478f54776f1a4149726d017e4b96\" style=\"color:#41156a\"><strong>1933 &#8211; Apertura de la Comunidad del Colegio Sagrado Coraz\u00f3n en Tucum\u00e1n. Se trata de la primera implantaci\u00f3n en Argentina.<\/strong> <strong>Fueron los Hermanos Francisco Mar\u00eda Aparicio, Fernando Ruiz y Arc\u00e1ngel Mart\u00ednez.<\/strong><\/h5>\n\n\n\n<h4 class=\"wp-block-heading has-text-align-left has-vivid-red-color has-text-color has-link-color wp-elements-0d3bba1292b8030bef905a45afd13c8e\"><br><strong>Oraci\u00f3n<\/strong><\/h4>\n\n\n\n<p class=\"has-text-align-left\"><strong><em>Se\u00f1or Jes\u00fas,<br>T\u00fa que dijiste que todos sean uno,<br>te damos gracias por llamarnos a la unidad,<br>por desafiarnos a salir<br>de nuestros esquemas y seguridades.<br>Sabes de nuestras resistencias<br>e inseguridades,<br>sabes de nuestros sue\u00f1os y anhelos;<br>no te son desconocidas<br>nuestras limitaciones y pobrezas,<br>y tambi\u00e9n con ellas<br>quieres gestar la nueva realidad.<br>Nos confiamos a Mar\u00eda,<br>que sali\u00f3 a prisa al encuentro<br>de la vida que clama.<br>Haz de la familia menesiana<br>un cuerpo para la misi\u00f3n<br>que cuide y defienda la vida<br>de los m\u00e1s peque\u00f1os del sur.<br>Am\u00e9n.<\/em><\/strong><\/p>\n\n\n\n<h4 class=\"wp-block-heading has-text-align-left has-vivid-red-color has-text-color has-link-color wp-elements-7deb30c5a46c2fe0af76f92c82f8d39a\"><br><strong>Intenciones<\/strong><\/h4>\n\n\n\n<ul class=\"wp-block-list\">\n<li>Para que el mensaje de la Resurrecci\u00f3n resuene y sea motivo de alegr\u00eda  y compromiso en nuestros centros educativos.<\/li>\n\n\n\n<li>Por los laicos y Hermanos, las obras y proyectos de nuestro Distrito Divina Providencia.<\/li>\n\n\n\n<li>Por los enfermos y discapacitados de nuestros centros educativos.<\/li>\n\n\n\n<li>Para que nuevas vocaciones de Hermanos y laicos renueven nuestras comunidades.<\/li>\n\n\n\n<li>Por la paz en el mundo.<\/li>\n<\/ul>\n\n\n\n<h4 class=\"wp-block-heading has-text-align-left has-vivid-red-color has-text-color has-link-color wp-elements-867e7fcbacfd24883468d77430c07253\"><br><strong>Regla de Vida n\u00ba 47 y 47.1<\/strong><\/h4>\n\n\n\n<p class=\"has-text-align-left\"><em>Testamento:<\/em><br>Antes de su profesi\u00f3n perpetua o desde el momento en que adquiere bienes, el Hermano dispone libremente de sus bienes mediante testamento v\u00e1lido seg\u00fan el derecho civil. <br>Para modificar estas disposiciones administrativas o testamentarias, se requiere la autorizaci\u00f3n del Hermano Provincial o del Hermano Visitador.<\/p>\n\n\n\n<h4 class=\"wp-block-heading has-text-align-left has-vivid-red-color has-text-color has-link-color wp-elements-7f477009e0026e348405c296ac6a8f4b\"><br><strong>Memorial, p\u00e1g. 13<\/strong><\/h4>\n\n\n\n<p><em>Confiar en la misericordia es una raz\u00f3n para obtener misericordia.<\/em><\/p>\n\n\n\n<h4 class=\"wp-block-heading has-text-align-left has-vivid-red-color has-text-color has-link-color wp-elements-1cd4b724fdd0ffc35884cb45183847cc\"><br><strong>Difuntos<\/strong><\/h4>\n\n\n\n<p class=\"has-text-align-left\">1979: No\u00ebl St\u00e9phan (G\u00e9rard-No\u00ebl)<br>1992: Ernest Alarie (Gustave-Albert)<br>2008: Louis Seit\u00e9 (Ronan-Louis)<br>2012: Henri Carof (Henri-Marie)<br>2015: Jean-Pierre Boissiere<br>2025: F. Venant Paquette (Andr\u00e9-Venant)<\/p>\n","protected":false},"excerpt":{"rendered":"<p>1933 &#8211; Apertura de la Comunidad del Colegio Sagrado Coraz\u00f3n en Tucum\u00e1n. Se trata de la primera implantaci\u00f3n en Argentina. Fueron los Hermanos Francisco Mar\u00eda Aparicio, Fernando Ruiz y Arc\u00e1ngel Mart\u00ednez. Oraci\u00f3n Se\u00f1or Jes\u00fas,T\u00fa que dijiste que todos sean uno,te damos gracias por llamarnos a la unidad,por desafiarnos a salirde nuestros esquemas y seguridades.Sabes de &hellip; <a href=\"https:\/\/menesianosoy.org\/index.php\/2026\/03\/29\/lunes-de-la-octava-de-pascua-4\/\" class=\"more-link\">Continue reading<span class=\"screen-reader-text\"> \u00abLunes de la octava de Pascua\u00bb<\/span><\/a><\/p>\n","protected":false},"author":3,"featured_media":0,"comment_status":"closed","ping_status":"closed","sticky":false,"template":"","format":"standard","meta":{"_acf_changed":false,"footnotes":""},"categories":[3],"tags":[],"class_list":["post-33959","post","type-post","status-publish","format-standard","hentry","category-calendario"],"acf":[],"_links":{"self":[{"href":"https:\/\/menesianosoy.org\/index.php\/wp-json\/wp\/v2\/posts\/33959","targetHints":{"allow":["GET"]}}],"collection":[{"href":"https:\/\/menesianosoy.org\/index.php\/wp-json\/wp\/v2\/posts"}],"about":[{"href":"https:\/\/menesianosoy.org\/index.php\/wp-json\/wp\/v2\/types\/post"}],"author":[{"embeddable":true,"href":"https:\/\/menesianosoy.org\/index.php\/wp-json\/wp\/v2\/users\/3"}],"replies":[{"embeddable":true,"href":"https:\/\/menesianosoy.org\/index.php\/wp-json\/wp\/v2\/comments?post=33959"}],"version-history":[{"count":8,"href":"https:\/\/menesianosoy.org\/index.php\/wp-json\/wp\/v2\/posts\/33959\/revisions"}],"predecessor-version":[{"id":33971,"href":"https:\/\/menesianosoy.org\/index.php\/wp-json\/wp\/v2\/posts\/33959\/revisions\/33971"}],"wp:attachment":[{"href":"https:\/\/menesianosoy.org\/index.php\/wp-json\/wp\/v2\/media?parent=33959"}],"wp:term":[{"taxonomy":"category","embeddable":true,"href":"https:\/\/menesianosoy.org\/index.php\/wp-json\/wp\/v2\/categories?post=33959"},{"taxonomy":"post_tag","embeddable":true,"href":"https:\/\/menesianosoy.org\/index.php\/wp-json\/wp\/v2\/tags?post=33959"}],"curies":[{"name":"wp","href":"https:\/\/api.w.org\/{rel}","templated":true}]}}