{"id":34005,"date":"2026-04-06T09:23:05","date_gmt":"2026-04-06T12:23:05","guid":{"rendered":"https:\/\/menesianosoy.org\/?p=34005"},"modified":"2026-04-06T09:30:52","modified_gmt":"2026-04-06T12:30:52","slug":"martes-de-la-octava-de-pascua-6","status":"publish","type":"post","link":"https:\/\/menesianosoy.org\/index.php\/2026\/04\/06\/martes-de-la-octava-de-pascua-6\/","title":{"rendered":"Martes de la octava de Pascua"},"content":{"rendered":"\n<h4 class=\"wp-block-heading has-text-align-left has-vivid-red-color has-text-color has-link-color wp-elements-0d3bba1292b8030bef905a45afd13c8e\"><br><strong>Oraci\u00f3n<\/strong><\/h4>\n\n\n\n<p class=\"has-text-align-left\"><strong><em>Providencia de mi Dios,<br>oh madre, que tantas veces he invocado,<br>y a quien he ofrecido, consagrado,<br>entregado esta casa<br>y cuantos ha reunido en ella tu gracia.<br>Providencia siempre buena,<br>tan sabia, tan llena de piedad y amor<br>para con tus pobres criaturas;<br>te adoramos, te bendecimos,<br>nos abandonamos<br>en tus manos sin reserva.<br>Haz de nosotros todo lo que quieras.<br>S\u00f3lo deseamos<br>cumplir tu voluntad en todo:<br>En las humillaciones y en las grandezas,<br>en la pobreza y en la riqueza,<br>en la salud y en la enfermedad,<br>en la vida y en la muerte.<br>Providencia de mi Dios,<br>vela sobre tus hijos,<br>afi\u00e1nzanos, dir\u00edgenos.<br>S\u00e9 t\u00fa nuestra defensa,<br>nuestra gu\u00eda y nuestra esperanza.<br>\u00a1Dios S\u00f3lo en el tiempo!<br>\u00a1Dios S\u00f3lo en la eternidad!<br>\u00a1Dios S\u00f3lo en el d\u00eda de hoy!<br>En todo y en cada cosa,<br>\u00a1Dios S\u00f3lo!<\/em><\/strong><\/p>\n\n\n\n<h4 class=\"wp-block-heading has-text-align-left has-vivid-red-color has-text-color has-link-color wp-elements-7deb30c5a46c2fe0af76f92c82f8d39a\"><br><strong>Intenciones<\/strong><\/h4>\n\n\n\n<ul class=\"wp-block-list\">\n<li>Por los catequistas y agentes de pastoral de nuestros centros educativos.<\/li>\n\n\n\n<li>Por los enfermos y discapacitados de nuestras comunidades.<\/li>\n\n\n\n<li>Por los menesianos, las obras y las nuevas vocaciones del Distrito San Pedro Chanel (Tahit\u00ed &#8211; Islas Marquesas).<\/li>\n\n\n\n<li>Por la familia menesiana del colegio La Mennais de Montevideo y la de Berrio-Otxoa.<\/li>\n\n\n\n<li>Por las vocaciones de laicos y hermanos en nuestra congregaci\u00f3n.<\/li>\n\n\n\n<li>Por la paz en el mundo.<\/li>\n<\/ul>\n\n\n\n<h4 class=\"wp-block-heading has-text-align-left has-vivid-red-color has-text-color has-link-color wp-elements-976c51fb0b00eafa70e07c0a98cbdb88\"><br><strong>Regla de Vida n\u00ba 48<\/strong><\/h4>\n\n\n\n<p class=\"has-text-align-left\"><em>Renuncia a los bienes: <\/em><br>El Hermano profeso perpetuo que lo desee puede renunciar total o parcialmente a sus bienes patrimoniales. Esta renuncia no puede hacerse antes de cinco a\u00f1os de profesi\u00f3n perpetua y sin permiso previo del Hermano Superior general con el consentimiento de su Consejo.<br>En su decisi\u00f3n, el Hermano tiene en cuenta las conveniencias familiares, las necesidades de los pobres, las de su Instituto y las de la Iglesia.<\/p>\n\n\n\n<h4 class=\"wp-block-heading has-text-align-left has-vivid-red-color has-text-color has-link-color wp-elements-5a35fb34095ebab955607f8edae54048\"><br><strong>A la se\u00f1orita Marie Jallobert de Monville, 1813:<\/strong><\/h4>\n\n\n\n<p class=\"has-text-align-left\"><em>\u00bfQuieres adquirir una suavidad inalterable? Pi\u00e9rdete en Dios, es decir, deja que \u00e9l te gu\u00ede hasta en las cosas m\u00e1s peque\u00f1as. Camina siempre a la luz de su rostro.<\/em><\/p>\n\n\n\n<h4 class=\"wp-block-heading has-text-align-left has-vivid-red-color has-text-color has-link-color wp-elements-1cd4b724fdd0ffc35884cb45183847cc\"><br><strong>Difuntos<\/strong><\/h4>\n\n\n\n<p class=\"has-text-align-left\">1976: C\u00e9lestin Tregret (Cyprius-C\u00e9lestin)<br>1978: Donat Fontaine (Laurent-Marie)<br>2003: Fran\u00e7ois Goar\u00e9guer (Fran\u00e7ois-Adrien)<br>2005: Jean Le Doeuff (Laurent-Alain)<br>2023: Louis Pirot (Louis-Pierre)<\/p>\n","protected":false},"excerpt":{"rendered":"<p>Oraci\u00f3n Providencia de mi Dios,oh madre, que tantas veces he invocado,y a quien he ofrecido, consagrado,entregado esta casay cuantos ha reunido en ella tu gracia.Providencia siempre buena,tan sabia, tan llena de piedad y amorpara con tus pobres criaturas;te adoramos, te bendecimos,nos abandonamosen tus manos sin reserva.Haz de nosotros todo lo que quieras.S\u00f3lo deseamoscumplir tu voluntad &hellip; <a href=\"https:\/\/menesianosoy.org\/index.php\/2026\/04\/06\/martes-de-la-octava-de-pascua-6\/\" class=\"more-link\">Continue reading<span class=\"screen-reader-text\"> \u00abMartes de la octava de Pascua\u00bb<\/span><\/a><\/p>\n","protected":false},"author":3,"featured_media":0,"comment_status":"closed","ping_status":"closed","sticky":false,"template":"","format":"standard","meta":{"_acf_changed":false,"footnotes":""},"categories":[3],"tags":[],"class_list":["post-34005","post","type-post","status-publish","format-standard","hentry","category-calendario"],"acf":[],"_links":{"self":[{"href":"https:\/\/menesianosoy.org\/index.php\/wp-json\/wp\/v2\/posts\/34005","targetHints":{"allow":["GET"]}}],"collection":[{"href":"https:\/\/menesianosoy.org\/index.php\/wp-json\/wp\/v2\/posts"}],"about":[{"href":"https:\/\/menesianosoy.org\/index.php\/wp-json\/wp\/v2\/types\/post"}],"author":[{"embeddable":true,"href":"https:\/\/menesianosoy.org\/index.php\/wp-json\/wp\/v2\/users\/3"}],"replies":[{"embeddable":true,"href":"https:\/\/menesianosoy.org\/index.php\/wp-json\/wp\/v2\/comments?post=34005"}],"version-history":[{"count":5,"href":"https:\/\/menesianosoy.org\/index.php\/wp-json\/wp\/v2\/posts\/34005\/revisions"}],"predecessor-version":[{"id":34013,"href":"https:\/\/menesianosoy.org\/index.php\/wp-json\/wp\/v2\/posts\/34005\/revisions\/34013"}],"wp:attachment":[{"href":"https:\/\/menesianosoy.org\/index.php\/wp-json\/wp\/v2\/media?parent=34005"}],"wp:term":[{"taxonomy":"category","embeddable":true,"href":"https:\/\/menesianosoy.org\/index.php\/wp-json\/wp\/v2\/categories?post=34005"},{"taxonomy":"post_tag","embeddable":true,"href":"https:\/\/menesianosoy.org\/index.php\/wp-json\/wp\/v2\/tags?post=34005"}],"curies":[{"name":"wp","href":"https:\/\/api.w.org\/{rel}","templated":true}]}}