{"id":34031,"date":"2026-04-06T16:11:22","date_gmt":"2026-04-06T19:11:22","guid":{"rendered":"https:\/\/menesianosoy.org\/?p=34031"},"modified":"2026-04-06T16:20:20","modified_gmt":"2026-04-06T19:20:20","slug":"miercoles-de-la-octava-de-pascua-6","status":"publish","type":"post","link":"https:\/\/menesianosoy.org\/index.php\/2026\/04\/06\/miercoles-de-la-octava-de-pascua-6\/","title":{"rendered":"Mi\u00e9rcoles de la octava de Pascua"},"content":{"rendered":"\n<h4 class=\"wp-block-heading has-text-align-left has-vivid-red-color has-text-color has-link-color wp-elements-0d3bba1292b8030bef905a45afd13c8e\"><br><strong>Oraci\u00f3n<\/strong><\/h4>\n\n\n\n<p class=\"has-text-align-left\"><strong><em>Se\u00f1or Jes\u00fas,<br>T\u00fa que dijiste que todos sean uno,<br>te damos gracias por llamarnos a la unidad,<br>por desafiarnos a salir<br>de nuestros esquemas y seguridades.<br>Sabes de nuestras resistencias<br>e inseguridades,<br>sabes de nuestros sue\u00f1os y anhelos;<br>no te son desconocidas<br>nuestras limitaciones y pobrezas,<br>y tambi\u00e9n con ellas<br>quieres gestar la nueva realidad.<br>Nos confiamos a Mar\u00eda,<br>que sali\u00f3 a prisa al encuentro<br>de la vida que clama.<br>Haz de la familia menesiana<br>un cuerpo para la misi\u00f3n<br>que cuide y defienda la vida<br>de los m\u00e1s peque\u00f1os del sur.<br>Am\u00e9n.<\/em><\/strong><\/p>\n\n\n\n<h4 class=\"wp-block-heading has-text-align-left has-vivid-red-color has-text-color has-link-color wp-elements-7deb30c5a46c2fe0af76f92c82f8d39a\"><br><strong>Intenciones<\/strong><\/h4>\n\n\n\n<ul class=\"wp-block-list\">\n<li>Por los docentes y los alumnos de nuestras comunidades educativas, sobre todo los m\u00e1s necesitados.<\/li>\n\n\n\n<li>Por nuestros enfermos y discapacitados.<\/li>\n\n\n\n<li>Por los menesianos, las obras y las nuevas vocaciones del Distrito San Pablo (Togo &#8211; Senegal &#8211; Benin &#8211; Costa de Marfil).<\/li>\n\n\n\n<li>Por la familia menesiana del Dionisio D\u00edaz de Maldonado y la del Menesiano de Madrid.<\/li>\n\n\n\n<li>Para que seamos fieles a nuestra consagraci\u00f3n.<\/li>\n\n\n\n<li>Por la paz en el mundo.<\/li>\n<\/ul>\n\n\n\n<h4 class=\"wp-block-heading has-text-align-left has-vivid-red-color has-text-color has-link-color wp-elements-096e928f2d03e937603a6f03bc10bcfe\"><br><strong>Regla de Vida n\u00ba 49a<\/strong><\/h4>\n\n\n\n<p class=\"has-text-align-left\"><em>Comunidad de bienes y estilo de vida modesto:<\/em><br>Siguiendo el ejemplo de la primera comunidad cristiana, donde nadie reclamaba como suyo lo que le pertenec\u00eda, los Hermanos viven la puesta en com\u00fan de los bienes.<\/p>\n\n\n\n<h4 class=\"wp-block-heading has-text-align-left has-vivid-red-color has-text-color has-link-color wp-elements-0a2fbe1b959747f90f247287f24f6464\"><br><strong>Apertura del retiro a los Hermanos<\/strong><\/h4>\n\n\n\n<p class=\"has-text-align-left\"><em>Hijos m\u00edos, a\u00fan no han sido repartidas todas las palmas de los m\u00e1rtires, de los confesores de la fe, del celo apost\u00f3lico. Todav\u00eda quedan. Vayamos con alegr\u00eda al encuentro de aquellas que se nos ofrecen para conquistar; apresur\u00e9monos a apoderarnos de ellas; y si perseveramos hasta el fin, ser\u00e1n nuestras.<\/em><\/p>\n\n\n\n<h4 class=\"wp-block-heading has-text-align-left has-vivid-red-color has-text-color has-link-color wp-elements-1cd4b724fdd0ffc35884cb45183847cc\"><br><strong>Difuntos<\/strong><\/h4>\n\n\n\n<p class=\"has-text-align-left\">1986: Albert Lauzon (M\u00e9r\u00e9al-Marie)<br>1996: \u00c9mile Louis Chouinard (Eug\u00e8ne-Louis) y Gustave Vachon (Isidore-Julien)<br><img loading=\"lazy\" decoding=\"async\" width=\"150\" height=\"200\" class=\"wp-image-11509\" style=\"width: 150px;\" src=\"https:\/\/menesianosoy.org\/wp-content\/uploads\/2024\/04\/Luismi.jpg\" alt=\"\"><br>2016: <strong>Luis Miguel G\u00f3mez Quintano<\/strong>: Naci\u00f3 en Villorejo (Burgos) en 1956. Muri\u00f3 en Bilbao.<\/p>\n\n\n\n<p class=\"has-text-align-left has-vivid-cyan-blue-background-color has-background\"><\/p>\n","protected":false},"excerpt":{"rendered":"<p>Oraci\u00f3n Se\u00f1or Jes\u00fas,T\u00fa que dijiste que todos sean uno,te damos gracias por llamarnos a la unidad,por desafiarnos a salirde nuestros esquemas y seguridades.Sabes de nuestras resistenciase inseguridades,sabes de nuestros sue\u00f1os y anhelos;no te son desconocidasnuestras limitaciones y pobrezas,y tambi\u00e9n con ellasquieres gestar la nueva realidad.Nos confiamos a Mar\u00eda,que sali\u00f3 a prisa al encuentrode la vida &hellip; <a href=\"https:\/\/menesianosoy.org\/index.php\/2026\/04\/06\/miercoles-de-la-octava-de-pascua-6\/\" class=\"more-link\">Continue reading<span class=\"screen-reader-text\"> \u00abMi\u00e9rcoles de la octava de Pascua\u00bb<\/span><\/a><\/p>\n","protected":false},"author":3,"featured_media":0,"comment_status":"closed","ping_status":"closed","sticky":false,"template":"","format":"standard","meta":{"_acf_changed":false,"footnotes":""},"categories":[3],"tags":[],"class_list":["post-34031","post","type-post","status-publish","format-standard","hentry","category-calendario"],"acf":[],"_links":{"self":[{"href":"https:\/\/menesianosoy.org\/index.php\/wp-json\/wp\/v2\/posts\/34031","targetHints":{"allow":["GET"]}}],"collection":[{"href":"https:\/\/menesianosoy.org\/index.php\/wp-json\/wp\/v2\/posts"}],"about":[{"href":"https:\/\/menesianosoy.org\/index.php\/wp-json\/wp\/v2\/types\/post"}],"author":[{"embeddable":true,"href":"https:\/\/menesianosoy.org\/index.php\/wp-json\/wp\/v2\/users\/3"}],"replies":[{"embeddable":true,"href":"https:\/\/menesianosoy.org\/index.php\/wp-json\/wp\/v2\/comments?post=34031"}],"version-history":[{"count":6,"href":"https:\/\/menesianosoy.org\/index.php\/wp-json\/wp\/v2\/posts\/34031\/revisions"}],"predecessor-version":[{"id":34041,"href":"https:\/\/menesianosoy.org\/index.php\/wp-json\/wp\/v2\/posts\/34031\/revisions\/34041"}],"wp:attachment":[{"href":"https:\/\/menesianosoy.org\/index.php\/wp-json\/wp\/v2\/media?parent=34031"}],"wp:term":[{"taxonomy":"category","embeddable":true,"href":"https:\/\/menesianosoy.org\/index.php\/wp-json\/wp\/v2\/categories?post=34031"},{"taxonomy":"post_tag","embeddable":true,"href":"https:\/\/menesianosoy.org\/index.php\/wp-json\/wp\/v2\/tags?post=34031"}],"curies":[{"name":"wp","href":"https:\/\/api.w.org\/{rel}","templated":true}]}}