{"id":34052,"date":"2026-04-06T16:54:14","date_gmt":"2026-04-06T19:54:14","guid":{"rendered":"https:\/\/menesianosoy.org\/?p=34052"},"modified":"2026-04-06T17:00:16","modified_gmt":"2026-04-06T20:00:16","slug":"jueves-de-la-octava-de-pascua-4","status":"publish","type":"post","link":"https:\/\/menesianosoy.org\/index.php\/2026\/04\/06\/jueves-de-la-octava-de-pascua-4\/","title":{"rendered":"Jueves de la octava de Pascua"},"content":{"rendered":"\n<h4 class=\"wp-block-heading has-text-align-left has-vivid-red-color has-text-color has-link-color wp-elements-0d3bba1292b8030bef905a45afd13c8e\"><br><strong>Oraci\u00f3n<\/strong><\/h4>\n\n\n\n<p class=\"has-text-align-left\"><strong><em>Padre bueno,<br>te doy gracias por la vida,<br>regalo de tu amor.<br>Haz que la comparta con todos:<br>con mis hermanos, con mi familia,<br>con mis amigos,<br>tejiendo lazos como lo hizo Jes\u00fas.<br>Env\u00edame tu Esp\u00edritu Santo<br>para descubrir lo que quieres de m\u00ed.<br>Hazme cada d\u00eda m\u00e1s parecido a tu Hijo:<br>que sus sentimientos sean mis sentimientos,<br>que sus pensamientos<br>sean mis pensamientos,<br>que su proyecto sea mi proyecto,<br>que ame como \u00c9l am\u00f3.<br>Como a Mar\u00eda, Padre Bueno,<br>conc\u00e9denos a todos<br>un coraz\u00f3n d\u00f3cil a tu Palabra. Am\u00e9n<\/em><\/strong><\/p>\n\n\n\n<h4 class=\"wp-block-heading has-text-align-left has-vivid-red-color has-text-color has-link-color wp-elements-7deb30c5a46c2fe0af76f92c82f8d39a\"><br><strong>Intenciones<\/strong><\/h4>\n\n\n\n<ul class=\"wp-block-list\">\n<li>Por las vocaciones en nuestro Distrito, la comisi\u00f3n de Pastoral vocacional y la casa de El Alto.<\/li>\n\n\n\n<li>Por el cumplea\u00f1os del H. <strong>Josu Olabarrieta<\/strong> (1948) de la comunidad de la comunidad de Portugalete.<\/li>\n\n\n\n<li>Por los equipos de administraci\u00f3n de nuestros centros educativos.<\/li>\n\n\n\n<li>Por los enfermos y discapacitados de nuestras comunidades.<\/li>\n\n\n\n<li>Por la familia menesiana de Huatusco (M\u00e9xico) y la de Nanclares de la Oca.<\/li>\n\n\n\n<li>Por los menesianos, las obras y las nuevas vocaciones de la Provincia San Miguel Arc\u00e1ngel (Kenia &#8211; Tanzania).<\/li>\n<\/ul>\n\n\n\n<h4 class=\"wp-block-heading has-text-align-left has-vivid-red-color has-text-color has-link-color wp-elements-9b36dd513689c9bcd1d39b3ded8ba806\"><br><strong>Regla de Vida n\u00ba 49b<\/strong><\/h4>\n\n\n\n<p class=\"has-text-align-left\"><em>Comunidad de bienes y estilo de vida modesto:<\/em><br>Este poner en com\u00fan y compartir los bienes es un elemento esencial de la pobreza religiosa. Permite a los Hermanos, conscientes de los estrechos lazos que los unen, practicar la solidaridad y asegurar la vida del Instituto y de sus obras.<\/p>\n\n\n\n<h4 class=\"wp-block-heading has-text-align-left has-vivid-red-color has-text-color has-link-color wp-elements-804ea8f66046b07721dae1d69cffcde5\"><br><strong>Al se\u00f1or Querret, 29 de marzo de 1814<\/strong><\/h4>\n\n\n\n<p class=\"has-text-align-left\"><em>La sabidur\u00eda, como la felicidad, consiste s\u00f3lo en ver a Dios y ver s\u00f3lo a Dios en todo.<\/em><\/p>\n\n\n\n<h4 class=\"wp-block-heading has-text-align-left has-vivid-red-color has-text-color has-link-color wp-elements-1cd4b724fdd0ffc35884cb45183847cc\"><br><strong>Difuntos<\/strong><\/h4>\n\n\n\n<p class=\"has-text-align-left\">1974: Cleridan Lafortune (Am\u00e9lius)<br>1993: Arthur H\u00e9on (Cyrille)<br>2011: Andr\u00e9 Bergeron (G\u00e9rard-Robert)<\/p>\n","protected":false},"excerpt":{"rendered":"<p>Oraci\u00f3n Padre bueno,te doy gracias por la vida,regalo de tu amor.Haz que la comparta con todos:con mis hermanos, con mi familia,con mis amigos,tejiendo lazos como lo hizo Jes\u00fas.Env\u00edame tu Esp\u00edritu Santopara descubrir lo que quieres de m\u00ed.Hazme cada d\u00eda m\u00e1s parecido a tu Hijo:que sus sentimientos sean mis sentimientos,que sus pensamientossean mis pensamientos,que su proyecto &hellip; <a href=\"https:\/\/menesianosoy.org\/index.php\/2026\/04\/06\/jueves-de-la-octava-de-pascua-4\/\" class=\"more-link\">Continue reading<span class=\"screen-reader-text\"> \u00abJueves de la octava de Pascua\u00bb<\/span><\/a><\/p>\n","protected":false},"author":3,"featured_media":0,"comment_status":"closed","ping_status":"closed","sticky":false,"template":"","format":"standard","meta":{"_acf_changed":false,"footnotes":""},"categories":[3],"tags":[],"class_list":["post-34052","post","type-post","status-publish","format-standard","hentry","category-calendario"],"acf":[],"_links":{"self":[{"href":"https:\/\/menesianosoy.org\/index.php\/wp-json\/wp\/v2\/posts\/34052","targetHints":{"allow":["GET"]}}],"collection":[{"href":"https:\/\/menesianosoy.org\/index.php\/wp-json\/wp\/v2\/posts"}],"about":[{"href":"https:\/\/menesianosoy.org\/index.php\/wp-json\/wp\/v2\/types\/post"}],"author":[{"embeddable":true,"href":"https:\/\/menesianosoy.org\/index.php\/wp-json\/wp\/v2\/users\/3"}],"replies":[{"embeddable":true,"href":"https:\/\/menesianosoy.org\/index.php\/wp-json\/wp\/v2\/comments?post=34052"}],"version-history":[{"count":3,"href":"https:\/\/menesianosoy.org\/index.php\/wp-json\/wp\/v2\/posts\/34052\/revisions"}],"predecessor-version":[{"id":34057,"href":"https:\/\/menesianosoy.org\/index.php\/wp-json\/wp\/v2\/posts\/34052\/revisions\/34057"}],"wp:attachment":[{"href":"https:\/\/menesianosoy.org\/index.php\/wp-json\/wp\/v2\/media?parent=34052"}],"wp:term":[{"taxonomy":"category","embeddable":true,"href":"https:\/\/menesianosoy.org\/index.php\/wp-json\/wp\/v2\/categories?post=34052"},{"taxonomy":"post_tag","embeddable":true,"href":"https:\/\/menesianosoy.org\/index.php\/wp-json\/wp\/v2\/tags?post=34052"}],"curies":[{"name":"wp","href":"https:\/\/api.w.org\/{rel}","templated":true}]}}