{"id":34070,"date":"2026-04-06T17:22:16","date_gmt":"2026-04-06T20:22:16","guid":{"rendered":"https:\/\/menesianosoy.org\/?p=34070"},"modified":"2026-04-09T21:17:29","modified_gmt":"2026-04-10T00:17:29","slug":"viernes-de-la-octava-de-pascua-2","status":"publish","type":"post","link":"https:\/\/menesianosoy.org\/index.php\/2026\/04\/06\/viernes-de-la-octava-de-pascua-2\/","title":{"rendered":"Viernes de la octava de Pascua"},"content":{"rendered":"\n<h4 class=\"wp-block-heading has-text-align-left has-vivid-red-color has-text-color has-link-color wp-elements-0d3bba1292b8030bef905a45afd13c8e\"><br><strong>Oraci\u00f3n<\/strong><\/h4>\n\n\n\n<p class=\"has-text-align-left\"><strong><em>Se\u00f1or, que has dicho:<br>&#8216;Dejen que los ni\u00f1os vengan a M\u00ed&#8217;.<br>T\u00fa me has inspirado el deseo<br>de dedicar mi vida<br>a los ni\u00f1os y j\u00f3venes<br>para llevarlos a Ti.<br>D\u00edgnate bendecir mi vocaci\u00f3n,<br>as\u00edsteme en mis trabajos de hoy,<br>derrama sobre m\u00ed,<br>sobre todos mis hermanos<br>y sobre todos los que trabajamos<br>en esta obra educativa,<br>el esp\u00edritu de fortaleza,<br>de caridad y de humildad,<br>para que nada nos aparte<br>de tu servicio.<br>Haz que hoy cumpla con celo<br>el ministerio educativo<br>al que me has consagrado.<br>Hazme perseverar hasta el fin<br>para alcanzar as\u00ed<br>la salvaci\u00f3n que nos<br>has prometido. Am\u00e9n<\/em><\/strong><\/p>\n\n\n\n<h4 class=\"wp-block-heading has-text-align-left has-vivid-red-color has-text-color has-link-color wp-elements-7deb30c5a46c2fe0af76f92c82f8d39a\"><br><strong>Intenciones<\/strong><\/h4>\n\n\n\n<ul class=\"wp-block-list\">\n<li>Por las misiones en la Iglesia.<\/li>\n\n\n\n<li>Por los pa\u00edses donde reina la divisi\u00f3n, la violencia, la guerra.<\/li>\n\n\n\n<li>Por los que a\u00fan viven esclavizados en nuestro mundo.<\/li>\n\n\n\n<li>Por los enfermos y discapacitados de nuestras comunidades.<\/li>\n\n\n\n<li>Por la familia menesiana de San Borja&nbsp;y la de Larantuka.<\/li>\n\n\n\n<li>Por los menesianos, las obras y las nuevas vocaciones de la Provincia San Juan Bautista (Francia &#8211; Inglaterra &#8211; Italia)<\/li>\n\n\n\n<li>Por la paz en el mundo.<\/li>\n<\/ul>\n\n\n\n<h4 class=\"wp-block-heading has-text-align-left has-vivid-red-color has-text-color has-link-color wp-elements-320c327d69ad7a70f7c99d1c2fb8d797\"><br><strong>Regla de Vida n\u00ba 49c<\/strong><\/h4>\n\n\n\n<p class=\"has-text-align-left\"><em>Comunidad de bienes y estilo de vida modesto:<\/em><br>Todo lo que corresponde a los Hermanos por raz\u00f3n de su trabajo o que reciben en forma de donativos, pensiones, seguros o de cualquier otro modo, pertenece de derecho al Instituto y debe, por tanto, serle fiel y prontamente entregado, seg\u00fan las normas propias de cada Provincia o Distrito.<\/p>\n\n\n\n<h4 class=\"wp-block-heading has-text-align-left has-vivid-red-color has-text-color has-link-color wp-elements-bfc0b3d3a4c5ce847d2d3955d4009fc3\"><br><strong>A los miembros de los grupos juveniles. Renovaci\u00f3n del acto de consagraci\u00f3n a la Virgen<\/strong><\/h4>\n\n\n\n<p class=\"has-text-align-left\"><em>Dios ya no los ve como hombres aislados, sino que los considera en todo el cuerpo del que son parte; las riquezas espirituales de sus hermanos les pertenecen, y lo que no tienen lo encuentran en esta misteriosa unidad.<\/em><\/p>\n\n\n\n<h4 class=\"wp-block-heading has-text-align-left has-vivid-red-color has-text-color has-link-color wp-elements-1cd4b724fdd0ffc35884cb45183847cc\"><br><strong>Difuntos<\/strong><\/h4>\n\n\n\n<p class=\"has-text-align-left\">1968: Ren\u00e9 Chefdor (Gaston) e Yves Thomas (Dieudonn\u00e9-\u00c9tienne)<br>1977: Pierre Cochard (Rogatien-Pierre)<br>1978: Honor\u00e9 C\u00f4t\u00e9 (Adolphe-Joseph)<br>1979: L\u00e9o Jacques (Louis-Georges)<br>1985: Denis Pocard (Rodrigue)<br>1990: \u00c9mile Leduc (G\u00e9rard-Joseph)<br>2013: L\u00e9opold Sarrazin (L\u00e9opold-Eug\u00e8ne)<br><img decoding=\"async\" class=\"wp-image-34133\" style=\"width: 150px;\" src=\"https:\/\/menesianosoy.org\/wp-content\/uploads\/2026\/04\/Daniel-Caron.jpg\" alt=\"\"><br><strong>Daniel Caron<\/strong>, de la comunidad de Alfred, USA. \u00daltimo hermano fallecido.<\/p>\n\n\n\n<p class=\"has-text-align-left has-vivid-cyan-blue-background-color has-background\"><\/p>\n","protected":false},"excerpt":{"rendered":"<p>Oraci\u00f3n Se\u00f1or, que has dicho:&#8216;Dejen que los ni\u00f1os vengan a M\u00ed&#8217;.T\u00fa me has inspirado el deseode dedicar mi vidaa los ni\u00f1os y j\u00f3venespara llevarlos a Ti.D\u00edgnate bendecir mi vocaci\u00f3n,as\u00edsteme en mis trabajos de hoy,derrama sobre m\u00ed,sobre todos mis hermanosy sobre todos los que trabajamosen esta obra educativa,el esp\u00edritu de fortaleza,de caridad y de humildad,para que &hellip; <a href=\"https:\/\/menesianosoy.org\/index.php\/2026\/04\/06\/viernes-de-la-octava-de-pascua-2\/\" class=\"more-link\">Continue reading<span class=\"screen-reader-text\"> \u00abViernes de la octava de Pascua\u00bb<\/span><\/a><\/p>\n","protected":false},"author":3,"featured_media":0,"comment_status":"closed","ping_status":"closed","sticky":false,"template":"","format":"standard","meta":{"_acf_changed":false,"footnotes":""},"categories":[3],"tags":[],"class_list":["post-34070","post","type-post","status-publish","format-standard","hentry","category-calendario"],"acf":[],"_links":{"self":[{"href":"https:\/\/menesianosoy.org\/index.php\/wp-json\/wp\/v2\/posts\/34070","targetHints":{"allow":["GET"]}}],"collection":[{"href":"https:\/\/menesianosoy.org\/index.php\/wp-json\/wp\/v2\/posts"}],"about":[{"href":"https:\/\/menesianosoy.org\/index.php\/wp-json\/wp\/v2\/types\/post"}],"author":[{"embeddable":true,"href":"https:\/\/menesianosoy.org\/index.php\/wp-json\/wp\/v2\/users\/3"}],"replies":[{"embeddable":true,"href":"https:\/\/menesianosoy.org\/index.php\/wp-json\/wp\/v2\/comments?post=34070"}],"version-history":[{"count":7,"href":"https:\/\/menesianosoy.org\/index.php\/wp-json\/wp\/v2\/posts\/34070\/revisions"}],"predecessor-version":[{"id":34166,"href":"https:\/\/menesianosoy.org\/index.php\/wp-json\/wp\/v2\/posts\/34070\/revisions\/34166"}],"wp:attachment":[{"href":"https:\/\/menesianosoy.org\/index.php\/wp-json\/wp\/v2\/media?parent=34070"}],"wp:term":[{"taxonomy":"category","embeddable":true,"href":"https:\/\/menesianosoy.org\/index.php\/wp-json\/wp\/v2\/categories?post=34070"},{"taxonomy":"post_tag","embeddable":true,"href":"https:\/\/menesianosoy.org\/index.php\/wp-json\/wp\/v2\/tags?post=34070"}],"curies":[{"name":"wp","href":"https:\/\/api.w.org\/{rel}","templated":true}]}}